{"id":5236,"date":"2023-07-14T21:28:27","date_gmt":"2023-07-15T00:28:27","guid":{"rendered":"https:\/\/www.ambito.com\/uruguay\/como-es-el-proyecto-que-analiza-el-gobierno-fraccionar-la-licencia-laboral-n5770864"},"modified":"2023-07-14T21:28:27","modified_gmt":"2023-07-15T00:28:27","slug":"como-es-el-proyecto-que-analiza-el-gobierno-para-fraccionar-la-licencia-laboral","status":"publish","type":"post","link":"https:\/\/infolanus.com\/index.php\/2023\/07\/14\/como-es-el-proyecto-que-analiza-el-gobierno-para-fraccionar-la-licencia-laboral\/","title":{"rendered":"\u00bfC\u00f3mo es el proyecto que analiza el gobierno para fraccionar la licencia laboral?"},"content":{"rendered":"<p><!-- { REGION4 --> <\/p>\n<header class=\"news-headline\">\n<div class=\"news-headline__topics-and-date-wrapper\"> <span class=\"news-headline__publication-date\"> 14 de julio 2023 &#8211; 21:28 <\/span><\/div>\n<h2 class=\"news-headline__article-summary\">\tEl ministro Pablo Mieres present\u00f3 una iniciativa para que los trabajadores tengan mayor flexibilidad a la hora de tomarse vacaciones. <\/h2>\n<\/header>\n<div class=\"detail-highlighted-multimedia content-protected-false\">\n<figure class=\"detail-highlighted-multimedia__figure\"> <img data-recalc-dims=\"1\" loading=\"lazy\" decoding=\"async\" src=\"https:\/\/i0.wp.com\/media.ambito.com\/p\/0cae541d460caf3e7a155a1d03058328\/adjuntos\/351\/imagenes\/040\/590\/0040590961\/655x368\/smart\/empleojpg.jpg?resize=640%2C427&#038;ssl=1\" class=\"detail-highlighted-multimedia__figure-img img-fluid\" alt=\"Mieres present\u00f3 un proyecto para que se permita fraccionar la licencia laboral.\" width=\"640\" height=\"427\"><figcaption class=\"detail-highlighted-multimedia__figcaption\" readability=\"-24\"> <span class=\"detail-highlighted-multimedia__copyright\">Pexels<\/span><\/figcaption><\/figure>\n<\/div>\n<article class=\"article-body article-body--first-paragraph content-protected-false\" data-td-script-src=\"https:\/\/www.ambito.com\/td\/modulos\/encuestas\/js\/function-embeds-min-version-1660312119.js\" readability=\"26.065306122449\">\n<p>El gobierno present\u00f3 un anteproyecto para modificar el fraccionamiento de las <strong>licencias laborales <\/strong>con un r\u00e9gimen que contempla el consenso entre empleados y empresarios, seg\u00fan anticip\u00f3 el <a href=\"https:\/\/www.ambito.com\/uruguay\/el-ministro-mieres-pone-condiciones-una-reduccion-la-jornada-laboral-n5745496\" target=\"_blank\" rel=\"follow noopener\">ministro de Trabajo y Seguridad Social,<\/a> <strong>Pablo Mieres.<\/strong><\/p>\n<\/article>\n<article class=\"article-body article-body--second-paragraph content-protected-false\" readability=\"28.776978417266\">\n<p>Tras una reuni\u00f3n del <a href=\"https:\/\/www.ambito.com\/uruguay\/el-ministerio-trabajo-presento-las-pautas-la-10-ronda-del-consejo-salarios-n5757752\" target=\"_blank\" rel=\"follow noopener\">Consejo Superior Tripartito,<\/a> el titular del MTSS exhibi\u00f3 la iniciativa a representantes de ambos sectores, que consta en que <strong>\u201c10 de los 20 d\u00edas se deban tomar de manera continua\u201d, <\/strong>con la posibilidad de que el resto se pueda <strong>convenir entre las partes.<\/strong><\/p>\n<\/article>\n<section class=\"related-news\"><span class=\"related-news__title\"> Informate m\u00e1s<\/span> <\/p>\n<div class=\"row row--eq-height\">\n<div class=\"col-12 col-md-6\">\n<article class=\"news-article news-article--landscape-news news-article--landscape-news\">\n<figure class=\"news-article__figure figure\"> <a href=\"https:\/\/www.ambito.com\/uruguay\/los-desafios-del-empleo-n5737904\" target title=\"\u00e1mbito.com | Los desaf\u00edos del empleo\" alt=\"\u00e1mbito.com | Los desaf\u00edos del empleo\" rel=\"noindex nofollow noreferrer\"> <img loading=\"lazy\" decoding=\"async\" src=\"https:\/\/www.ambito.com\/css-custom\/351\/lazy.svg\" data-td-src-property=\"https:\/\/media.ambito.com\/p\/c3e69147975b21f4a20acb3d3108418f\/adjuntos\/351\/imagenes\/040\/713\/0040713416\/93x52\/smart\/obra-trabajadora-cosntruccion-obreros-trabajo-empleo.jpg\" alt=\"los desafios del empleo\" title=\"los desafios del empleo\" width=\"93\" height=\"52\" class=\"news-article__figure-img figure-img img-fluid\"> <\/a><\/figure>\n<\/article><\/div>\n<div class=\"col-12 col-md-6\">\n<article class=\"news-article news-article--landscape-news news-article--landscape-news\">\n<figure class=\"news-article__figure figure\"> <a href=\"https:\/\/www.ambito.com\/uruguay\/el-ministerio-trabajo-presento-las-pautas-la-10-ronda-del-consejo-salarios-n5757752\" target title=\"\u00e1mbito.com | El Ministerio de Trabajo present\u00f3 las pautas para la 10\u00b0 Ronda del Consejo de Salarios\" alt=\"\u00e1mbito.com | El Ministerio de Trabajo present\u00f3 las pautas para la 10\u00b0 Ronda del Consejo de Salarios\" rel=\"noindex nofollow noreferrer\"> <img loading=\"lazy\" decoding=\"async\" src=\"https:\/\/www.ambito.com\/css-custom\/351\/lazy.svg\" data-td-src-property=\"https:\/\/media.ambito.com\/p\/898a17a4ed3c2888abd97b0c160f2952\/adjuntos\/351\/imagenes\/040\/702\/0040702033\/93x52\/smart\/consejo-salarios-negociaciones-colectivas.jpg\" alt=\"En el segundo semestre se negociar\u00e1n los ajustes salariales en Uruguay.\" title=\"En el segundo semestre se negociar\u00e1n los ajustes salariales en Uruguay.\" width=\"93\" height=\"52\" class=\"news-article__figure-img figure-img img-fluid\"> <\/a><\/figure>\n<\/article><\/div>\n<\/div>\n<\/section>\n<article class=\"article-body article-body--third-paragraph content-protected-false\" readability=\"32\">\n<p> Mieres ratific\u00f3 la voluntad de que el proyecto avance en el <strong>Parlamento <\/strong>y, al argumentar a favor, expres\u00f3 que <strong>\u201ces una pr\u00e1ctica muy extendida <\/strong>en el mundo de las relaciones laborales\u201d, aunque contrapuso que <strong>\u201cla norma hoy establece la obligatoriedad <\/strong>de gozarla de forma completa\u201d.<\/p>\n<\/article>\n<article class=\"article-body article-body--fourth-paragraph content-protected-false\" readability=\"32\">\n<p>Al ahondar en la propuesta, el jerarca postul\u00f3 que \u201c10 de los 20 d\u00edas se deban tomar necesariamente de manera continua, pero que los otros restantes se puedan tomar <strong>de manera fraccionada&#8221;, <\/strong>quien habl\u00f3 del esp\u00edritu de alinear la norma al uso.<\/p>\n<\/article>\n<article class=\"article-body article-body--remaining-paragraph content-protected-false\" readability=\"41.245746691871\">\n<h2>Mieres present\u00f3 otro proyecto sobre salud y seguridad laboral<\/h2>\n<p>Adem\u00e1s del proyecto que tiene que ver <a href=\"https:\/\/www.ambito.com\/uruguay\/como-se-calcula-el-salario-vacacional-n5643536#:~:text=Los%20empleadores%20deber%C3%A1n%20abonar%20el,correspondientes%E2%80%9D%2C%20se%C3%B1ala%20la%20normativa.\" target=\"_blank\" rel=\"follow noopener\">con las vacaciones,<\/a> Mieres present\u00f3 el anteproyecto referido a la ratificaci\u00f3n del Convenio Internacional de Trabajo 187, referido a la <strong>salud y seguridad laboral <\/strong>como un derecho fundamental. Puntualmente, plantea &#8220;la distinci\u00f3n de las horas de los trabajadores destinadas a la representaci\u00f3n sindical de las destinadas a las comisiones de salud y seguridad, de manera tal de que primero sean acordadas por consenso entre empleador y trabajador y que luego se consideren de forma distinta&#8221;.<\/p>\n<p>Mieres afirm\u00f3 que &#8220;el gobierno tiene todas las facultades para enviar los proyectos al Parlamento y para dictar los decretos correspondientes\u201d, pero valor\u00f3 el <strong>consenso <\/strong>entre las partes. \u201cVamos a <strong>esperar dos semanas <\/strong>para recibir los aportes tanto de trabajadores como empleadores&#8221;, sostuvo. De todos modos, aclar\u00f3 que esas reflexiones no son vinculantes y dijo que &#8220;es la voluntad del Gobierno presentar estas iniciativas para que se conviertan en normas&#8221;.<\/p>\n<\/article>\n<p> <!-- REGION4 } --> <\/p>\n","protected":false},"excerpt":{"rendered":"<p>14 de julio 2023 &#8211; 21:28 El ministro Pablo Mieres present\u00f3 una iniciativa para que los trabajadores tengan mayor flexibilidad a la hora de tomarse vacaciones. Pexels El gobierno present\u00f3 un anteproyecto para modificar el fraccionamiento de las licencias laborales con un r\u00e9gimen que contempla el consenso entre empleados y empresarios, seg\u00fan anticip\u00f3 el ministro [&hellip;]<\/p>\n","protected":false},"author":2,"featured_media":5237,"comment_status":"closed","ping_status":"closed","sticky":false,"template":"","format":"standard","meta":{"jetpack_post_was_ever_published":false,"_jetpack_newsletter_access":"","_jetpack_dont_email_post_to_subs":false,"_jetpack_newsletter_tier_id":0,"_jetpack_memberships_contains_paywalled_content":false,"_jetpack_memberships_contains_paid_content":false,"footnotes":"","jetpack_publicize_message":"","jetpack_publicize_feature_enabled":true,"jetpack_social_post_already_shared":true,"jetpack_social_options":{"image_generator_settings":{"template":"highway","enabled":false},"version":2}},"categories":[20],"tags":[1286],"class_list":["post-5236","post","type-post","status-publish","format-standard","has-post-thumbnail","hentry","category-mundo","tag-mundo"],"jetpack_publicize_connections":[],"jetpack_featured_media_url":"https:\/\/i0.wp.com\/infolanus.com\/wp-content\/uploads\/2023\/07\/como-es-el-proyecto-que-analiza-el-gobierno-para-fraccionar-la-licencia-laboral.png?fit=655%2C368&ssl=1","jetpack_sharing_enabled":true,"jetpack_shortlink":"https:\/\/wp.me\/p9QtMr-1ms","_links":{"self":[{"href":"https:\/\/infolanus.com\/index.php\/wp-json\/wp\/v2\/posts\/5236","targetHints":{"allow":["GET"]}}],"collection":[{"href":"https:\/\/infolanus.com\/index.php\/wp-json\/wp\/v2\/posts"}],"about":[{"href":"https:\/\/infolanus.com\/index.php\/wp-json\/wp\/v2\/types\/post"}],"author":[{"embeddable":true,"href":"https:\/\/infolanus.com\/index.php\/wp-json\/wp\/v2\/users\/2"}],"replies":[{"embeddable":true,"href":"https:\/\/infolanus.com\/index.php\/wp-json\/wp\/v2\/comments?post=5236"}],"version-history":[{"count":0,"href":"https:\/\/infolanus.com\/index.php\/wp-json\/wp\/v2\/posts\/5236\/revisions"}],"wp:featuredmedia":[{"embeddable":true,"href":"https:\/\/infolanus.com\/index.php\/wp-json\/wp\/v2\/media\/5237"}],"wp:attachment":[{"href":"https:\/\/infolanus.com\/index.php\/wp-json\/wp\/v2\/media?parent=5236"}],"wp:term":[{"taxonomy":"category","embeddable":true,"href":"https:\/\/infolanus.com\/index.php\/wp-json\/wp\/v2\/categories?post=5236"},{"taxonomy":"post_tag","embeddable":true,"href":"https:\/\/infolanus.com\/index.php\/wp-json\/wp\/v2\/tags?post=5236"}],"curies":[{"name":"wp","href":"https:\/\/api.w.org\/{rel}","templated":true}]}}