{"id":5244,"date":"2023-07-15T21:21:47","date_gmt":"2023-07-16T00:21:47","guid":{"rendered":"https:\/\/www.ambito.com\/uruguay\/las-exportaciones-leche-se-incrementaron-un-7-interanual-el-primer-semestre-n5771198"},"modified":"2023-07-15T21:21:47","modified_gmt":"2023-07-16T00:21:47","slug":"las-exportaciones-de-leche-se-incrementaron-un-7-interanual-en-el-primer-semestre","status":"publish","type":"post","link":"https:\/\/infolanus.com\/index.php\/2023\/07\/15\/las-exportaciones-de-leche-se-incrementaron-un-7-interanual-en-el-primer-semestre\/","title":{"rendered":"Las exportaciones de leche se incrementaron un 7% interanual en el primer semestre"},"content":{"rendered":"<p><!-- { REGION4 --> <\/p>\n<header class=\"news-headline\">\n<div class=\"news-headline__topics-and-date-wrapper\"> <span class=\"news-headline__publication-date\"> 15 de julio 2023 &#8211; 21:21 <\/span><\/div>\n<h2 class=\"news-headline__article-summary\">\tLas colocaciones fueron por 445,1 millones de d\u00f3lares, impulsadas por la leche en polvo y los quesos, seg\u00fan datos del Inale. <\/h2>\n<\/header>\n<div class=\"detail-highlighted-multimedia content-protected-false\">\n<figure class=\"detail-highlighted-multimedia__figure\"> <img data-recalc-dims=\"1\" loading=\"lazy\" decoding=\"async\" src=\"https:\/\/i0.wp.com\/media.ambito.com\/p\/c3dc16231cb51e3c83bd84ab744ecb0c\/adjuntos\/351\/imagenes\/040\/718\/0040718477\/655x368\/smart\/conaprole-leche-polvo-exportaciones.jpg?resize=640%2C427&#038;ssl=1\" class=\"detail-highlighted-multimedia__figure-img img-fluid\" alt=\"Las exportaciones de leche crecieron 7% interanual en el primer semestre.\" width=\"640\" height=\"427\"><figcaption class=\"detail-highlighted-multimedia__figcaption\" readability=\"-24\"> <span class=\"detail-highlighted-multimedia__copyright\">Foto: Lama\u00f1ana.uy<\/span><\/figcaption><\/figure>\n<\/div>\n<article class=\"article-body article-body--first-paragraph content-protected-false\" data-td-script-src=\"https:\/\/www.ambito.com\/td\/modulos\/encuestas\/js\/function-embeds-min-version-1660312092.js\" readability=\"28.672354948805\">\n<p>Las <strong>exportaciones de leche <\/strong>se incrementaron un <strong>7% <\/strong>en el primer semestre del a\u00f1o si se compara con igual per\u00edodo de 2022, de acuerdo a datos del <strong>Instituto Nacional de la Leche (Inale),<\/strong> a pesar del efecto que tuvo en ese per\u00edodo el <a href=\"https:\/\/www.ambito.com\/uruguay\/el-conflicto-conaprole-perdidas-millonarias-y-atrasos-china-n5731103\" target=\"_blank\" rel=\"follow noopener\">conflicto de Conaprole<\/a> entre el sindicato y los empresarios.<\/p>\n<\/article>\n<article class=\"article-body article-body--second-paragraph content-protected-false\" readability=\"28.057627118644\">\n<p>La situaci\u00f3n se produjo en un escenario en el que hubo una <strong>ca\u00edda en los vol\u00famenes <\/strong>de los productos l\u00e1cteos que export\u00f3 el pa\u00eds, en un per\u00edodo marcado por el conflicto en Conaprole, aunque los <a href=\"https:\/\/www.ambito.com\/uruguay\/el-precio-la-leche-medido-dolares-esta-cerca-superar-su-record-historico-n5758157\" target=\"_blank\" rel=\"follow noopener\">ingresos medidos en d\u00f3lares <\/a>se vieron impulsados por una mejora en los precios internacionales.<\/p>\n<\/article>\n<section class=\"related-news\"> <span class=\"related-news__title\">Informate m\u00e1s<\/span> <\/p>\n<div class=\"row row--eq-height\">\n<div class=\"col-12 col-md-6\">\n<article class=\"news-article news-article--landscape-news news-article--landscape-news\">\n<figure class=\"news-article__figure figure\"> <a href=\"https:\/\/www.ambito.com\/uruguay\/el-sector-lacteo-impulsa-un-plan-aumentar-100-la-produccion-n5742810\" target title=\"\u00e1mbito.com | El sector l\u00e1cteo impulsa un plan para aumentar 100% la producci\u00f3n\" alt=\"\u00e1mbito.com | El sector l\u00e1cteo impulsa un plan para aumentar 100% la producci\u00f3n\" rel=\"noindex nofollow noreferrer\"> <img loading=\"lazy\" decoding=\"async\" src=\"https:\/\/www.ambito.com\/css-custom\/351\/lazy.svg\" data-td-src-property=\"https:\/\/media.ambito.com\/p\/58b3dd80f3cacf3a19239a5d0f0728ee\/adjuntos\/351\/imagenes\/040\/421\/0040421216\/93x52\/smart\/vaca-lechera.jpg\" alt=\"El Inale impulsa un plan para duplicar la producci\u00f3n de leche de Uruguay en los pr\u00f3ximos 12 a\u00f1os.\" title=\"El Inale impulsa un plan para duplicar la producci\u00f3n de leche de Uruguay en los pr\u00f3ximos 12 a\u00f1os.\" width=\"93\" height=\"52\" class=\"news-article__figure-img figure-img img-fluid\"> <\/a><\/figure>\n<\/article><\/div>\n<div class=\"col-12 col-md-6\">\n<article class=\"news-article news-article--landscape-news news-article--landscape-news\">\n<figure class=\"news-article__figure figure\"> <a href=\"https:\/\/www.ambito.com\/uruguay\/conflicto-conaprole-productores-leche-piden-leyes-multas-evitar-paros-n5737364\" target title=\"\u00e1mbito.com | Conflicto de Conaprole: productores de leche piden leyes con multas para evitar paros\" alt=\"\u00e1mbito.com | Conflicto de Conaprole: productores de leche piden leyes con multas para evitar paros\" rel=\"noindex nofollow noreferrer\"> <img loading=\"lazy\" decoding=\"async\" src=\"https:\/\/www.ambito.com\/css-custom\/351\/lazy.svg\" data-td-src-property=\"https:\/\/media.ambito.com\/p\/9b7bafec438ff8507290d928e15a563e\/adjuntos\/351\/imagenes\/040\/718\/0040718477\/93x52\/smart\/conaprole-leche-polvo-exportaciones.jpg\" alt=\"Los productores de leche de Uruguay piden leyes para multar a trabajadores de Conaprole ante determinados paros.\" title=\"Los productores de leche de Uruguay piden leyes para multar a trabajadores de Conaprole ante determinados paros.\" width=\"93\" height=\"52\" class=\"news-article__figure-img figure-img img-fluid\"> <\/a><\/figure>\n<\/article><\/div>\n<\/div>\n<\/section>\n<article class=\"article-body article-body--third-paragraph content-protected-false\" readability=\"35\">\n<p> De acuerdo al informe del Inale, las exportaciones del sector fueron por <strong>445,1 millones de d\u00f3lares <\/strong>en lo que va del a\u00f1o, lo que equivale a un 7% m\u00e1s que durante el per\u00edodo que va entre enero y junio de 2022. A su vez, precis\u00f3 que los principales destinos durante los \u00faltimos 12 meses fueron <strong>Brasil (44%), Argelia (15%) y China (6%).<\/strong><\/p>\n<\/article>\n<article class=\"article-body article-body--fourth-paragraph content-protected-false\" readability=\"36.592592592593\">\n<h2> \u00bfCu\u00e1les fueron los productos que m\u00e1s ingresos generaron?<\/h2>\n<p>Al analizar por producto, la <a href=\"https:\/\/www.ambito.com\/uruguay\/mantendria-su-puesto-como-segundo-exportador-leche-polvo-n5619954\" target=\"_blank\" rel=\"follow noopener\"> leche en polvo <\/a>fue una vez m\u00e1s la estrella del sector, generando en junio ingresos por <strong>47,5 millones de d\u00f3lares, <\/strong>que en el primer semestre llegaron a <strong>294,2 millones de d\u00f3lares, <\/strong>un crecimiento interanual de <strong>25%. <\/strong>De hecho, se exportaron 12.179 toneladas, un 31% m\u00e1s que el a\u00f1o anterior.<\/p>\n<\/article>\n<article class=\"article-body article-body--remaining-paragraph content-protected-false\" readability=\"51\">\n<p>En tanto, la <strong>leche en polvo descremada <\/strong>tuvo ventas al exterior por 5 millones de d\u00f3lares, un descenso de 57% comparado con los 222,1 millones de d\u00f3lares de hace un a\u00f1o atr\u00e1s. En cuanto a vol\u00famenes, registr\u00f3 colocaciones por 1.287 toneladas en junio y lleva 5.992 toneladas en el a\u00f1o, ca\u00edda tambi\u00e9n del orden del 57%.<\/p>\n<p>A su vez, las exportaciones de <strong>quesos <\/strong>fueron por 8,4 millones de d\u00f3lares en junio y de 59,4 millones de d\u00f3lares en lo que va del a\u00f1o, con un crecimiento de 14%, mientras que hubo un descenso en vol\u00famenes de 3%, con 1.854 toneladas en junio y 11.481 en el semestre. Las <strong>mantecas <\/strong>tambi\u00e9n reportaron un descenso del 41%, al vender 3,3 millones de d\u00f3lares en junio y 27 millones de d\u00f3lares en el a\u00f1o, representando 648 toneladas y 5.057, respectivamente, lo que equivale a una merma del 42%.<\/p>\n<\/article>\n<p> <!-- REGION4 } --> <\/p>\n","protected":false},"excerpt":{"rendered":"<p>15 de julio 2023 &#8211; 21:21 Las colocaciones fueron por 445,1 millones de d\u00f3lares, impulsadas por la leche en polvo y los quesos, seg\u00fan datos del Inale. Foto: Lama\u00f1ana.uy Las exportaciones de leche se incrementaron un 7% en el primer semestre del a\u00f1o si se compara con igual per\u00edodo de 2022, de acuerdo a datos [&hellip;]<\/p>\n","protected":false},"author":2,"featured_media":5245,"comment_status":"closed","ping_status":"closed","sticky":false,"template":"","format":"standard","meta":{"jetpack_post_was_ever_published":false,"_jetpack_newsletter_access":"","_jetpack_dont_email_post_to_subs":false,"_jetpack_newsletter_tier_id":0,"_jetpack_memberships_contains_paywalled_content":false,"_jetpack_memberships_contains_paid_content":false,"footnotes":"","jetpack_publicize_message":"","jetpack_publicize_feature_enabled":true,"jetpack_social_post_already_shared":true,"jetpack_social_options":{"image_generator_settings":{"template":"highway","enabled":false},"version":2}},"categories":[20],"tags":[1286],"class_list":["post-5244","post","type-post","status-publish","format-standard","has-post-thumbnail","hentry","category-mundo","tag-mundo"],"jetpack_publicize_connections":[],"jetpack_featured_media_url":"https:\/\/i0.wp.com\/infolanus.com\/wp-content\/uploads\/2023\/07\/las-exportaciones-de-leche-se-incrementaron-un-7-interanual-en-el-primer-semestre.jpg?fit=655%2C368&ssl=1","jetpack_sharing_enabled":true,"jetpack_shortlink":"https:\/\/wp.me\/p9QtMr-1mA","_links":{"self":[{"href":"https:\/\/infolanus.com\/index.php\/wp-json\/wp\/v2\/posts\/5244","targetHints":{"allow":["GET"]}}],"collection":[{"href":"https:\/\/infolanus.com\/index.php\/wp-json\/wp\/v2\/posts"}],"about":[{"href":"https:\/\/infolanus.com\/index.php\/wp-json\/wp\/v2\/types\/post"}],"author":[{"embeddable":true,"href":"https:\/\/infolanus.com\/index.php\/wp-json\/wp\/v2\/users\/2"}],"replies":[{"embeddable":true,"href":"https:\/\/infolanus.com\/index.php\/wp-json\/wp\/v2\/comments?post=5244"}],"version-history":[{"count":0,"href":"https:\/\/infolanus.com\/index.php\/wp-json\/wp\/v2\/posts\/5244\/revisions"}],"wp:featuredmedia":[{"embeddable":true,"href":"https:\/\/infolanus.com\/index.php\/wp-json\/wp\/v2\/media\/5245"}],"wp:attachment":[{"href":"https:\/\/infolanus.com\/index.php\/wp-json\/wp\/v2\/media?parent=5244"}],"wp:term":[{"taxonomy":"category","embeddable":true,"href":"https:\/\/infolanus.com\/index.php\/wp-json\/wp\/v2\/categories?post=5244"},{"taxonomy":"post_tag","embeddable":true,"href":"https:\/\/infolanus.com\/index.php\/wp-json\/wp\/v2\/tags?post=5244"}],"curies":[{"name":"wp","href":"https:\/\/api.w.org\/{rel}","templated":true}]}}