{"id":5250,"date":"2023-07-16T21:13:30","date_gmt":"2023-07-17T00:13:30","guid":{"rendered":"https:\/\/www.ambito.com\/uruguay\/upm-2-la-zona-franca-durazno-impulso-las-exportaciones-madera-junio-n5771746"},"modified":"2023-07-16T21:13:30","modified_gmt":"2023-07-17T00:13:30","slug":"upm-2-la-zona-franca-durazno-impulso-las-exportaciones-de-madera-en-junio","status":"publish","type":"post","link":"https:\/\/infolanus.com\/index.php\/2023\/07\/16\/upm-2-la-zona-franca-durazno-impulso-las-exportaciones-de-madera-en-junio\/","title":{"rendered":"UPM 2: la Zona Franca Durazno impuls\u00f3 las exportaciones de madera en junio"},"content":{"rendered":"<p><!-- { REGION4 --> <\/p>\n<header class=\"news-headline\">\n<div class=\"news-headline__topics-and-date-wrapper\"> <span class=\"news-headline__publication-date\"> 16 de julio 2023 &#8211; 21:13 <\/span><\/div>\n<h2 class=\"news-headline__article-summary\">\tLas colocaciones de eucaliptus contin\u00faan aumentando y las de pino crecieron luego de caer por cuatro meses consecutivos. <\/h2>\n<\/header>\n<div class=\"detail-highlighted-multimedia content-protected-false\">\n<figure class=\"detail-highlighted-multimedia__figure\"> <img data-recalc-dims=\"1\" loading=\"lazy\" decoding=\"async\" src=\"https:\/\/i0.wp.com\/media.ambito.com\/p\/720907e7eecfd1b764a6d55d5263902b\/adjuntos\/351\/imagenes\/040\/846\/0040846817\/655x368\/smart\/madera-forestal-uruguay-bosque.jpg?resize=640%2C480&#038;ssl=1\" class=\"detail-highlighted-multimedia__figure-img img-fluid\" alt=\"En diciembre de 2022 se registraron los primeros env\u00edos de madera a la Zona Franca Durazno, donde opera UPM 2.\" width=\"640\" height=\"480\"><figcaption class=\"detail-highlighted-multimedia__figcaption\" readability=\"-23\"> <span class=\"detail-highlighted-multimedia__copyright\">Foto: Presidencia<\/span><\/figcaption><\/figure>\n<\/div>\n<article class=\"article-body article-body--first-paragraph content-protected-false\" data-td-script-src=\"https:\/\/www.ambito.com\/td\/modulos\/encuestas\/js\/function-embeds-min-version-1660312119.js\" readability=\"29.373134328358\">\n<p><a href=\"https:\/\/www.ambito.com\/uruguay\/comenzaron-los-envios-madera-la-zona-franca-upm-durazno-n5634440\" target=\"_blank\" rel=\"follow noopener\">La <strong>Zona Franca Durazno<\/strong><\/a>, lugar donde opera la planta de celulosa finlandesa <strong> UPM 2<\/strong>, impuls\u00f3 las exportaciones madereras durante el pasado mes de junio, donde <strong>las ventas de rollizos de eucaliptus crecen a ritmo r\u00e9cord y registraron un incremento mensual cercano al 12%<\/strong>.<\/p>\n<\/article>\n<article class=\"article-body article-body--second-paragraph content-protected-false\" readability=\"29.907407407407\">\n<p>En el segundo trimestre del a\u00f1o el volumen de <a href=\"https:\/\/www.ambito.com\/uruguay\/la-facturacion-exportaciones-eucaliptus-aumento-un-886-interanual-n5677579\" target=\"_blank\" rel=\"follow noopener\">exportaciones de rollizos de eucaliptus<\/a> continu\u00f3 la tendencia alcista del primer trimestre y volvi\u00f3 a crecer. Solo en junio, <strong>se exportaron 1,85 millones de metros c\u00fabicos<\/strong>, representando un incremento del 9% a lo exportado en mayo, y del <strong>172% a lo exportado en junio de 2022<\/strong>.<\/p>\n<\/article>\n<section class=\"related-news\"> <span class=\"related-news__title\">Informate m\u00e1s<\/span> <\/p>\n<div class=\"row row--eq-height\">\n<div class=\"col-12 col-md-6\">\n<article class=\"news-article news-article--landscape-news news-article--landscape-news\">\n<figure class=\"news-article__figure figure\"> <a href=\"https:\/\/www.ambito.com\/uruguay\/las-exportaciones-pino-se-derrumbaron-un-57-interanual-n5655520\" target title=\"\u00e1mbito.com | Las exportaciones de pino se derrumbaron un 57% interanual\" alt=\"\u00e1mbito.com | Las exportaciones de pino se derrumbaron un 57% interanual\" rel=\"noindex nofollow noreferrer\"> <img loading=\"lazy\" decoding=\"async\" src=\"https:\/\/www.ambito.com\/css-custom\/351\/lazy.svg\" data-td-src-property=\"https:\/\/media.ambito.com\/p\/9dcba417c6c694ae573eb7d1fc83ff60\/adjuntos\/351\/imagenes\/040\/511\/0040511160\/93x52\/smart\/pino-madera-maderero-exportaciones.jpg\" alt=\"La demanda de productos madereros contin\u00faa escasa.\" title=\"La demanda de productos madereros contin\u00faa escasa.\" width=\"93\" height=\"52\" class=\"news-article__figure-img figure-img img-fluid\"> <\/a><\/figure>\n<\/article><\/div>\n<div class=\"col-12 col-md-6\">\n<article class=\"news-article news-article--landscape-news news-article--landscape-news\">\n<figure class=\"news-article__figure figure\"> <a href=\"https:\/\/www.ambito.com\/uruguay\/las-exportaciones-pino-se-desplomaron-un-78-abril-y-siguen-picada-n5728693\" target title=\"\u00e1mbito.com | Las exportaciones de pino se desplomaron un 78% en abril y siguen en picada\" alt=\"\u00e1mbito.com | Las exportaciones de pino se desplomaron un 78% en abril y siguen en picada\" rel=\"noindex nofollow noreferrer\"> <img loading=\"lazy\" decoding=\"async\" src=\"https:\/\/www.ambito.com\/css-custom\/351\/lazy.svg\" data-td-src-property=\"https:\/\/media.ambito.com\/p\/9542d3645b705619aabfc04c5135b290\/adjuntos\/351\/imagenes\/040\/722\/0040722105\/93x52\/smart\/pino-forestal-madera.jpg\" alt=\"El volumen exportado de pino se desplom\u00f3 un 78% en abril.\" title=\"El volumen exportado de pino se desplom\u00f3 un 78% en abril.\" width=\"93\" height=\"52\" class=\"news-article__figure-img figure-img img-fluid\"> <\/a><\/figure>\n<\/article><\/div>\n<\/div>\n<\/section>\n<article class=\"article-body article-body--third-paragraph content-protected-false\" readability=\"33\">\n<p> Adem\u00e1s de la Zona Franca Durazno, los principales destinos contin\u00faan siendo los pa\u00edses asi\u00e1ticos como <strong>China<\/strong> e <strong>India<\/strong>. Sin embargo, a nivel de volumen, durante el primer trimestre de 2023 <strong>se coloc\u00f3 un 33% menos en destinos por fuera de la zona franca<\/strong> que con respecto a igual per\u00edodo en el a\u00f1o pasado.<\/p>\n<\/article>\n<article class=\"article-body article-body--fourth-paragraph content-protected-false\" readability=\"27.87456445993\">\n<h2>Las exportaciones de pino crecieron luego de caer por 4 meses consecutivos<\/h2>\n<p>Por otro lado,<strong><a href=\"https:\/\/www.ambito.com\/uruguay\/las-exportaciones-pino-se-desplomaron-un-78-abril-y-siguen-picada-n5728693\" target=\"_blank\" rel=\"follow noopener\"> las exportaciones de rollizos de pino<\/a> dejaron de caer luego de cuatro meses consecutivos<\/strong>, alcanzando un volumen de 111.000 metros c\u00fabicos por un valor total aproximado de <strong>8,5 millones de d\u00f3lares<\/strong>.<\/p>\n<\/article>\n<article class=\"article-body article-body--remaining-paragraph content-protected-false\" readability=\"41\">\n<p><strong>A comparaci\u00f3n de mayo<\/strong>, <strong>el volumen fue casi quintuplicado y la facturaci\u00f3n aument\u00f3 6 veces<\/strong>. No obstante, el mes de junio fue una excepci\u00f3n, ya que <strong>el semestre no fue bueno<\/strong>.<\/p>\n<p>En este primer semestre se exportaron <strong>585.000 metros<\/strong> c\u00fabicos de madera rolliza de pino, cuando en el primer semestre del a\u00f1o pasado se colocaron unos 950.000 metros c\u00fabicos.<\/p>\n<p>A nivel de facturaci\u00f3n se produjo otra brecha, puesto que mientras que en la primera mitad de 2022 se facturaron unos 80 millones de d\u00f3lares, en los primeros seis meses del corriente a\u00f1o se alcanzaron unos 50 millones de d\u00f3lares.<\/p>\n<\/article>\n<p> <!-- REGION4 } --> <\/p>\n","protected":false},"excerpt":{"rendered":"<p>16 de julio 2023 &#8211; 21:13 Las colocaciones de eucaliptus contin\u00faan aumentando y las de pino crecieron luego de caer por cuatro meses consecutivos. Foto: Presidencia La Zona Franca Durazno, lugar donde opera la planta de celulosa finlandesa UPM 2, impuls\u00f3 las exportaciones madereras durante el pasado mes de junio, donde las ventas de rollizos [&hellip;]<\/p>\n","protected":false},"author":2,"featured_media":5251,"comment_status":"closed","ping_status":"closed","sticky":false,"template":"","format":"standard","meta":{"jetpack_post_was_ever_published":false,"_jetpack_newsletter_access":"","_jetpack_dont_email_post_to_subs":false,"_jetpack_newsletter_tier_id":0,"_jetpack_memberships_contains_paywalled_content":false,"_jetpack_memberships_contains_paid_content":false,"footnotes":"","jetpack_publicize_message":"","jetpack_publicize_feature_enabled":true,"jetpack_social_post_already_shared":true,"jetpack_social_options":{"image_generator_settings":{"template":"highway","enabled":false},"version":2}},"categories":[20],"tags":[1286],"class_list":["post-5250","post","type-post","status-publish","format-standard","has-post-thumbnail","hentry","category-mundo","tag-mundo"],"jetpack_publicize_connections":[],"jetpack_featured_media_url":"https:\/\/i0.wp.com\/infolanus.com\/wp-content\/uploads\/2023\/07\/upm-2-la-zona-franca-durazno-impulso-las-exportaciones-de-madera-en-junio.jpg?fit=655%2C368&ssl=1","jetpack_sharing_enabled":true,"jetpack_shortlink":"https:\/\/wp.me\/p9QtMr-1mG","_links":{"self":[{"href":"https:\/\/infolanus.com\/index.php\/wp-json\/wp\/v2\/posts\/5250","targetHints":{"allow":["GET"]}}],"collection":[{"href":"https:\/\/infolanus.com\/index.php\/wp-json\/wp\/v2\/posts"}],"about":[{"href":"https:\/\/infolanus.com\/index.php\/wp-json\/wp\/v2\/types\/post"}],"author":[{"embeddable":true,"href":"https:\/\/infolanus.com\/index.php\/wp-json\/wp\/v2\/users\/2"}],"replies":[{"embeddable":true,"href":"https:\/\/infolanus.com\/index.php\/wp-json\/wp\/v2\/comments?post=5250"}],"version-history":[{"count":0,"href":"https:\/\/infolanus.com\/index.php\/wp-json\/wp\/v2\/posts\/5250\/revisions"}],"wp:featuredmedia":[{"embeddable":true,"href":"https:\/\/infolanus.com\/index.php\/wp-json\/wp\/v2\/media\/5251"}],"wp:attachment":[{"href":"https:\/\/infolanus.com\/index.php\/wp-json\/wp\/v2\/media?parent=5250"}],"wp:term":[{"taxonomy":"category","embeddable":true,"href":"https:\/\/infolanus.com\/index.php\/wp-json\/wp\/v2\/categories?post=5250"},{"taxonomy":"post_tag","embeddable":true,"href":"https:\/\/infolanus.com\/index.php\/wp-json\/wp\/v2\/tags?post=5250"}],"curies":[{"name":"wp","href":"https:\/\/api.w.org\/{rel}","templated":true}]}}