{"id":5340,"date":"2023-07-30T18:50:28","date_gmt":"2023-07-30T21:50:28","guid":{"rendered":"https:\/\/www.inforegion.com.ar\/?p=272282"},"modified":"2023-07-30T18:50:28","modified_gmt":"2023-07-30T21:50:28","slug":"las-facciones-de-la-barra-de-lanus-se-enfrentaron-a-tiros-en-la-plaza-sarmiento","status":"publish","type":"post","link":"https:\/\/infolanus.com\/index.php\/2023\/07\/30\/las-facciones-de-la-barra-de-lanus-se-enfrentaron-a-tiros-en-la-plaza-sarmiento\/","title":{"rendered":"Las facciones de la barra de Lan\u00fas se enfrentaron a tiros en la plaza Sarmiento"},"content":{"rendered":"<figure class=\"wp-block-video\"><video controls src=\"https:\/\/www.inforegion.com.ar\/wp-content\/uploads\/2023\/07\/Incidentes-Barra-brava.mp4\"><\/video><\/figure>\n<p>Mientras Lan\u00fas se preparaba esta tarde para recibir a Barracas Central para jugar la \u00faltima fecha de la Liga Profesional,<strong> a s\u00f3lo unas cuadras de la Fortaleza integrantes de una facci\u00f3n de la barra Granate atac\u00f3 a balazos a la otra,<\/strong> que se concentraba en ese lugar y respondi\u00f3 a la agresi\u00f3n. <\/p>\n<p>Como saldo del incidente se registr\u00f3<strong> un herido de gravedad, que fue trasladado de urgencia al hospital <\/strong>mientras que la polic\u00eda detuvo a cinco personas.<\/p>\n<p>Este cruce es un nuevo cap\u00edtulo de la interna del sector de la barra que se nutre en <strong>Villa Sapito y se re\u00fane en la plaza que da a la calle 9 de Julio<\/strong> que fue agredida desde una camioneta blanca con gente emparentada con la facci\u00f3n de El Ceibo que dispar\u00f3 contra la gente de la plaza que respondi\u00f3 balas con balas.<\/p>\n<p>La plaza Sarmiento es <strong>uno de los puntos de encuentro habituales de hinchas, socios y amigos<\/strong> que no est\u00e1n involucrados en estas internas. All\u00ed se encuentran o se comen un chorip\u00e1n por lo cual el escenario estaba lleno de espectadores ajenos a las barras.<\/p>\n<div class=\"wp-block-media-text alignwide is-stacked-on-mobile is-image-fill has-background\">\n<figure class=\"wp-block-media-text__media\"><img data-recalc-dims=\"1\" decoding=\"async\" loading=\"lazy\" width=\"640\" height=\"359\" src=\"https:\/\/i0.wp.com\/www.inforegion.com.ar\/wp-content\/uploads\/2023\/07\/Lanus-Barracas-1024x575.jpg?resize=640%2C359&#038;ssl=1\" alt=\"Lanus Barracas\" class=\"wp-image-272277 size-full\" srcset=\"https:\/\/www.inforegion.com.ar\/wp-content\/uploads\/2023\/07\/Lanus-Barracas-1024x575.jpg 1024w, https:\/\/www.inforegion.com.ar\/wp-content\/uploads\/2023\/07\/Lanus-Barracas-300x169.jpg 300w, https:\/\/www.inforegion.com.ar\/wp-content\/uploads\/2023\/07\/Lanus-Barracas-768x431.jpg 768w, https:\/\/www.inforegion.com.ar\/wp-content\/uploads\/2023\/07\/Lanus-Barracas-320x180.jpg 320w, https:\/\/www.inforegion.com.ar\/wp-content\/uploads\/2023\/07\/Lanus-Barracas-480x270.jpg 480w, https:\/\/www.inforegion.com.ar\/wp-content\/uploads\/2023\/07\/Lanus-Barracas-800x449.jpg 800w, https:\/\/www.inforegion.com.ar\/wp-content\/uploads\/2023\/07\/Lanus-Barracas-150x84.jpg 150w, https:\/\/www.inforegion.com.ar\/wp-content\/uploads\/2023\/07\/Lanus-Barracas-335x188.jpg 335w, https:\/\/www.inforegion.com.ar\/wp-content\/uploads\/2023\/07\/Lanus-Barracas-700x394.jpg 700w, https:\/\/www.inforegion.com.ar\/wp-content\/uploads\/2023\/07\/Lanus-Barracas-1080x608.jpg 1080w, https:\/\/www.inforegion.com.ar\/wp-content\/uploads\/2023\/07\/Lanus-Barracas-225x125.jpg 225w, https:\/\/www.inforegion.com.ar\/wp-content\/uploads\/2023\/07\/Lanus-Barracas.jpg 1200w\" sizes=\"auto, (max-width: 1024px) 100vw, 1024px\" title=\"Las facciones de la barra de Lan\u00fas se enfrentaron a tiros en la plaza Sarmiento 10\"><\/figure>\n<\/div>\n<p>Si bien la polic\u00eda <strong>detuvo a cinco personas, ninguna ser\u00eda de las que estaban en la camionet<\/strong>a ni de los que dispararon mientras que se supo que el herido de gravedad pertenece a El Ceibo.<\/p>\n<p>La barra de Lan\u00fas tiene un<strong> prontuario que se remonta a 2010, cuando la gente de Villa Sapito se enfrent\u00f3 con la de Villa Obrera<\/strong> dejando un reguero de sangre que termin\u00f3 en dos juicios. En el primero hubo cuatro condenados a perpetua y, en el segundo, el Polaquito Soto, fue condenado a 9 a\u00f1os de prisi\u00f3n por intento de homicidio.<\/p>\n<p>La<strong> ca\u00edda del Gordo Carlos Alberto Roberto en marzo de 2022 por por lavado de dinero<\/strong> y falsificaci\u00f3n tras un allanamiento a su domicilio donde se le incautaron tres armas de fuego destap\u00f3 una interna que ya no est\u00e1 latente y amenazalas calles de Lan\u00fas.<\/p>\n","protected":false},"excerpt":{"rendered":"<p>Mientras Lan\u00fas se preparaba esta tarde para recibir a Barracas Central para jugar la \u00faltima fecha de la Liga Profesional, a s\u00f3lo unas cuadras de la Fortaleza integrantes de una facci\u00f3n de la barra Granate atac\u00f3 a balazos a la otra, que se concentraba en ese lugar y respondi\u00f3 a la agresi\u00f3n. Como saldo del [&hellip;]<\/p>\n","protected":false},"author":2,"featured_media":5341,"comment_status":"closed","ping_status":"closed","sticky":false,"template":"","format":"standard","meta":{"jetpack_post_was_ever_published":false,"_jetpack_newsletter_access":"","_jetpack_dont_email_post_to_subs":false,"_jetpack_newsletter_tier_id":0,"_jetpack_memberships_contains_paywalled_content":false,"_jetpack_memberships_contains_paid_content":false,"footnotes":"","jetpack_publicize_message":"","jetpack_publicize_feature_enabled":true,"jetpack_social_post_already_shared":true,"jetpack_social_options":{"image_generator_settings":{"template":"highway","enabled":false},"version":2}},"categories":[19,547],"tags":[1448,773,237,774,23,1447,822],"class_list":["post-5340","post","type-post","status-publish","format-standard","has-post-thumbnail","hentry","category-municipio","category-policiales","tag-barrabravas","tag-centrales","tag-club-atletico-lanus","tag-destacadas","tag-lanus","tag-plaza-sarmiento","tag-policiales"],"jetpack_publicize_connections":[],"jetpack_featured_media_url":"https:\/\/i0.wp.com\/infolanus.com\/wp-content\/uploads\/2023\/07\/las-facciones-de-la-barra-de-lanus-se-enfrentaron-a-tiros-en-la-plaza-sarmiento.jpg?fit=1024%2C575&ssl=1","jetpack_sharing_enabled":true,"jetpack_shortlink":"https:\/\/wp.me\/p9QtMr-1o8","_links":{"self":[{"href":"https:\/\/infolanus.com\/index.php\/wp-json\/wp\/v2\/posts\/5340","targetHints":{"allow":["GET"]}}],"collection":[{"href":"https:\/\/infolanus.com\/index.php\/wp-json\/wp\/v2\/posts"}],"about":[{"href":"https:\/\/infolanus.com\/index.php\/wp-json\/wp\/v2\/types\/post"}],"author":[{"embeddable":true,"href":"https:\/\/infolanus.com\/index.php\/wp-json\/wp\/v2\/users\/2"}],"replies":[{"embeddable":true,"href":"https:\/\/infolanus.com\/index.php\/wp-json\/wp\/v2\/comments?post=5340"}],"version-history":[{"count":0,"href":"https:\/\/infolanus.com\/index.php\/wp-json\/wp\/v2\/posts\/5340\/revisions"}],"wp:featuredmedia":[{"embeddable":true,"href":"https:\/\/infolanus.com\/index.php\/wp-json\/wp\/v2\/media\/5341"}],"wp:attachment":[{"href":"https:\/\/infolanus.com\/index.php\/wp-json\/wp\/v2\/media?parent=5340"}],"wp:term":[{"taxonomy":"category","embeddable":true,"href":"https:\/\/infolanus.com\/index.php\/wp-json\/wp\/v2\/categories?post=5340"},{"taxonomy":"post_tag","embeddable":true,"href":"https:\/\/infolanus.com\/index.php\/wp-json\/wp\/v2\/tags?post=5340"}],"curies":[{"name":"wp","href":"https:\/\/api.w.org\/{rel}","templated":true}]}}