{"id":5404,"date":"2023-08-09T10:41:49","date_gmt":"2023-08-09T13:41:49","guid":{"rendered":"https:\/\/www.ambito.com\/uruguay\/javier-garcia-defendio-la-compra-las-patrullas-oceanicas-al-astillero-gallego-pese-la-polemica-n5790812"},"modified":"2023-08-09T10:41:49","modified_gmt":"2023-08-09T13:41:49","slug":"javier-garcia-defendio-la-compra-de-las-patrullas-oceanicas-al-astillero-gallego-pese-a-la-polemica","status":"publish","type":"post","link":"https:\/\/infolanus.com\/index.php\/2023\/08\/09\/javier-garcia-defendio-la-compra-de-las-patrullas-oceanicas-al-astillero-gallego-pese-a-la-polemica\/","title":{"rendered":"Javier Garc\u00eda defendi\u00f3 la compra de las patrullas oce\u00e1nicas al astillero gallego pese a la pol\u00e9mica"},"content":{"rendered":"<div><img data-recalc-dims=\"1\" decoding=\"async\" src=\"https:\/\/i0.wp.com\/media.ambito.com\/p\/605a9afd791da5ac6e59fba72103b983\/adjuntos\/351\/imagenes\/040\/497\/0040497933\/1200x675\/smart\/ministro-defensa-uruguayjpg.jpg?w=640&#038;ssl=1\" class=\"ff-og-image-inserted\"><\/div>\n<div id>\n<p>El ministro de <strong>Defensa, Javier Garc\u00eda,<\/strong> defendi\u00f3 la compra de las <a href=\"https:\/\/www.ambito.com\/uruguay\/soberania-maritima-defensa-adquirio-dos-buques-us-82-millones-n5772653\" target=\"_blank\" rel=\"follow noopener\">dos patrullas oce\u00e1nicas<\/a> del tipo <strong>OPV<\/strong> que realiz\u00f3 el Estado de <strong>Uruguay<\/strong> al astillero gallego <strong>Cardama,<\/strong> luego de la nueva pol\u00e9mica generada en torno a la operaci\u00f3n, que incluy\u00f3 una carta enviada desde <strong>China.<\/strong><\/p>\n<\/p><\/div>\n<div id>\n<p>Cuando el conflicto en torno a la compra de los buques parec\u00eda haber quedado saldado, una <a href=\"https:\/\/www.ambito.com\/uruguay\/la-compra-patrullas-oceanicas-chinas-vuelve-enturbiar-al-ministerio-defensa-n5789727\" target=\"_blank\" rel=\"follow noopener\">dura carta de la compa\u00f1\u00eda estatal <strong>China Shipbuilding Trade (CSTC)<\/strong><\/a> cuestionando la desprolijidad de la licitaci\u00f3n \u2014que impidi\u00f3, en primer lugar, cerrar el negocio con el pa\u00eds asi\u00e1tico en tanto la empresa estatal no fue seleccionada\u2014 abri\u00f3 viejas heridas, que se profundizaron con la renuncia del<strong> jefe de Estado Mayor de la Armada<\/strong>, el contralmirante <strong>Gustavo Musso,<\/strong> quien hab\u00eda desaconsejado la adquisici\u00f3n de los OPV al astillero Cardama.<\/p>\n<\/div>\n<div id>\n<p> Tras un d\u00eda agitado en noticias poco felices en este sentido, el ministro Garc\u00eda insisti\u00f3 en la <strong>transparencia <\/strong>de todo el proceso de licitaci\u00f3n y record\u00f3 el \u201ctema de fondo\u201d.<\/p>\n<\/div>\n<div id>\n<p>\u201cHace 15 a\u00f1os, desde el 2008, que los sucesivos gobiernos intentaron comprar los buques que son indispensables para la Armada, porque nos est\u00e1n robando los recursos naturales, porque no podemos ejercer la soberan\u00eda, porque tenemos una Armada con una <strong>situaci\u00f3n l\u00edmite <\/strong>en materia de buques\u201d, dijo, y agreg\u00f3: \u201c\u00bfPor qu\u00e9 estando todo el sistema pol\u00edtico de acuerdo no se pudo concretar? Creo que hubo algo m\u00e1s poderoso que la unidad de todo el sistema pol\u00edtico, que fueron <strong>intereses econ\u00f3micos<\/strong>. Hubo intereses econ\u00f3micos de empresas que quieren vender sus productos, y son leg\u00edtimos. Pero no tienen por qu\u00e9 ser los intereses nacionales esos intereses particulares. Mientras tanto, <strong>Uruguay est\u00e1 regalado en el mar<\/strong>\u201d.<\/p>\n<\/div>\n<div id>\n<p>En ese sentido, el jerarca defendi\u00f3 que el gobierno \u201ctom\u00f3 una decisi\u00f3n\u201d leg\u00edtima y que el proceso de compra se encuentra ahora en estudio del <strong>Tribunal de Cuentas<\/strong>. Para Garc\u00eda <strong>\u201cestuvieron todas las garant\u00edas\u201d<\/strong> y hubo \u201ctransparencia absoluta\u201d durante todo el proceso, con la participaci\u00f3n, incluso, de la oposici\u00f3n.<\/p>\n<h2>Una opini\u00f3n personal<\/h2>\n<p>Consultado por la renuncia del jefe del Estado Mayor de la Armada, Garc\u00eda sostuvo que la opini\u00f3n de Musso sobre los astilleros recomendados fue <strong>a t\u00edtulo personal<\/strong> y que, adem\u00e1s, no hab\u00eda recibido respaldo de ninguno de sus pares \u2014otros seis contralmirantes que \u201cse forman todos en el mismo lugar, tienen los mismos conocimientos\u201d.<\/p>\n<p>El jerarca se\u00f1al\u00f3 tambi\u00e9n que, adem\u00e1s, \u201clas Fuerzas Armadas se expresan por su comandante, y <strong>el mando superior es el presidente con el ministro de Defensa<\/strong>, que conocen la opini\u00f3n de la Armada por su comandante, no andan haciendo compulsas de a uno porque no corresponder\u00eda\u201d. \u201cSon siete contralmirantes, y la opini\u00f3n de Musso no tuvo el respaldo de ning\u00fan otro. Es una opini\u00f3n personal, leg\u00edtima, pero personal y que<strong> no tuvo respaldo<\/strong>\u201d, agreg\u00f3.<\/p>\n<p>\u201cEl almirante es el que recomienda al <strong>Ministerio de Defensa <\/strong>por calidad t\u00e9cnica, por condiciones de entrega y de plazo, y por tener todos los elementos que la Armada, no una persona, cree necesario que tenga la propuesta, que nosotros refrendamos. La Armada como fuerza nos eleva un informe t\u00e9cnico donde dice que <a href=\"https:\/\/www.ambito.com\/uruguay\/el-pit-cnt-critico-la-compra-los-buques-opv-n5773273\" target=\"_blank\" rel=\"follow noopener\">habiendo sido estudiadas las propuestas<\/a>, una tiene todas las condiciones t\u00e9cnicas necesarias; y <strong>ante circunstancias de barcos que son similares, este tiene la oferta m\u00e1s barata en cuenta<\/strong>. Habr\u00eda que explicar mucho que ante propuestas similares se eligiera una m\u00e1s cara. Si nos est\u00e1n ofreciendo lo mismo, para defender los recursos p\u00fablicos elegimos la inversi\u00f3n m\u00e1s econ\u00f3mica con el mejor resultado\u201d, afirm\u00f3 el ministro en rueda de prensa.<\/p>\n<\/div>\n","protected":false},"excerpt":{"rendered":"<p>El ministro de Defensa, Javier Garc\u00eda, defendi\u00f3 la compra de las dos patrullas oce\u00e1nicas del tipo OPV que realiz\u00f3 el Estado de Uruguay al astillero gallego Cardama, luego de la nueva pol\u00e9mica generada en torno a la operaci\u00f3n, que incluy\u00f3 una carta enviada desde China. Cuando el conflicto en torno a la compra de los [&hellip;]<\/p>\n","protected":false},"author":2,"featured_media":5405,"comment_status":"closed","ping_status":"closed","sticky":false,"template":"","format":"standard","meta":{"jetpack_post_was_ever_published":false,"_jetpack_newsletter_access":"","_jetpack_dont_email_post_to_subs":false,"_jetpack_newsletter_tier_id":0,"_jetpack_memberships_contains_paywalled_content":false,"_jetpack_memberships_contains_paid_content":false,"footnotes":"","jetpack_publicize_message":"","jetpack_publicize_feature_enabled":true,"jetpack_social_post_already_shared":true,"jetpack_social_options":{"image_generator_settings":{"template":"highway","enabled":false},"version":2}},"categories":[20],"tags":[1286],"class_list":["post-5404","post","type-post","status-publish","format-standard","has-post-thumbnail","hentry","category-mundo","tag-mundo"],"jetpack_publicize_connections":[],"jetpack_featured_media_url":"https:\/\/i0.wp.com\/infolanus.com\/wp-content\/uploads\/2023\/08\/javier-garcia-defendio-la-compra-de-las-patrullas-oceanicas-al-astillero-gallego-pese-a-la-polemica.jpg?fit=1200%2C675&ssl=1","jetpack_sharing_enabled":true,"jetpack_shortlink":"https:\/\/wp.me\/p9QtMr-1pa","_links":{"self":[{"href":"https:\/\/infolanus.com\/index.php\/wp-json\/wp\/v2\/posts\/5404","targetHints":{"allow":["GET"]}}],"collection":[{"href":"https:\/\/infolanus.com\/index.php\/wp-json\/wp\/v2\/posts"}],"about":[{"href":"https:\/\/infolanus.com\/index.php\/wp-json\/wp\/v2\/types\/post"}],"author":[{"embeddable":true,"href":"https:\/\/infolanus.com\/index.php\/wp-json\/wp\/v2\/users\/2"}],"replies":[{"embeddable":true,"href":"https:\/\/infolanus.com\/index.php\/wp-json\/wp\/v2\/comments?post=5404"}],"version-history":[{"count":0,"href":"https:\/\/infolanus.com\/index.php\/wp-json\/wp\/v2\/posts\/5404\/revisions"}],"wp:featuredmedia":[{"embeddable":true,"href":"https:\/\/infolanus.com\/index.php\/wp-json\/wp\/v2\/media\/5405"}],"wp:attachment":[{"href":"https:\/\/infolanus.com\/index.php\/wp-json\/wp\/v2\/media?parent=5404"}],"wp:term":[{"taxonomy":"category","embeddable":true,"href":"https:\/\/infolanus.com\/index.php\/wp-json\/wp\/v2\/categories?post=5404"},{"taxonomy":"post_tag","embeddable":true,"href":"https:\/\/infolanus.com\/index.php\/wp-json\/wp\/v2\/tags?post=5404"}],"curies":[{"name":"wp","href":"https:\/\/api.w.org\/{rel}","templated":true}]}}