{"id":5408,"date":"2023-08-09T23:05:44","date_gmt":"2023-08-10T02:05:44","guid":{"rendered":"https:\/\/www.inforegion.com.ar\/?p=273624"},"modified":"2023-08-09T23:05:44","modified_gmt":"2023-08-10T02:05:44","slug":"los-dos-hermanos-sindicados-como-responsables-directos-de-la-muerte-de-morena-seran-indagados","status":"publish","type":"post","link":"https:\/\/infolanus.com\/index.php\/2023\/08\/09\/los-dos-hermanos-sindicados-como-responsables-directos-de-la-muerte-de-morena-seran-indagados\/","title":{"rendered":"Los dos hermanos sindicados como responsables directos de la muerte de Morena ser\u00e1n indagados"},"content":{"rendered":"<div><img data-recalc-dims=\"1\" decoding=\"async\" src=\"https:\/\/i0.wp.com\/www.inforegion.com.ar\/wp-content\/uploads\/2023\/08\/Miguelito-y-Lolo.jpg?w=640&#038;ssl=1\" class=\"ff-og-image-inserted\"><\/div>\n<p>Este jueves ser\u00e1n indagados los \u00fanicos dos detenidos, mayores de edad, por el asesinato de la ni\u00f1a de 11 a\u00f1os, Morena Dom\u00ednguez imputados por <strong>homicidio en ocasi\u00f3n de robo, cuya pena es de 10 a 25 a\u00f1os de prisi\u00f3n<\/strong>.<\/p>\n<p>\u201cNo hay menores de edad detenidos e involucrados en el caso. Por las pruebas reunidas podemos decir que los autores del crimen est\u00e1n identificados\u201d, sostuvo a una fuente al tanto de la investigaci\u00f3n a cargo de la fiscal <strong>Silvia Bussano, de la Unidad Funcional de Instrucci\u00f3n (UFI) 7 <\/strong>del Departamento Judicial de Lan\u00fas-Avellaneda.<\/p>\n<p>Los dos hermanos de 25 y 28 a\u00f1os, que se encontraban entre los siete detenidos hoy en torno a la muerte de una ni\u00f1a de once a\u00f1os que fue golpeada por motochorros, son <strong>sospechados de haber participado en forma directa del violento hecho registrado en el distrito bonaerense de Lan\u00fas<\/strong>, indicaron fuentes judiciales.<\/p>\n<p>Se trata de dos sujetos con antecedentes previos llamados <strong>Miguel \u00c1ngel \u201cMiguelito\u201d Madariaga y Dar\u00edo Humberto \u201cLolo\u201d Madariaga, quienes se encuentran entre los arrestados<\/strong>, en un operativo que se llev\u00f3 a cabo en el barrio Acuba I, situado a pocas cuadras del lugar del hecho.<\/p>\n<p>Por \u201cMiguelito\u201d, quien en marzo pasado hab\u00eda salido de prisi\u00f3n y tiene domicilio en Eva Per\u00f3n Casa 17, de Lan\u00fas, <strong>ya hab\u00eda un pedido de detenci\u00f3n desde este martes del juzgado porte\u00f1o 30 <\/strong>por otro hecho.<\/p>\n<p>En cuanto a \u201cLolo\u201d, quien resid\u00eda en Boquer\u00f3n y Olaz\u00e1bal, de Villa Caraza, en el mismo distrito, t<strong>en\u00eda antecedentes por posesi\u00f3n de estupefacientes.<\/strong><\/p>\n<p>Seg\u00fan trascendi\u00f3<strong> en forma extraoficial, la moto en la que habr\u00edan cometido el brutal asalto fue secuestrada en el domicilio del adolescente de 14 a\u00f1os, <\/strong>que se encuentra entre los detenidos.<\/p>\n<p>Tanto los hermanos como los otros detenidos integraban <strong>una banda de motochorros que utilizaban tres motos para cometer asaltos en la zona.<\/strong><\/p>\n<p>De acuerdo con fuentes ligadas a la investigaci\u00f3n, testimonios recogidos en el barrio se\u00f1alaron que l<strong>a banda se reuni\u00f3 para consumir alcohol y drogas durante la noche del martes y la madrugada del mi\u00e9rcoles<\/strong>, mientras que a partir de la ma\u00f1ana sus integrantes salieron a cometer atracos.<\/p>\n","protected":false},"excerpt":{"rendered":"<p>Este jueves ser\u00e1n indagados los \u00fanicos dos detenidos, mayores de edad, por el asesinato de la ni\u00f1a de 11 a\u00f1os, Morena Dom\u00ednguez imputados por homicidio en ocasi\u00f3n de robo, cuya pena es de 10 a 25 a\u00f1os de prisi\u00f3n. \u201cNo hay menores de edad detenidos e involucrados en el caso. Por las pruebas reunidas podemos [&hellip;]<\/p>\n","protected":false},"author":2,"featured_media":5409,"comment_status":"closed","ping_status":"closed","sticky":false,"template":"","format":"standard","meta":{"jetpack_post_was_ever_published":false,"_jetpack_newsletter_access":"","_jetpack_dont_email_post_to_subs":false,"_jetpack_newsletter_tier_id":0,"_jetpack_memberships_contains_paywalled_content":false,"_jetpack_memberships_contains_paid_content":false,"footnotes":"","jetpack_publicize_message":"","jetpack_publicize_feature_enabled":true,"jetpack_social_post_already_shared":true,"jetpack_social_options":{"image_generator_settings":{"template":"highway","enabled":false},"version":2}},"categories":[19,547],"tags":[773,774,23,822],"class_list":["post-5408","post","type-post","status-publish","format-standard","has-post-thumbnail","hentry","category-municipio","category-policiales","tag-centrales","tag-destacadas","tag-lanus","tag-policiales"],"jetpack_publicize_connections":[],"jetpack_featured_media_url":"https:\/\/i0.wp.com\/infolanus.com\/wp-content\/uploads\/2023\/08\/los-dos-hermanos-sindicados-como-responsables-directos-de-la-muerte-de-morena-seran-indagados.jpg?fit=854%2C479&ssl=1","jetpack_sharing_enabled":true,"jetpack_shortlink":"https:\/\/wp.me\/p9QtMr-1pe","_links":{"self":[{"href":"https:\/\/infolanus.com\/index.php\/wp-json\/wp\/v2\/posts\/5408","targetHints":{"allow":["GET"]}}],"collection":[{"href":"https:\/\/infolanus.com\/index.php\/wp-json\/wp\/v2\/posts"}],"about":[{"href":"https:\/\/infolanus.com\/index.php\/wp-json\/wp\/v2\/types\/post"}],"author":[{"embeddable":true,"href":"https:\/\/infolanus.com\/index.php\/wp-json\/wp\/v2\/users\/2"}],"replies":[{"embeddable":true,"href":"https:\/\/infolanus.com\/index.php\/wp-json\/wp\/v2\/comments?post=5408"}],"version-history":[{"count":0,"href":"https:\/\/infolanus.com\/index.php\/wp-json\/wp\/v2\/posts\/5408\/revisions"}],"wp:featuredmedia":[{"embeddable":true,"href":"https:\/\/infolanus.com\/index.php\/wp-json\/wp\/v2\/media\/5409"}],"wp:attachment":[{"href":"https:\/\/infolanus.com\/index.php\/wp-json\/wp\/v2\/media?parent=5408"}],"wp:term":[{"taxonomy":"category","embeddable":true,"href":"https:\/\/infolanus.com\/index.php\/wp-json\/wp\/v2\/categories?post=5408"},{"taxonomy":"post_tag","embeddable":true,"href":"https:\/\/infolanus.com\/index.php\/wp-json\/wp\/v2\/tags?post=5408"}],"curies":[{"name":"wp","href":"https:\/\/api.w.org\/{rel}","templated":true}]}}