{"id":5423,"date":"2023-08-11T21:22:57","date_gmt":"2023-08-12T00:22:57","guid":{"rendered":"https:\/\/www.ambito.com\/uruguay\/un-nuevo-paso-avanzar-el-dragado-la-hidrovia-y-brasil-n5793362"},"modified":"2023-08-11T21:22:57","modified_gmt":"2023-08-12T00:22:57","slug":"un-nuevo-paso-para-avanzar-con-el-dragado-de-la-hidrovia-entre-uruguay-y-brasil","status":"publish","type":"post","link":"https:\/\/infolanus.com\/index.php\/2023\/08\/11\/un-nuevo-paso-para-avanzar-con-el-dragado-de-la-hidrovia-entre-uruguay-y-brasil\/","title":{"rendered":"Un nuevo paso para avanzar con el dragado de la hidrov\u00eda entre Uruguay y Brasil"},"content":{"rendered":"<p><!-- { REGION4 --> <\/p>\n<header class=\"news-headline\">\n<div class=\"news-headline__topics-and-date-wrapper\"> <span class=\"news-headline__publication-date\"> 11 de agosto 2023 &#8211; 21:22 <\/span><\/div>\n<h2 class=\"news-headline__article-summary\">\tEl gobierno de Lula Da Silva incluy\u00f3 la obra como prioritaria, al igual que la construcci\u00f3n del nuevo puente internacional. <\/h2>\n<\/header>\n<div class=\"detail-highlighted-multimedia content-protected-false\">\n<figure class=\"detail-highlighted-multimedia__figure\"> <img data-recalc-dims=\"1\" loading=\"lazy\" decoding=\"async\" src=\"https:\/\/i0.wp.com\/media.ambito.com\/p\/5e73abdd4ebba17b7406e3ebb50ac4e1\/adjuntos\/351\/imagenes\/040\/555\/0040555369\/655x368\/smart\/laguna-merin.jpg?resize=640%2C360&#038;ssl=1\" class=\"detail-highlighted-multimedia__figure-img img-fluid\" alt=\"La Laguna Mer\u00edn, en Uruguay, tiene un \u00e1rea de 3750 kil\u00f3metros cuadrados.\" width=\"640\" height=\"360\"><figcaption class=\"detail-highlighted-multimedia__figcaption\" readability=\"-23\"> <\/figcaption><\/figure>\n<\/p><\/div>\n<article class=\"article-body article-body--first-paragraph content-protected-false\" data-td-script-src=\"https:\/\/www.ambito.com\/td\/modulos\/encuestas\/js\/function-embeds-min-version-1660312092.js\" readability=\"29.405405405405\">\n<p>El gobierno de <strong>Brasil <\/strong>calific\u00f3 como obra prioritaria la construcci\u00f3n de un segundo <strong>puente <\/strong>internacional entre <strong>Yaguar\u00f3n y R\u00edo Branco, <\/strong>as\u00ed como el dragado y balizamiento de la <strong>Laguna Mer\u00edn <\/strong>para concretar la <strong>hidrov\u00eda, <\/strong>en el marco del <a href=\"https:\/\/www.ambito.com\/uruguay\/y-brasil-iniciaran-la-licitacion-el-dragado-la-hidrovia-y-un-nuevo-puente-internacional-n5668018\" target=\"_blank\" rel=\"follow noopener\"> acuerdo alcanzado meses atr\u00e1s <\/a>con <strong>Uruguay <\/strong>para avanzar en una medida que beneficiar\u00e1 el <strong>intercambio comercial <\/strong>entre ambos pa\u00edses.<\/p>\n<\/article>\n<article class=\"article-body article-body--second-paragraph content-protected-false\" readability=\"32.662251655629\">\n<p>El convenio, suscripto en enero por el <strong>presidente Luis Lacalle Pou <\/strong>y su par brasile\u00f1o, <strong>Lula Da Silva, <\/strong>representa un gran <a href=\"https:\/\/www.ambito.com\/uruguay\/las-claves-del-proyecto-del-dragado-la-hidrovia-laguna-merin-n5669782\" target=\"_blank\" rel=\"follow noopener\"> potencial de transformaci\u00f3n <\/a>para la regi\u00f3n, que podr\u00eda constituirse en un polo de desarrollo econ\u00f3mico, beneficiando a los departamentos de <strong>Cerro Largo<\/strong>, <strong>Rocha <\/strong>y <strong>Treinta y Tres<\/strong>.<\/p>\n<\/article>\n<section class=\"related-news\"> <span class=\"related-news__title\">Informate m\u00e1s<\/span> <\/p>\n<div class=\"row row--eq-height\">\n<div class=\"col-12 col-md-6\">\n<article class=\"news-article news-article--landscape-news news-article--landscape-news\">\n<figure class=\"news-article__figure figure\"> <a href=\"https:\/\/www.ambito.com\/uruguay\/impulsan-una-zona-franca-industrial-rivera-una-inversion-brasilena-us-32-millones-n5791162\" target title=\"\u00e1mbito.com | Impulsan una zona franca industrial en Rivera, con una inversi\u00f3n brasile\u00f1a de u$s 32 millones\" alt=\"\u00e1mbito.com | Impulsan una zona franca industrial en Rivera, con una inversi\u00f3n brasile\u00f1a de u$s 32 millones\" rel=\"noindex nofollow noreferrer\"> <img loading=\"lazy\" decoding=\"async\" src=\"https:\/\/www.ambito.com\/css-custom\/351\/lazy.svg\" data-td-src-property=\"https:\/\/media.ambito.com\/p\/e09a312c3cce849e315aa61779dd91b8\/adjuntos\/351\/imagenes\/040\/899\/0040899752\/93x52\/smart\/rivera-frontera-uruguay-brasiljpg.jpg\" alt=\"Avanza el proyecto para impulsar una zona franca industrial en Rivera, en la frontera entre Brasil y Uruguay.\" title=\"Avanza el proyecto para impulsar una zona franca industrial en Rivera, en la frontera entre Brasil y Uruguay.\" width=\"93\" height=\"52\" class=\"news-article__figure-img figure-img img-fluid\"> <\/a><\/figure>\n<\/article><\/div>\n<div class=\"col-12 col-md-6\">\n<article class=\"news-article news-article--landscape-news news-article--landscape-news\">\n<figure class=\"news-article__figure figure\"> <a href=\"https:\/\/www.ambito.com\/uruguay\/alerta-el-agro-brasil-se-comprometio-frenar-las-importaciones-lacteas-n5791685\" target title=\"\u00e1mbito.com | Alerta para el agro, Brasil se comprometi\u00f3 a frenar las importaciones l\u00e1cteas\" alt=\"\u00e1mbito.com | Alerta para el agro, Brasil se comprometi\u00f3 a frenar las importaciones l\u00e1cteas\" rel=\"noindex nofollow noreferrer\"> <img loading=\"lazy\" decoding=\"async\" src=\"https:\/\/www.ambito.com\/css-custom\/351\/lazy.svg\" data-td-src-property=\"https:\/\/media.ambito.com\/p\/654c0743d359e14d1ea03423659238fa\/adjuntos\/351\/imagenes\/040\/650\/0040650090\/93x52\/smart\/tambojfif.jfif\" alt=\"Las exportaciones de la industria l\u00e1ctea subieron un 7% interanual en julio.\" title=\"Las exportaciones de la industria l\u00e1ctea subieron un 7% interanual en julio.\" width=\"93\" height=\"52\" class=\"news-article__figure-img figure-img img-fluid\"> <\/a><\/figure>\n<\/article><\/div>\n<\/div>\n<\/section>\n<article class=\"article-body article-body--third-paragraph content-protected-false\" readability=\"34\">\n<p> La confirmaci\u00f3n lleg\u00f3 de parte del <strong>embajador uruguayo en Brasil, Guillermo Valles, <\/strong>quien expres\u00f3 por medio de su cuenta de Twitter que se trata de \u201cun d\u00eda hist\u00f3rico para la relaci\u00f3n con <strong>Brasil\u201d, <\/strong>al se\u00f1alar que \u201cel presidente <strong>Lula <\/strong>junto al vicepresidente <strong>(Geraldo) Alckmin, <\/strong>acaban de anunciar el programa de inversiones prioritarias del gobierno e incluye el segundo puente sobre el <strong>R\u00edo Yaguar\u00f3n <\/strong>y el dragado y balizamiento de la <strong>Laguna Mer\u00edn\u201d.<\/strong><\/p>\n<\/article>\n<article class=\"article-body article-body--fourth-paragraph content-protected-false\" readability=\"31\">\n<p> La <strong>hidrov\u00eda <\/strong>facilitar\u00eda la interconexi\u00f3n de los cursos de agua desde <strong>Rio Grande do Sul <\/strong>y de los mencionados departamentos uruguayos, junto a<strong> Maldonado y Lavalleja, <\/strong>de acuerdo a lo publicado por Ceres en un informe que data de 2019.<\/p>\n<\/article>\n<article class=\"article-body article-body--remaining-paragraph content-protected-false\" readability=\"43.831967213115\">\n<div contenteditable=\"false\" class=\"embed_cont type_freetext\" rel=\"freetext\" id=\"embed4992_wrap\" data-provider=\"twitter\" readability=\"30.139534883721\">\n<p> https:\/\/publish.twitter.com\/oembed?url=https%3A%2F%2Ftwitter.com%2FGVallesG%2Fstatus%2F1690125206185005056&amp;partner=&amp;hide_thread=false<span onclick=\"parent.parent.TinyMCETdcuerpo.preview_embed('embed4992')\" class=\"embed_colapse less\" id=\"embed4992_colapse\"><\/span><span onclick=\"parent.parent.TinyMCETdcuerpo.delete_embed('embed4992')\" class=\"embed_delete less\" id=\"embed4992_delete\"><\/span><\/p>\n<div id=\"embed4992_content\" class=\"embed_content\">\n<div id=\"embed4992_embed\" readability=\"6.5929203539823\">\n<blockquote data-td-script-src=\"https:\/\/platform.twitter.com\/widgets.js\" class=\"twitter-tweet\" readability=\"7.0324483775811\">\n<p dir=\"ltr\" lang=\"es\"> D\u00eda hist\u00f3rico para la relaci\u00f3n con Brasil!!! El Pte Lula junto al Vice presidente Alckmin , acaba de anunciar el programa de inversiones prioritarias del gobierno . Incluye el 2do puente sobre el R\u00edo Yaguaron y el dragado y balizamiento de la Laguna Merin !!! <a href=\"https:\/\/t.co\/rmw7LGRnqH\">pic.twitter.com\/rmw7LGRnqH<\/a><\/p>\n<p> \u2014 Guillermo Valles (@GVallesG) <a href=\"https:\/\/twitter.com\/GVallesG\/status\/1690125206185005056?ref_src=twsrc%5Etfw\">August 11, 2023<\/a><\/p><\/blockquote>\n<\/div><\/div>\n<\/p><\/div>\n<h2>La hidrov\u00eda mejorar\u00eda la competitividad y podr\u00eda bajar los costos<\/h2>\n<p>De avanzar la obra, <a href=\"https:\/\/www.ambito.com\/uruguay\/tiene-fecha-el-comienzo-obras-la-hidrovia-y-brasil-n5719620\" target=\"_blank\" rel=\"follow noopener\"> cuyo inicio ya est\u00e1 previsto <\/a>por el <strong>gobierno uruguayo, <\/strong>implicar\u00e1 posibles beneficios como el aumento en la <strong>competitividad <\/strong>por el acceso a nuevos mercados, as\u00ed como el probable abaratamiento de los <strong>costos <\/strong>de transporte por contar con una nueva mejora log\u00edstica que favorecer\u00e1 la descentralizaci\u00f3n nacional.<\/p>\n<p>Es que las principales v\u00edas de salida fluvial se encontrar\u00edan al sur y el oeste de la cuenca, impactando, entre otros sectores, a la producci\u00f3n arrocera de la zona, que hoy debe movilizar la producci\u00f3n por carretera hasta el <strong>Puerto de Montevideo, <\/strong>algo que encarece el precio final de venta y, por ende, complica la <strong>competitividad <\/strong>del sector.<\/p>\n<\/article>\n<p> <!-- REGION4 } --> <\/p>\n","protected":false},"excerpt":{"rendered":"<p>11 de agosto 2023 &#8211; 21:22 El gobierno de Lula Da Silva incluy\u00f3 la obra como prioritaria, al igual que la construcci\u00f3n del nuevo puente internacional. El gobierno de Brasil calific\u00f3 como obra prioritaria la construcci\u00f3n de un segundo puente internacional entre Yaguar\u00f3n y R\u00edo Branco, as\u00ed como el dragado y balizamiento de la Laguna [&hellip;]<\/p>\n","protected":false},"author":2,"featured_media":5424,"comment_status":"closed","ping_status":"closed","sticky":false,"template":"","format":"standard","meta":{"jetpack_post_was_ever_published":false,"_jetpack_newsletter_access":"","_jetpack_dont_email_post_to_subs":false,"_jetpack_newsletter_tier_id":0,"_jetpack_memberships_contains_paywalled_content":false,"_jetpack_memberships_contains_paid_content":false,"footnotes":"","jetpack_publicize_message":"","jetpack_publicize_feature_enabled":true,"jetpack_social_post_already_shared":true,"jetpack_social_options":{"image_generator_settings":{"template":"highway","enabled":false},"version":2}},"categories":[20],"tags":[1286],"class_list":["post-5423","post","type-post","status-publish","format-standard","has-post-thumbnail","hentry","category-mundo","tag-mundo"],"jetpack_publicize_connections":[],"jetpack_featured_media_url":"https:\/\/i0.wp.com\/infolanus.com\/wp-content\/uploads\/2023\/08\/un-nuevo-paso-para-avanzar-con-el-dragado-de-la-hidrovia-entre-uruguay-y-brasil.jpg?fit=655%2C368&ssl=1","jetpack_sharing_enabled":true,"jetpack_shortlink":"https:\/\/wp.me\/p9QtMr-1pt","_links":{"self":[{"href":"https:\/\/infolanus.com\/index.php\/wp-json\/wp\/v2\/posts\/5423","targetHints":{"allow":["GET"]}}],"collection":[{"href":"https:\/\/infolanus.com\/index.php\/wp-json\/wp\/v2\/posts"}],"about":[{"href":"https:\/\/infolanus.com\/index.php\/wp-json\/wp\/v2\/types\/post"}],"author":[{"embeddable":true,"href":"https:\/\/infolanus.com\/index.php\/wp-json\/wp\/v2\/users\/2"}],"replies":[{"embeddable":true,"href":"https:\/\/infolanus.com\/index.php\/wp-json\/wp\/v2\/comments?post=5423"}],"version-history":[{"count":0,"href":"https:\/\/infolanus.com\/index.php\/wp-json\/wp\/v2\/posts\/5423\/revisions"}],"wp:featuredmedia":[{"embeddable":true,"href":"https:\/\/infolanus.com\/index.php\/wp-json\/wp\/v2\/media\/5424"}],"wp:attachment":[{"href":"https:\/\/infolanus.com\/index.php\/wp-json\/wp\/v2\/media?parent=5423"}],"wp:term":[{"taxonomy":"category","embeddable":true,"href":"https:\/\/infolanus.com\/index.php\/wp-json\/wp\/v2\/categories?post=5423"},{"taxonomy":"post_tag","embeddable":true,"href":"https:\/\/infolanus.com\/index.php\/wp-json\/wp\/v2\/tags?post=5423"}],"curies":[{"name":"wp","href":"https:\/\/api.w.org\/{rel}","templated":true}]}}