{"id":5521,"date":"2023-08-25T09:33:38","date_gmt":"2023-08-25T12:33:38","guid":{"rendered":"https:\/\/www.inforegion.com.ar\/?p=275911"},"modified":"2023-08-25T09:33:38","modified_gmt":"2023-08-25T12:33:38","slug":"inseguridad-en-lanus-le-quisieron-robar-el-auto-a-su-yerno-y-lo-defendio-a-los-tiros","status":"publish","type":"post","link":"https:\/\/infolanus.com\/index.php\/2023\/08\/25\/inseguridad-en-lanus-le-quisieron-robar-el-auto-a-su-yerno-y-lo-defendio-a-los-tiros\/","title":{"rendered":"Inseguridad en Lan\u00fas: le quisieron robar el auto a su yerno y lo defendi\u00f3 a los tiros"},"content":{"rendered":"<div><img data-recalc-dims=\"1\" decoding=\"async\" src=\"https:\/\/i0.wp.com\/www.inforegion.com.ar\/wp-content\/uploads\/2023\/08\/lanusi3.jpg?w=640&#038;ssl=1\" class=\"ff-og-image-inserted\"><\/div>\n<p><strong>Un militar defendi\u00f3 a los tiros a su yerno e hiri\u00f3 de un balazo a uno de los cuatro delincuentes que lo sorprendieron para robarle el auto<\/strong> que estaba estacionado en la vereda de su casa de la localidad bonaerense Gerli, partido de Lan\u00fas, informaron hoy voceros policiales.<\/p>\n<p>El episodio ocurri\u00f3 anoche en la intersecci\u00f3n de <strong>Sarmiento al 800<\/strong> y Ra\u00fal Alfons\u00edn, en esa localidad de Lan\u00fas Este, y el asaltante baleado logr\u00f3 fugar, por lo que era buscado en distintos hospitales de la zona.<\/p>\n<p>Todo comenz\u00f3 cuando un joven lleg\u00f3 a bordo de su Ford Focus gris a buscar a su novia a la casa de sus padres y cargaba en el auto las cosas de ella mientras esperaba a que saliera con su beb\u00e9. En esas circunstancias, <strong>cuatro delincuentes que se trasladaban en otro rodado, descendieron y, a punta de pistola, intentaron robarle el Focus<\/strong>.<\/p>\n<p>La situaci\u00f3n fue advertida primero por la pareja del joven, quien les avis\u00f3 a sus padres que se hallaba en el interior del domicilio.<\/p>\n<p><strong>Su pap\u00e1, un militar perteneciente al Ej\u00e9rcito Argentino, se asom\u00f3 de su casa y defendi\u00f3 a su yerno a los tiros, momento en que los delincuentes alcanzaron a subirse al Focus de la v\u00edctima y recorrer unos metros<\/strong>, donde chocaron contra unos parantes de contenci\u00f3n, explicaron los voceros.<\/p>\n<p>En ese momento, los ladrones <strong>abandonaron el auto y escaparon <\/strong>en el veh\u00edculo en el que hab\u00edan llegado, uno de ellos herido, a\u00f1adieron las fuentes.<\/p>\n<figure class=\"wp-block-video\"><video controls src=\"https:\/\/www.inforegion.com.ar\/wp-content\/uploads\/2023\/08\/j819d6eSlPR1_jsU-1.mp4\"><\/video><\/figure>\n<p>Esta ma\u00f1ana, la esposa del militar que enfrent\u00f3 a los asaltantes cont\u00f3 al canal Todo Noticias que su yerno estaba cargando el auto porque pas\u00f3 a buscar a su hija y a su beb\u00e9 y fue abordado por delincuentes.<\/p>\n<p>\u201cLlegaba el novio de mi hija a buscarla, ya estaba entrando las cosas al auto y por subir mi hija con el beb\u00e9, cuando cuatro delincuentes le quieren robar el auto. Mi hija los ve y grita que le estaban robando a Agust\u00edn. Ambas grit\u00e1bamos para que mi marido se diera cuenta de lo que pasaba. \u00c9l desde la puerta les grita \u2018basta, alto\u2019, y uno de ellos parece que le dispara y mi marido responde con su arma\u201d, cont\u00f3 la mujer.<\/p>\n<p>\u201cNo sab\u00edamos qu\u00e9 pasaba con Agust\u00edn. Los delincuentes se subieron al auto y chocaron en la esquina y no pudieron ponerlo en marcha. Lo dejaron abandonado y se fueron en el auto en el que hab\u00edan llegado\u201d, a\u00f1adi\u00f3.<\/p>\n<p><strong>Tanto la polic\u00eda como personal del Centro de Investigaciones del Municipio trabajaban para lograr establecer las identidades de los asaltantes.<\/strong><\/p>\n<p>En tanto el militar se puso a disposici\u00f3n de la Justicia de Lan\u00fas y entreg\u00f3 su arma reglamentaria para las pericias de rigor.<\/p>\n","protected":false},"excerpt":{"rendered":"<p>Un militar defendi\u00f3 a los tiros a su yerno e hiri\u00f3 de un balazo a uno de los cuatro delincuentes que lo sorprendieron para robarle el auto que estaba estacionado en la vereda de su casa de la localidad bonaerense Gerli, partido de Lan\u00fas, informaron hoy voceros policiales. El episodio ocurri\u00f3 anoche en la intersecci\u00f3n [&hellip;]<\/p>\n","protected":false},"author":2,"featured_media":5522,"comment_status":"closed","ping_status":"closed","sticky":false,"template":"","format":"standard","meta":{"jetpack_post_was_ever_published":false,"_jetpack_newsletter_access":"","_jetpack_dont_email_post_to_subs":false,"_jetpack_newsletter_tier_id":0,"_jetpack_memberships_contains_paywalled_content":false,"_jetpack_memberships_contains_paid_content":false,"footnotes":"","jetpack_publicize_message":"","jetpack_publicize_feature_enabled":true,"jetpack_social_post_already_shared":true,"jetpack_social_options":{"image_generator_settings":{"template":"highway","enabled":false},"version":2}},"categories":[19,547],"tags":[773,774,305,1179,23,822,1170],"class_list":["post-5521","post","type-post","status-publish","format-standard","has-post-thumbnail","hentry","category-municipio","category-policiales","tag-centrales","tag-destacadas","tag-inseguridad","tag-intento-de-robo","tag-lanus","tag-policiales","tag-video"],"jetpack_publicize_connections":[],"jetpack_featured_media_url":"https:\/\/i0.wp.com\/infolanus.com\/wp-content\/uploads\/2023\/08\/inseguridad-en-lanus-le-quisieron-robar-el-auto-a-su-yerno-y-lo-defendio-a-los-tiros.jpg?fit=1200%2C675&ssl=1","jetpack_sharing_enabled":true,"jetpack_shortlink":"https:\/\/wp.me\/p9QtMr-1r3","_links":{"self":[{"href":"https:\/\/infolanus.com\/index.php\/wp-json\/wp\/v2\/posts\/5521","targetHints":{"allow":["GET"]}}],"collection":[{"href":"https:\/\/infolanus.com\/index.php\/wp-json\/wp\/v2\/posts"}],"about":[{"href":"https:\/\/infolanus.com\/index.php\/wp-json\/wp\/v2\/types\/post"}],"author":[{"embeddable":true,"href":"https:\/\/infolanus.com\/index.php\/wp-json\/wp\/v2\/users\/2"}],"replies":[{"embeddable":true,"href":"https:\/\/infolanus.com\/index.php\/wp-json\/wp\/v2\/comments?post=5521"}],"version-history":[{"count":0,"href":"https:\/\/infolanus.com\/index.php\/wp-json\/wp\/v2\/posts\/5521\/revisions"}],"wp:featuredmedia":[{"embeddable":true,"href":"https:\/\/infolanus.com\/index.php\/wp-json\/wp\/v2\/media\/5522"}],"wp:attachment":[{"href":"https:\/\/infolanus.com\/index.php\/wp-json\/wp\/v2\/media?parent=5521"}],"wp:term":[{"taxonomy":"category","embeddable":true,"href":"https:\/\/infolanus.com\/index.php\/wp-json\/wp\/v2\/categories?post=5521"},{"taxonomy":"post_tag","embeddable":true,"href":"https:\/\/infolanus.com\/index.php\/wp-json\/wp\/v2\/tags?post=5521"}],"curies":[{"name":"wp","href":"https:\/\/api.w.org\/{rel}","templated":true}]}}