{"id":5529,"date":"2023-08-28T00:00:00","date_gmt":"2023-08-28T03:00:00","guid":{"rendered":"https:\/\/www.ambito.com\/edicion-impresa\/rusia-confirmo-la-muerte-prigozhin-y-los-aliados-del-lider-mercenario-juran-venganza-n5805800"},"modified":"2023-08-28T00:00:00","modified_gmt":"2023-08-28T03:00:00","slug":"rusia-confirmo-la-muerte-de-prigozhin-y-los-aliados-del-lider-mercenario-juran-venganza","status":"publish","type":"post","link":"https:\/\/infolanus.com\/index.php\/2023\/08\/28\/rusia-confirmo-la-muerte-de-prigozhin-y-los-aliados-del-lider-mercenario-juran-venganza\/","title":{"rendered":"Rusia confirm\u00f3 la muerte de Prigozhin y los aliados del l\u00edder mercenario juran venganza"},"content":{"rendered":"<div><img data-recalc-dims=\"1\" decoding=\"async\" src=\"https:\/\/i0.wp.com\/media.ambito.com\/p\/3aabdfbee0b53168dd6bc023433d6e72\/adjuntos\/239\/imagenes\/040\/938\/0040938850\/1200x675\/smart\/inter-ukraine-crisis_optjpeg.jpeg?w=640&#038;ssl=1\" class=\"ff-og-image-inserted\"><\/div>\n<div id>\n<p>Mosc\u00fa &#8211; Rusia confirm\u00f3 ayer formalmente la muerte de Yevgueni Prigozhin, el l\u00edder del grupo paramilitar Wagner, cuyo avi\u00f3n se estrell\u00f3 el mi\u00e9rcoles, en medio de crecientes interrogantes sobre la causa del accidente y amenazas de venganza de sus partidarios. <\/p>\n<\/div>\n<div id>\n<p>El avi\u00f3n privado que transportaba Prigozhin y sus colaboradores cercanos se estrell\u00f3 en la regi\u00f3n del Tver, ubicada al noroeste de Mosc\u00fa. <\/p>\n<\/div>\n<div id>\n<p>Tras llevarse a cabo un \u201can\u00e1lisis gen\u00e9tico molecular\u201d, se ha establecido que las identidades de las diez v\u00edctimas cuyos cuerpos fueron encontrados \u201ccorresponden a la lista\u201d de pasajeros y tripulantes del avi\u00f3n, inform\u00f3 el Comit\u00e9 de Investigaci\u00f3n ruso en un comunicado.<\/p>\n<\/div>\n<div id>\n<p>Adem\u00e1s de Prigozhin, en la lista figuraba su brazo derecho, Dmitri Utkin, jefe de operaciones del grupo mercenario, cuya existencia reci\u00e9n fue reconocida por el Kremlin a fines de 2022.<\/p>\n<\/div>\n<div id>\n<p>El accidente se produjo exactamente dos meses despu\u00e9s de que Wagner protagonizara un mot\u00edn contra la c\u00fapula militar de Mosc\u00fa, lo que desat\u00f3 una ola de especulaciones sobre el origen del siniestro.<\/p>\n<p>Gobiernos occidentales y opositores al presidente ruso, Vlad\u00edmir Putin, insinuaron que el Kremlin pod\u00eda estar detr\u00e1s del suceso. El Kremlin, sin embargo, neg\u00f3 tajantemente esas acusaciones y el presidente ruso prometi\u00f3 una investigaci\u00f3n \u201ca fondo\u201d sobre el caso. Por el momento, los investigadores rusos no han mencionado ninguna hip\u00f3tesis sobre las causas del accidente.<\/p>\n<p>El presidente de Bielorrusia, pa\u00eds aliado de Mosc\u00fa, Alexander Lukashenko, dio su apoyo al Kremlin y afirm\u00f3 que no \u201cpod\u00eda imaginar\u201d al presidente ruso dando la orden de asesinar al l\u00edder de Wagner.<\/p>\n<p>Reacciones<\/p>\n<p>Desde el accidente a\u00e9reo, se alzaron altares improvisados en homenaje a Prigozhin en varios ciudades del pa\u00eds, desde Novosibirsk (Siberia occidental) hasta San Petersburgo (noroeste).<\/p>\n<p>Los peque\u00f1os memoriales ilustran la popularidad de Prigozhin en esas zonas, donde el grupo Wagner dispon\u00eda de centros de entrenamiento.<\/p>\n<p>\u201cLo mataron sus enemigos, pero esperamos que haya una venganza contra los que cometieron este crimen\u201d, declar\u00f3 ayer a la prensa un partidario de Prigozhin, frente a un memorial lleno de flores en Mosc\u00fa. Prigozhin y Utkin \u201cpermanecer\u00e1n en nuestra historia como verdaderos h\u00e9roes, como un ejemplo del tipo de personas que hay que ser\u201d, a\u00f1adi\u00f3 este hombre vestido con una camiseta que llevaba la letra \u201cZ\u201d en may\u00fascula, s\u00edmbolo de la ofensiva rusa en Ucrania, que empez\u00f3 en febrero de 2022.<\/p>\n<p>Putin acus\u00f3 a Prigozhin, que conoc\u00eda desde los a\u00f1os 1990, de \u201ctraidor\u201d despu\u00e9s de que protagonizara un mot\u00edn armado los d\u00edas 23 y 24 de junio contra la c\u00fapula militar rusa. <\/p>\n<p>La rebeli\u00f3n abortada de Wagner sacudi\u00f3 al Gobierno ruso en medio del conflicto con Ucrania. <\/p>\n<p>Tras un largo silencio, el dirigente ruso destac\u00f3 el jueves la \u201ccontribuci\u00f3n\u201d de Prigozhin en la ofensiva en Ucrania, a pesar de sus \u201cerrores\u201d.<\/p>\n<p>Prigozhin dio marcha atr\u00e1s en junio despu\u00e9s de que se sellara un acuerdo para que pudiera exiliarse con sus hombres en Bielorrusia y se retiraran los cargos en su contra. Sin embargo, sigui\u00f3 viajando a Rusia y en junio acudi\u00f3 al menos una vez al Kremlin.<\/p>\n<p>Wagner, que sali\u00f3 de Ucrania tras el mot\u00edn, sigue presente en \u00c1frica, aunque su futuro est\u00e1 ahora en cuesti\u00f3n. El grupo ha sido acusado de abusos, ejecuciones extrajudiciales y torturas.<\/p>\n<p>La confirmaci\u00f3n de la muerte de Prigozhin coincide con un recrudecimiento de los ataques entre Rusia y Ucrania.<\/p>\n<\/div>\n","protected":false},"excerpt":{"rendered":"<p>Mosc\u00fa &#8211; Rusia confirm\u00f3 ayer formalmente la muerte de Yevgueni Prigozhin, el l\u00edder del grupo paramilitar Wagner, cuyo avi\u00f3n se estrell\u00f3 el mi\u00e9rcoles, en medio de crecientes interrogantes sobre la causa del accidente y amenazas de venganza de sus partidarios. El avi\u00f3n privado que transportaba Prigozhin y sus colaboradores cercanos se estrell\u00f3 en la regi\u00f3n [&hellip;]<\/p>\n","protected":false},"author":2,"featured_media":5530,"comment_status":"closed","ping_status":"closed","sticky":false,"template":"","format":"standard","meta":{"jetpack_post_was_ever_published":false,"_jetpack_newsletter_access":"","_jetpack_dont_email_post_to_subs":false,"_jetpack_newsletter_tier_id":0,"_jetpack_memberships_contains_paywalled_content":false,"_jetpack_memberships_contains_paid_content":false,"footnotes":"","jetpack_publicize_message":"","jetpack_publicize_feature_enabled":true,"jetpack_social_post_already_shared":true,"jetpack_social_options":{"image_generator_settings":{"template":"highway","enabled":false},"version":2}},"categories":[20],"tags":[1287],"class_list":["post-5529","post","type-post","status-publish","format-standard","has-post-thumbnail","hentry","category-mundo","tag-edicion-impresa"],"jetpack_publicize_connections":[],"jetpack_featured_media_url":"https:\/\/i0.wp.com\/infolanus.com\/wp-content\/uploads\/2023\/08\/rusia-confirmo-la-muerte-de-prigozhin-y-los-aliados-del-lider-mercenario-juran-venganza.jpg?fit=1200%2C675&ssl=1","jetpack_sharing_enabled":true,"jetpack_shortlink":"https:\/\/wp.me\/p9QtMr-1rb","_links":{"self":[{"href":"https:\/\/infolanus.com\/index.php\/wp-json\/wp\/v2\/posts\/5529","targetHints":{"allow":["GET"]}}],"collection":[{"href":"https:\/\/infolanus.com\/index.php\/wp-json\/wp\/v2\/posts"}],"about":[{"href":"https:\/\/infolanus.com\/index.php\/wp-json\/wp\/v2\/types\/post"}],"author":[{"embeddable":true,"href":"https:\/\/infolanus.com\/index.php\/wp-json\/wp\/v2\/users\/2"}],"replies":[{"embeddable":true,"href":"https:\/\/infolanus.com\/index.php\/wp-json\/wp\/v2\/comments?post=5529"}],"version-history":[{"count":0,"href":"https:\/\/infolanus.com\/index.php\/wp-json\/wp\/v2\/posts\/5529\/revisions"}],"wp:featuredmedia":[{"embeddable":true,"href":"https:\/\/infolanus.com\/index.php\/wp-json\/wp\/v2\/media\/5530"}],"wp:attachment":[{"href":"https:\/\/infolanus.com\/index.php\/wp-json\/wp\/v2\/media?parent=5529"}],"wp:term":[{"taxonomy":"category","embeddable":true,"href":"https:\/\/infolanus.com\/index.php\/wp-json\/wp\/v2\/categories?post=5529"},{"taxonomy":"post_tag","embeddable":true,"href":"https:\/\/infolanus.com\/index.php\/wp-json\/wp\/v2\/tags?post=5529"}],"curies":[{"name":"wp","href":"https:\/\/api.w.org\/{rel}","templated":true}]}}