{"id":5558,"date":"2023-09-01T00:00:00","date_gmt":"2023-09-01T03:00:00","guid":{"rendered":"https:\/\/www.ambito.com\/edicion-impresa\/una-ola-precedentes-coches-bomba-sacude-ecuador-y-atiza-el-fantasma-narco-n5809826"},"modified":"2023-09-01T00:00:00","modified_gmt":"2023-09-01T03:00:00","slug":"una-ola-sin-precedentes-de-coches-bomba-sacude-a-ecuador-y-atiza-el-fantasma-narco","status":"publish","type":"post","link":"https:\/\/infolanus.com\/index.php\/2023\/09\/01\/una-ola-sin-precedentes-de-coches-bomba-sacude-a-ecuador-y-atiza-el-fantasma-narco\/","title":{"rendered":"Una ola sin precedentes de coches bomba sacude a Ecuador y atiza el fantasma narco"},"content":{"rendered":"<div><img data-recalc-dims=\"1\" decoding=\"async\" src=\"https:\/\/i0.wp.com\/media.ambito.com\/p\/b93e841517b85babc8fcb4d9d3c2187c\/adjuntos\/239\/imagenes\/040\/950\/0040950982\/1200x675\/smart\/inter-ecuador-explos_optjpeg.jpeg?w=640&#038;ssl=1\" class=\"ff-og-image-inserted\"><\/div>\n<div id>\n<p>Quito &#8211; Quito fue blanco de inusuales ataques con granadas y al menos dos atentados con coches bomba contra la autoridad encargada de las prisiones en Ecuador, que funcionan como centros de operaciones de bandas del narcotr\u00e1fico.<\/p>\n<\/div>\n<div id>\n<p>Los ataques, que comenzaron en la noche del mi\u00e9rcoles en una zona comercial de Quito, no dejaron v\u00edctimas. Son una nueva muestra del poder del crimen organizado aliado a carteles colombianos y mexicanos en un pa\u00eds cada vez m\u00e1s violento, que hasta hace pocos a\u00f1os era un oasis de paz entre la mencionada Colombia y Per\u00fa, los dos mayores productores mundiales de coca\u00edna.<\/p>\n<\/div>\n<div id>\n<p>Ecuador se encuentra en medio de un proceso electoral que culminar\u00e1 en el balotaje presidencial del pr\u00f3ximo 15 de octubre, cuando se enfrenten la candidata del movimiento corre\u00edsta Revoluci\u00f3n Ciudadana (RC), Luisa Gonz\u00e1lez, y el empresario Daniel Noboa, de la Alianza Democr\u00e1tica Nacional. La seguridad y la violencia de las mafias del narcotr\u00e1fico se ha adue\u00f1ado del debate tras el asesinato, poco antes del primer turno, de uno de los candidatos que ten\u00eda mayor intenci\u00f3n de voto, el periodista Fernando Villavicencio.<\/p>\n<\/div>\n<div id>\n<p>Los dos coches bomba, un autom\u00f3vil sed\u00e1n y una camioneta, cargaban garrafas de gas. Uno de ellos explot\u00f3 frente a la actual sede de la autoridad estatal a cargo de las prisiones, el SNAI, y el otro fuera de un edificio que anteriormente albergaba oficinas de ese organismo.<\/p>\n<\/div>\n<div id>\n<p>El director de Investigaci\u00f3n Antidrogas de la polic\u00eda, el general Pablo Ram\u00edrez, dijo a la prensa que el sed\u00e1n ten\u00eda \u201cdos cilindros de gas con combustible, mecha lenta y aparentemente tacos de dinamita\u201d.<\/p>\n<p>\u201cNo existen personas afectadas\u201d, informaron bomberos.<\/p>\n<p><b>Focos<\/b><\/p>\n<p> En medio de la sangrienta guerra entre bandas, las c\u00e1rceles -territorios en disputa, lo mismo que las calles- han sido foco de varias masacres que han dejado m\u00e1s de 430 presos muertos desde 2021.<\/p>\n<p>Adem\u00e1s tres granadas estallaron en Quito, inform\u00f3 el alcalde Pabel Mu\u00f1oz a trav\u00e9s de la red social X, antes Twitter. <\/p>\n<p>Seis personas, entre ellas una de nacionalidad colombiana, fueron detenidas a varios kil\u00f3metros del sitio de una de las explosiones, de acuerdo a Ram\u00edrez. Tienen antecedentes por extorsi\u00f3n, robo, asesinato y est\u00e1n presuntamente vinculados al ataque, a\u00f1adi\u00f3.<\/p>\n<p>\u201cTres de ellos fueron detenidos hace 15 d\u00edas por el robo de un cami\u00f3n y secuestros extorsivos en diferentes puntos de la ciudad y fueron liberados con medidas sustitutivas\u201d, apunt\u00f3 el jefe policial.<\/p>\n<p>Aunque en Ecuador se multiplican los asesinatos, secuestros y extorsiones, este tipo de ataques es raro en la capital ecuatoriana. <\/p>\n<p>El sed\u00e1n y la camioneta quedaron destruidos. Seg\u00fan la polic\u00eda, dos ciudadanos en motocicleta \u201chabr\u00edan lanzado l\u00edquido inflamable\u201d contra el sed\u00e1n estacionado y cargado con dos cilindros de gas.<\/p>\n<p>El SNAI traslad\u00f3 el mi\u00e9rcoles presos a otras penitenciar\u00edas para evitar enfrentamientos entre bandas de narcotraficantes. <\/p>\n<p>Ram\u00edrez sostuvo que el cambio de c\u00e1rcel de los reclusos \u201cposiblemente ser\u00eda\u201d lo que motiv\u00f3 el estallido de los coches bomba en ese sitio.<\/p>\n<p>\u201cQuieren amedrentar al Estado para evitar que sigamos cumpliendo con la funci\u00f3n que tienen las Fuerzas Armadas y la Polic\u00eda en controlar estos centros penitenciaros\u201d, dijo a la radio FM Mundo el ministro de Seguridad, Wagner Bravo.<\/p>\n<p><b>Precedentes<\/b><\/p>\n<p> En enero de 2018 se registr\u00f3 el estallido de un coche bomba frente a un cuartel policial en un poblado ecuatoriano fronterizo con Colombia (norte), con un saldo de 23 heridos leves. <\/p>\n<p>La violencia recrudece en medio de la campa\u00f1a electoral para las presidenciales en Ecuador, a un mes y medio del balotaje.<\/p>\n<p>Los coches bomba recuerdan el terror que sembr\u00f3 en Colombia el abatido bar\u00f3n de la coca\u00edna, Pablo Escobar, entre 1980 y 1990 cuando le declar\u00f3 la guerra al Estado para evitar su extradici\u00f3n a Estados Unidos.<\/p>\n<p>Ante la lucha por el poder que sostienen organizaciones aliadas a carteles mexicanos y colombianos, el presidente Guillermo Lasso decret\u00f3 el 24 de julio el estado de excepci\u00f3n por 60 d\u00edas para todo el sistema penitenciario de Ecuador, lo que le permite desplegar militares para el control de los reclusorios.<\/p>\n<p>Bajo ese mandato, cientos de soldados y polic\u00edas intervinieron el mi\u00e9rcoles para buscar armas, municiones y explosivos en una c\u00e1rcel localizada en la ciudad andina de Latacunga (sur), de las principales de la naci\u00f3n y uno de los escenarios de las matanzas entre presos.<\/p>\n<p>En protesta por la intervenci\u00f3n, reclusos de la c\u00e1rcel de la ciudad de Cuenca (sur andino) retuvieron a guardias penitenciarios. \u201cLos servidores retenidos est\u00e1n en buen estado\u201d, se\u00f1al\u00f3 el SNAI, sin precisar si ya fueron liberados.<\/p>\n<p>La ciudad portuaria de Guayaquil (suroeste), la segunda de Ecuador, se ha convertido en un basti\u00f3n de la violencia narco, que ha recrudecido con coches bomba, masacres carcelarias, cad\u00e1veres desmembrados y colgados de puentes, secuestros y extorsiones.<\/p>\n<p>Bandas del narcotr\u00e1fico, que usan las c\u00e1rceles como centros de operaciones, tambi\u00e9n se enfrentan en las calles, donde la tasa de homicidios subi\u00f3 al r\u00e9cord de 26 por cada 100.000 habitantes en 2022, casi el doble del a\u00f1o anterior.<\/p>\n<p>Desde 2021, Ecuador ha incautado unas 530 toneladas de coca\u00edna.<\/p>\n<\/div>\n","protected":false},"excerpt":{"rendered":"<p>Quito &#8211; Quito fue blanco de inusuales ataques con granadas y al menos dos atentados con coches bomba contra la autoridad encargada de las prisiones en Ecuador, que funcionan como centros de operaciones de bandas del narcotr\u00e1fico. Los ataques, que comenzaron en la noche del mi\u00e9rcoles en una zona comercial de Quito, no dejaron v\u00edctimas. [&hellip;]<\/p>\n","protected":false},"author":2,"featured_media":5559,"comment_status":"closed","ping_status":"closed","sticky":false,"template":"","format":"standard","meta":{"jetpack_post_was_ever_published":false,"_jetpack_newsletter_access":"","_jetpack_dont_email_post_to_subs":false,"_jetpack_newsletter_tier_id":0,"_jetpack_memberships_contains_paywalled_content":false,"_jetpack_memberships_contains_paid_content":false,"footnotes":"","jetpack_publicize_message":"","jetpack_publicize_feature_enabled":true,"jetpack_social_post_already_shared":true,"jetpack_social_options":{"image_generator_settings":{"template":"highway","enabled":false},"version":2}},"categories":[20],"tags":[1286],"class_list":["post-5558","post","type-post","status-publish","format-standard","has-post-thumbnail","hentry","category-mundo","tag-mundo"],"jetpack_publicize_connections":[],"jetpack_featured_media_url":"https:\/\/i0.wp.com\/infolanus.com\/wp-content\/uploads\/2023\/09\/una-ola-sin-precedentes-de-coches-bomba-sacude-a-ecuador-y-atiza-el-fantasma-narco.jpg?fit=1200%2C675&ssl=1","jetpack_sharing_enabled":true,"jetpack_shortlink":"https:\/\/wp.me\/p9QtMr-1rE","_links":{"self":[{"href":"https:\/\/infolanus.com\/index.php\/wp-json\/wp\/v2\/posts\/5558","targetHints":{"allow":["GET"]}}],"collection":[{"href":"https:\/\/infolanus.com\/index.php\/wp-json\/wp\/v2\/posts"}],"about":[{"href":"https:\/\/infolanus.com\/index.php\/wp-json\/wp\/v2\/types\/post"}],"author":[{"embeddable":true,"href":"https:\/\/infolanus.com\/index.php\/wp-json\/wp\/v2\/users\/2"}],"replies":[{"embeddable":true,"href":"https:\/\/infolanus.com\/index.php\/wp-json\/wp\/v2\/comments?post=5558"}],"version-history":[{"count":0,"href":"https:\/\/infolanus.com\/index.php\/wp-json\/wp\/v2\/posts\/5558\/revisions"}],"wp:featuredmedia":[{"embeddable":true,"href":"https:\/\/infolanus.com\/index.php\/wp-json\/wp\/v2\/media\/5559"}],"wp:attachment":[{"href":"https:\/\/infolanus.com\/index.php\/wp-json\/wp\/v2\/media?parent=5558"}],"wp:term":[{"taxonomy":"category","embeddable":true,"href":"https:\/\/infolanus.com\/index.php\/wp-json\/wp\/v2\/categories?post=5558"},{"taxonomy":"post_tag","embeddable":true,"href":"https:\/\/infolanus.com\/index.php\/wp-json\/wp\/v2\/tags?post=5558"}],"curies":[{"name":"wp","href":"https:\/\/api.w.org\/{rel}","templated":true}]}}