{"id":5562,"date":"2023-09-01T22:41:01","date_gmt":"2023-09-02T01:41:01","guid":{"rendered":"http:\/\/infolanus.com\/index.php\/2023\/09\/01\/julian-alvarez-ya-esta-con-la-cabeza-puesta-en-la-seleccion-argentina-se-vienen-cosas-importantes\/"},"modified":"2023-09-01T22:41:01","modified_gmt":"2023-09-02T01:41:01","slug":"julian-alvarez-ya-esta-con-la-cabeza-puesta-en-la-seleccion-argentina-se-vienen-cosas-importantes","status":"publish","type":"post","link":"https:\/\/infolanus.com\/index.php\/2023\/09\/01\/julian-alvarez-ya-esta-con-la-cabeza-puesta-en-la-seleccion-argentina-se-vienen-cosas-importantes\/","title":{"rendered":"Juli\u00e1n \u00c1lvarez ya est\u00e1 con la cabeza puesta en la Selecci\u00f3n Argentina: &#8220;Se vienen cosas importantes&#8221;"},"content":{"rendered":"<div class=\"media_block\"><\/div>\n<div><img data-recalc-dims=\"1\" decoding=\"async\" src=\"https:\/\/i0.wp.com\/fotos.perfil.com\/2023\/09\/01\/trim\/1140\/641\/alvarez-1644768.jpg?w=640&#038;ssl=1\" class=\"ff-og-image-inserted\"><\/div>\n<p>Uno de los grandes responsables de la tercera estrella de la&nbsp;<strong>Selecci\u00f3n Argentina<\/strong>&nbsp;fue&nbsp;<a target=\"_blank\" href=\"https:\/\/442.perfil.com\/noticias\/futbol\/con-gol-de-julian-alvarez-manchester-city-vencio-a-newcastle.phtml\"><strong>Juli\u00e1n \u00c1lvarez<\/strong><\/a>, quien intent\u00f3 no aferrarse a la gloria del pasado, sino ir por m\u00e1s y empezar con el pie derecho en las pr\u00f3ximas <a target=\"_blank\" href=\"https:\/\/442.perfil.com\/noticias\/seleccion-argentina\/en-menos-de-dos-horas-volaron-las-entradas-para-el-partido-de-la-seleccion-argentina-contra-ecuador.phtml\"><strong>Eliminatorias<\/strong><\/a>.<\/p>\n<p>&#8220;Despu\u00e9s de lo que logramos en la Selecci\u00f3n siempre va a ser lindo volver. Hemos vividos cosas muy lindas con los fans y toda la gente en Argentina. Ahora arrancan las Eliminatorias, <strong>se vienen cosas importantes por jugar<\/strong>\u201d, expres\u00f3 la&nbsp;<em>Ara\u00f1a<\/em>.<\/p>\n<p>Autor de cuatro goles en siete partidos en la <strong>Copa del Mundo<\/strong>, el delantero tambi\u00e9n pidi\u00f3 que baje la fiebre mundialista y as\u00ed apuntar los ca\u00f1ones directo a los compromisos que se vislumbran en el horizonte cercano:&nbsp;\u201cCreo que <strong>hay que olvidarse un poco de lo que ya pas\u00f3 y enfocarse en lo que viene<\/strong> que va a ser muy importante\u201d.<\/p>\n<p>Tambi\u00e9n se refiri\u00f3 a su estad\u00eda en <strong>Manchester City<\/strong> y revel\u00f3 cu\u00e1l fue su mejor gol de la temporada pasada:&nbsp;\u201cPodr\u00eda decir varios, pero <strong>me quedo con el que le hice a Fulham<\/strong> porque eran los \u00faltimos partidos de Premier League y necesit\u00e1bamos ganar. Fue para lograr el 2-1 fuera de casa, fueron 3 puntos incre\u00edbles y pasamos a ser primeros por encima de Arsenal en la tabla. Fue un gol muy lindo e importante\u201d.<\/p>\n<p>Si bien el a\u00f1o pasado&nbsp;estuvo bajo la sombra de <strong>Erling Haaland<\/strong>, hoy en d\u00eda <strong>Pep Guardiola<\/strong> los&nbsp;considera complementarios en el ataque y ya jugaron juntos varias veces de arranque. Consultado sobre cu\u00e1ntos goles piensa marcar, el ex <strong>River<\/strong> fue claro:&nbsp;\u201cNunca me pongo un objetivo. Ojal\u00e1 que sean m\u00e1s que la temporada anterior, pero siempre digo que ayudar al equipo donde sea es lo m\u00e1s importante. Siempre trato de entrenarme para estar al 100% y ser una opci\u00f3n para el cuerpo t\u00e9cnico y ayudar a mis compa\u00f1eros\u201d.<\/p>\n","protected":false},"excerpt":{"rendered":"<p>Uno de los grandes responsables de la tercera estrella de la&nbsp;Selecci\u00f3n Argentina&nbsp;fue&nbsp;Juli\u00e1n \u00c1lvarez, quien intent\u00f3 no aferrarse a la gloria del pasado, sino ir por m\u00e1s y empezar con el pie derecho en las pr\u00f3ximas Eliminatorias. &#8220;Despu\u00e9s de lo que logramos en la Selecci\u00f3n siempre va a ser lindo volver. Hemos vividos cosas muy lindas [&hellip;]<\/p>\n","protected":false},"author":2,"featured_media":5563,"comment_status":"closed","ping_status":"closed","sticky":false,"template":"","format":"standard","meta":{"jetpack_post_was_ever_published":false,"_jetpack_newsletter_access":"","_jetpack_dont_email_post_to_subs":false,"_jetpack_newsletter_tier_id":0,"_jetpack_memberships_contains_paywalled_content":false,"_jetpack_memberships_contains_paid_content":false,"footnotes":"","jetpack_publicize_message":"","jetpack_publicize_feature_enabled":true,"jetpack_social_post_already_shared":true,"jetpack_social_options":{"image_generator_settings":{"template":"highway","enabled":false},"version":2}},"categories":[17],"tags":[],"class_list":["post-5562","post","type-post","status-publish","format-standard","has-post-thumbnail","hentry","category-deportes"],"jetpack_publicize_connections":[],"jetpack_featured_media_url":"https:\/\/i0.wp.com\/infolanus.com\/wp-content\/uploads\/2023\/09\/julian-alvarez-ya-esta-con-la-cabeza-puesta-en-la-seleccion-argentina-se-vienen-cosas-importantes.jpg?fit=1140%2C641&ssl=1","jetpack_sharing_enabled":true,"jetpack_shortlink":"https:\/\/wp.me\/p9QtMr-1rI","_links":{"self":[{"href":"https:\/\/infolanus.com\/index.php\/wp-json\/wp\/v2\/posts\/5562","targetHints":{"allow":["GET"]}}],"collection":[{"href":"https:\/\/infolanus.com\/index.php\/wp-json\/wp\/v2\/posts"}],"about":[{"href":"https:\/\/infolanus.com\/index.php\/wp-json\/wp\/v2\/types\/post"}],"author":[{"embeddable":true,"href":"https:\/\/infolanus.com\/index.php\/wp-json\/wp\/v2\/users\/2"}],"replies":[{"embeddable":true,"href":"https:\/\/infolanus.com\/index.php\/wp-json\/wp\/v2\/comments?post=5562"}],"version-history":[{"count":0,"href":"https:\/\/infolanus.com\/index.php\/wp-json\/wp\/v2\/posts\/5562\/revisions"}],"wp:featuredmedia":[{"embeddable":true,"href":"https:\/\/infolanus.com\/index.php\/wp-json\/wp\/v2\/media\/5563"}],"wp:attachment":[{"href":"https:\/\/infolanus.com\/index.php\/wp-json\/wp\/v2\/media?parent=5562"}],"wp:term":[{"taxonomy":"category","embeddable":true,"href":"https:\/\/infolanus.com\/index.php\/wp-json\/wp\/v2\/categories?post=5562"},{"taxonomy":"post_tag","embeddable":true,"href":"https:\/\/infolanus.com\/index.php\/wp-json\/wp\/v2\/tags?post=5562"}],"curies":[{"name":"wp","href":"https:\/\/api.w.org\/{rel}","templated":true}]}}