{"id":5564,"date":"2023-09-01T21:27:35","date_gmt":"2023-09-02T00:27:35","guid":{"rendered":"https:\/\/www.ambito.com\/uruguay\/la-aerolinea-sky-regresa-2024-vuelos-directos-brasil-chile-y-peru-n5810511"},"modified":"2023-09-01T21:27:35","modified_gmt":"2023-09-02T00:27:35","slug":"la-aerolinea-sky-regresa-a-uruguay-en-2024-con-vuelos-directos-a-brasil-chile-y-peru","status":"publish","type":"post","link":"https:\/\/infolanus.com\/index.php\/2023\/09\/01\/la-aerolinea-sky-regresa-a-uruguay-en-2024-con-vuelos-directos-a-brasil-chile-y-peru\/","title":{"rendered":"La aerol\u00ednea SKY regresa a Uruguay en 2024 con vuelos directos a Brasil, Chile y Per\u00fa"},"content":{"rendered":"<p><!-- { REGION4 --> <\/p>\n<header class=\"news-headline\">\n<div class=\"news-headline__topics-and-date-wrapper\"> <span class=\"news-headline__publication-date\"> 1 de septiembre 2023 &#8211; 21:27 <\/span><\/div>\n<h2 class=\"news-headline__article-summary\">\tEl ministro de Turismo, Tabar\u00e9 Viera, destac\u00f3 que la llegada de la compa\u00f1\u00eda &#8220;ampl\u00eda la oferta en la conectividad&#8221;. <\/h2>\n<\/header>\n<div class=\"detail-highlighted-multimedia content-protected-false\">\n<figure class=\"detail-highlighted-multimedia__figure\"> <img data-recalc-dims=\"1\" loading=\"lazy\" decoding=\"async\" src=\"https:\/\/i0.wp.com\/media.ambito.com\/p\/a1f53113d482da0f2f22a5d045d2760b\/adjuntos\/351\/imagenes\/040\/952\/0040952935\/655x368\/smart\/sky-airlines-avion-vuelosjpg.jpg?resize=640%2C400&#038;ssl=1\" class=\"detail-highlighted-multimedia__figure-img img-fluid\" alt=\"La chilena Sky regresa a Uruguay para conectar al pa\u00eds con la regi\u00f3n.\" width=\"640\" height=\"400\"><figcaption class=\"detail-highlighted-multimedia__figcaption\" readability=\"-24\"> <\/figcaption><\/figure>\n<\/p><\/div>\n<article class=\"article-body article-body--first-paragraph content-protected-false\" data-td-script-src=\"https:\/\/www.ambito.com\/td\/modulos\/encuestas\/js\/function-embeds-min-version-1660312092.js\" readability=\"29.222641509434\">\n<p>La aerol\u00ednea chilena <strong>SKY <\/strong>regresar\u00e1 a <strong>Uruguay <\/strong>en 2024 con el objetivo de conectar al pa\u00eds con<a href=\"https:\/\/www.ambito.com\/uruguay\/el-aeropuerto-punta-del-este-recibira-vuelos-paraguay-el-verano-2023-2024-n5769882\" target=\"_blank\" rel=\"follow noopener\"> el resto de la regi\u00f3n, <\/a> seg\u00fan confirm\u00f3 el <strong>ministro de Turismo, Tabar\u00e9 Viera, <\/strong>quien valor\u00f3 que la llegada de la compa\u00f1\u00eda \u201campl\u00eda la oferta en la conectividad\u201d.<\/p>\n<\/article>\n<article class=\"article-body article-body--second-paragraph content-protected-false\" readability=\"30.706948640483\">\n<p>Se espera que la empresa tome <a href=\"https:\/\/www.ambito.com\/uruguay\/latam-expandira-sus-vuelos-montevideo-fin-2023-n5587107\" target=\"_blank\" rel=\"follow noopener\"> 4 rutas internacionales <\/a>que conectar\u00e1n con vuelos directos a <strong>Montevideo <\/strong>con las ciudades de <strong>Brasil, <\/strong>Salvador de Bah\u00eda y Florian\u00f3polis, Santiago de <strong>Chile <\/strong>y Lima <strong>(Per\u00fa). <\/strong>De acuerdo a las estimaciones, el a\u00f1o pr\u00f3ximo SKY transportar\u00e1 a m\u00e1s de 100.000 pasajeros entre ingresos y egresos del pa\u00eds.<\/p>\n<\/article>\n<section class=\"related-news\"> <span class=\"related-news__title\">Informate m\u00e1s<\/span> <\/p>\n<div class=\"row row--eq-height\">\n<div class=\"col-12 col-md-6\">\n<article class=\"news-article news-article--landscape-news news-article--landscape-news\">\n<figure class=\"news-article__figure figure\"> <a href=\"https:\/\/www.ambito.com\/uruguay\/salto-negocia-concordia-que-su-futuro-aeropuerto-sea-binacional-n5804017\" target title=\"\u00e1mbito.com | Salto negocia con Concordia para que su futuro aeropuerto sea binacional\" alt=\"\u00e1mbito.com | Salto negocia con Concordia para que su futuro aeropuerto sea binacional\" rel=\"noindex nofollow noreferrer\"> <img loading=\"lazy\" decoding=\"async\" src=\"https:\/\/www.ambito.com\/css-custom\/351\/lazy.svg\" data-td-src-property=\"https:\/\/media.ambito.com\/p\/820331590ca47956581998bdf8aa6e30\/adjuntos\/351\/imagenes\/040\/290\/0040290623\/93x52\/smart\/avionjpg.jpg\" alt=\"Salto quiere tener un aeropuerto binacional con la ciudad argentina de Concordia.\" title=\"Salto quiere tener un aeropuerto binacional con la ciudad argentina de Concordia.\" width=\"93\" height=\"52\" class=\"news-article__figure-img figure-img img-fluid\"> <\/a><\/figure>\n<\/article><\/div>\n<div class=\"col-12 col-md-6\">\n<article class=\"news-article news-article--landscape-news news-article--landscape-news\">\n<figure class=\"news-article__figure figure\"> <a href=\"https:\/\/www.ambito.com\/uruguay\/latam-expandira-sus-vuelos-montevideo-fin-2023-n5587107\" target title=\"\u00e1mbito.com | Latam expandir\u00e1 sus vuelos desde Montevideo para fin de 2023\" alt=\"\u00e1mbito.com | Latam expandir\u00e1 sus vuelos desde Montevideo para fin de 2023\" rel=\"noindex nofollow noreferrer\"> <img loading=\"lazy\" decoding=\"async\" src=\"https:\/\/www.ambito.com\/css-custom\/351\/lazy.svg\" data-td-src-property=\"https:\/\/media.ambito.com\/p\/3d58ea8e78bfb61275a448318184a55d\/adjuntos\/239\/imagenes\/039\/841\/0039841488\/93x52\/smart\/latamjpg.jpg\" alt=\"Latam podr\u00eda sumar vuelos a Maldonado durante la temporada.\" title=\"Latam podr\u00eda sumar vuelos a Maldonado durante la temporada.\" width=\"93\" height=\"52\" class=\"news-article__figure-img figure-img img-fluid\"> <\/a><\/figure>\n<\/article><\/div>\n<\/div>\n<\/section>\n<article class=\"article-body article-body--third-paragraph content-protected-false\" readability=\"31\">\n<p> <strong>Viera <\/strong>anunci\u00f3 el retorno de la firma, con 22 a\u00f1os de historia y presencia en 8 pa\u00edses de Am\u00e9rica, durante un evento en la sala Arredondo del <strong>Ministerio de Turismo. <\/strong>All\u00ed consider\u00f3 que la llegada de la aerol\u00ednea \u201campl\u00eda la oferta en la conectividad de <strong>Uruguay <\/strong>con la regi\u00f3n y el mundo\u201d.<\/p>\n<\/article>\n<article class=\"article-body article-body--fourth-paragraph content-protected-false\" readability=\"32\">\n<p>\u201cEs fundamental para el desarrollo del turismo y del pa\u00eds\u201d, destac\u00f3 el jerarca junto al director general de Transporte A\u00e9reo de la cartera de Transporte y Obras P\u00fablicas, <strong>Daniel Olmedo;<\/strong> y la directora comercial de SKY Airlines, <strong>Carmen Serrat.<\/strong><\/p>\n<\/article>\n<article class=\"article-body article-body--remaining-paragraph content-protected-false\" readability=\"45.635307781649\">\n<h2> Se recuper\u00f3 el 80% de las frecuencias prepandemia<\/h2>\n<p>Por otra parte, el ministro destac\u00f3 que el pa\u00eds recuper\u00f3 <a href=\"https:\/\/www.ambito.com\/uruguay\/montevideo-recupero-la-conexion-directa-buenos-aires-vuelos-aerolineas-argentinas-n5695426\" target=\"_blank\" rel=\"follow noopener\"> el 80% de las frecuencias <\/a>que operaban en 2019 y hab\u00edan mermado durante la <strong>pandemia <\/strong>de Covid-19. En tal sentido, resalt\u00f3 que la llegada de la firma chilena \u201cviene muy bien, porque es una compa\u00f1\u00eda que va a brindar muy buen servicio con bajos costos\u201d.<\/p>\n<p>En tanto, <strong>SKY <\/strong>oficializ\u00f3, como parte de su estrategia de expansi\u00f3n regional, la intenci\u00f3n de fortalecer su permanencia en <strong>Latinoam\u00e9rica.<\/strong> En esa b\u00fasqueda, consider\u00f3 a el pa\u00eds como destino clave en la red de conectividad. <\/p>\n<p>Desde la compa\u00f1\u00eda precisaron que las nuevas conexiones permitir\u00e1n ampliar la posibilidad de atraer turistas chilenos, un mercado importante porque \u201csus h\u00e1bitos de vacaciones son fuertes en febrero, que es cuando disminuye la cifra de visitantes en <strong>Uruguay\u201d.<\/strong><\/p>\n<\/article>\n<p> <!-- REGION4 } --> <\/p>\n","protected":false},"excerpt":{"rendered":"<p>1 de septiembre 2023 &#8211; 21:27 El ministro de Turismo, Tabar\u00e9 Viera, destac\u00f3 que la llegada de la compa\u00f1\u00eda &#8220;ampl\u00eda la oferta en la conectividad&#8221;. La aerol\u00ednea chilena SKY regresar\u00e1 a Uruguay en 2024 con el objetivo de conectar al pa\u00eds con el resto de la regi\u00f3n, seg\u00fan confirm\u00f3 el ministro de Turismo, Tabar\u00e9 Viera, [&hellip;]<\/p>\n","protected":false},"author":2,"featured_media":5565,"comment_status":"closed","ping_status":"closed","sticky":false,"template":"","format":"standard","meta":{"jetpack_post_was_ever_published":false,"_jetpack_newsletter_access":"","_jetpack_dont_email_post_to_subs":false,"_jetpack_newsletter_tier_id":0,"_jetpack_memberships_contains_paywalled_content":false,"_jetpack_memberships_contains_paid_content":false,"footnotes":"","jetpack_publicize_message":"","jetpack_publicize_feature_enabled":true,"jetpack_social_post_already_shared":true,"jetpack_social_options":{"image_generator_settings":{"template":"highway","enabled":false},"version":2}},"categories":[20],"tags":[1286],"class_list":["post-5564","post","type-post","status-publish","format-standard","has-post-thumbnail","hentry","category-mundo","tag-mundo"],"jetpack_publicize_connections":[],"jetpack_featured_media_url":"https:\/\/i0.wp.com\/infolanus.com\/wp-content\/uploads\/2023\/09\/la-aerolinea-sky-regresa-a-uruguay-en-2024-con-vuelos-directos-a-brasil-chile-y-peru.jpg?fit=655%2C368&ssl=1","jetpack_sharing_enabled":true,"jetpack_shortlink":"https:\/\/wp.me\/p9QtMr-1rK","_links":{"self":[{"href":"https:\/\/infolanus.com\/index.php\/wp-json\/wp\/v2\/posts\/5564","targetHints":{"allow":["GET"]}}],"collection":[{"href":"https:\/\/infolanus.com\/index.php\/wp-json\/wp\/v2\/posts"}],"about":[{"href":"https:\/\/infolanus.com\/index.php\/wp-json\/wp\/v2\/types\/post"}],"author":[{"embeddable":true,"href":"https:\/\/infolanus.com\/index.php\/wp-json\/wp\/v2\/users\/2"}],"replies":[{"embeddable":true,"href":"https:\/\/infolanus.com\/index.php\/wp-json\/wp\/v2\/comments?post=5564"}],"version-history":[{"count":0,"href":"https:\/\/infolanus.com\/index.php\/wp-json\/wp\/v2\/posts\/5564\/revisions"}],"wp:featuredmedia":[{"embeddable":true,"href":"https:\/\/infolanus.com\/index.php\/wp-json\/wp\/v2\/media\/5565"}],"wp:attachment":[{"href":"https:\/\/infolanus.com\/index.php\/wp-json\/wp\/v2\/media?parent=5564"}],"wp:term":[{"taxonomy":"category","embeddable":true,"href":"https:\/\/infolanus.com\/index.php\/wp-json\/wp\/v2\/categories?post=5564"},{"taxonomy":"post_tag","embeddable":true,"href":"https:\/\/infolanus.com\/index.php\/wp-json\/wp\/v2\/tags?post=5564"}],"curies":[{"name":"wp","href":"https:\/\/api.w.org\/{rel}","templated":true}]}}