{"id":5570,"date":"2023-09-02T21:15:29","date_gmt":"2023-09-03T00:15:29","guid":{"rendered":"https:\/\/www.ambito.com\/uruguay\/minerva-que-evaluara-defensa-la-competencia-avalar-o-frenar-la-operacion-n5811131"},"modified":"2023-09-02T21:15:29","modified_gmt":"2023-09-03T00:15:29","slug":"minerva-que-evaluara-defensa-de-la-competencia-para-avalar-o-frenar-la-operacion","status":"publish","type":"post","link":"https:\/\/infolanus.com\/index.php\/2023\/09\/02\/minerva-que-evaluara-defensa-de-la-competencia-para-avalar-o-frenar-la-operacion\/","title":{"rendered":"Minerva: \u00bfQu\u00e9 evaluar\u00e1 Defensa de la Competencia para avalar o frenar la operaci\u00f3n?"},"content":{"rendered":"<div><img data-recalc-dims=\"1\" decoding=\"async\" src=\"https:\/\/i0.wp.com\/media.ambito.com\/p\/3983e8acbbd4a7962aed78c180e17ddd\/adjuntos\/351\/imagenes\/040\/952\/0040952960\/1200x675\/smart\/frigorifico-carnepng.png?w=640&#038;ssl=1\" class=\"ff-og-image-inserted\"><\/div>\n<div id>\n<p>En momentos donde hasta el presidente <strong>Luis Lacalle Pou <a href=\"https:\/\/www.ambito.com\/uruguay\/lacalle-pou-transmitio-su-preocupacion-la-compra-minerva-marfrig-n5810629\" target=\"_blank\" rel=\"follow noopener\"> dej\u00f3 entrever su \u201cpreocupaci\u00f3n\u201d <\/a><\/strong> por la compra de la empresa <strong>Minerva <\/strong>de tres plantas de su competidora <strong>Marfrig, <\/strong>la Comisi\u00f3n de Promoci\u00f3n y Defensa de la Competencia del <strong>Ministerio de Econom\u00eda y Finanzas <\/strong>(MEF) tendr\u00e1 un rol clave, al ser la que autorice o no la operaci\u00f3n.<\/p>\n<\/div>\n<div id>\n<p>Al analizar la transacci\u00f3n, mediante la cual desde algunos sectores alertan que Minerva podr\u00eda pasar a <a href=\"https:\/\/www.ambito.com\/uruguay\/alertan-que-1-cada-2-novillos-o-vacas-gordas-sera-faenado-minerva-n5807667\" target=\"_blank\" rel=\"follow noopener\"> faenar 1 de cada 2 vacas <\/a>en <strong>Uruguay, <\/strong>Defensa de la Competencia deber\u00e1 determinar si constituye una pr\u00e1ctica anticompetitiva y, en caso de que as\u00ed sea, sancionar a la compa\u00f1\u00eda o frenar la compra.<\/p>\n<\/div>\n<div id>\n<p> El director de Econom\u00eda de la Facultad de Ciencias Sociales, <strong>Leandro Zipitr\u00eda, <\/strong>explic\u00f3 en di\u00e1logo con Radio Rural que la comisi\u00f3n \u201cpodr\u00eda bloquear esta <strong>fusi\u00f3n\u201d, <\/strong>aunque para eso deben darse algunas condiciones. Puede ocurrir \u201csi se entiende que va a haber un aumento de precios a los consumidores o una disminuci\u00f3n de precios a los productores sin una contraprestaci\u00f3n a los consumidores\u201d, analiz\u00f3.<\/p>\n<\/div>\n<div id>\n<p>El economista especializado en organizaci\u00f3n industrial, regulaci\u00f3n y antimonopolio, afirm\u00f3 que \u201cdespu\u00e9s de que la fusi\u00f3n se autorice, los precios los va a fijar el mercado\u201d, ya que Defensa de la Competencia \u201cno es reguladora de precios\u201d.<\/p>\n<\/div>\n<div id>\n<h2>Las opciones que podr\u00edan derivar en un bloqueo de la fusi\u00f3n<\/h2>\n<p>Ante los <a href=\"https:\/\/www.ambito.com\/uruguay\/minerva-inac-y-aru-se-suman-las-criticas-la-concentracion-la-industria-frigorifica-n5808026\" target=\"_blank\" rel=\"follow noopener\">reparos de varios sectores,<\/a> Zipitr\u00eda, que es consultor del <strong>Banco Mundial <\/strong>en tem\u00e1ticas de regulaci\u00f3n y defensa de la competencia y fue asesor del <strong>MEF,<\/strong> advirti\u00f3: \u201cSi la comisi\u00f3n entiende que va a haber un aumento de los precios a los consumidores y una disminuci\u00f3n a los precios de los productores entonces podr\u00eda impedir o bloquear la concentraci\u00f3n en <strong>Uruguay\u201d.<\/strong><\/p>\n<p>Sin embargo, dej\u00f3 en claro que eso es algo bastante complicado. \u201c\u00bfC\u00f3mo probar una colusi\u00f3n? No basta con la informaci\u00f3n que hay p\u00fablica. Tiene que haber alg\u00fan tipo de prueba firme, correos, llamadas o reuniones donde se demuestre que acuerdan\u201d, precis\u00f3 y afirm\u00f3 que \u201ceso, en principio, no se obtiene de la informaci\u00f3n p\u00fablica que hay\u201d.<\/p>\n<p>A su vez, el economista plante\u00f3 otra posibilidad, en el caso de que se entienda que la empresa puede imponer precio. \u201cSi hay evidencia de que podr\u00eda llegar a pasar eso, la comisi\u00f3n podr\u00eda bloquear o impedir la fusi\u00f3n\u201d, observ\u00f3, aunque tambi\u00e9n existe otra posibilidad como \u201cpedir que se desinviertan determinadas plantas\u201d, a modo de cambiar la estructura de mercado.<\/p>\n<h2>Con la compra, Minerva llegar\u00eda al 45% de la faena de Uruguay<\/h2>\n<p>De avanzar la fusi\u00f3n, por un total de 1.540 millones de d\u00f3lares, la empresa brasile\u00f1a Minerva alcanzar\u00e1 casi el 45% de la capacidad total de faena del pa\u00eds, luego de la reciente adquisici\u00f3n, avalada por Defensa de la Competencia, de un frigor\u00edfico de <strong>Breeders and Packers Uruguay <\/strong>(BPU).<\/p>\n<p>La operaci\u00f3n incluye sumar 16 frigor\u00edficos de Marfrig, en tres de las cuatro plantas que la firma tiene en el pa\u00eds. Se trata del frigor\u00edfico <strong>Colonia,<\/strong> el frigor\u00edfico La Caballada <strong>(Salto) <\/strong>y el frigor\u00edfico Inaler <strong>(San Jos\u00e9), <\/strong>que sumados faenan un 18% de todos los vacunos uruguayos, lo que se sumar\u00eda al 26,6% actual.<\/p>\n<\/div>\n","protected":false},"excerpt":{"rendered":"<p>En momentos donde hasta el presidente Luis Lacalle Pou dej\u00f3 entrever su \u201cpreocupaci\u00f3n\u201d por la compra de la empresa Minerva de tres plantas de su competidora Marfrig, la Comisi\u00f3n de Promoci\u00f3n y Defensa de la Competencia del Ministerio de Econom\u00eda y Finanzas (MEF) tendr\u00e1 un rol clave, al ser la que autorice o no la [&hellip;]<\/p>\n","protected":false},"author":2,"featured_media":5571,"comment_status":"closed","ping_status":"closed","sticky":false,"template":"","format":"standard","meta":{"jetpack_post_was_ever_published":false,"_jetpack_newsletter_access":"","_jetpack_dont_email_post_to_subs":false,"_jetpack_newsletter_tier_id":0,"_jetpack_memberships_contains_paywalled_content":false,"_jetpack_memberships_contains_paid_content":false,"footnotes":"","jetpack_publicize_message":"","jetpack_publicize_feature_enabled":true,"jetpack_social_post_already_shared":true,"jetpack_social_options":{"image_generator_settings":{"template":"highway","enabled":false},"version":2}},"categories":[20],"tags":[1286],"class_list":["post-5570","post","type-post","status-publish","format-standard","has-post-thumbnail","hentry","category-mundo","tag-mundo"],"jetpack_publicize_connections":[],"jetpack_featured_media_url":"https:\/\/i0.wp.com\/infolanus.com\/wp-content\/uploads\/2023\/09\/minerva-que-evaluara-defensa-de-la-competencia-para-avalar-o-frenar-la-operacion.png?fit=1200%2C675&ssl=1","jetpack_sharing_enabled":true,"jetpack_shortlink":"https:\/\/wp.me\/p9QtMr-1rQ","_links":{"self":[{"href":"https:\/\/infolanus.com\/index.php\/wp-json\/wp\/v2\/posts\/5570","targetHints":{"allow":["GET"]}}],"collection":[{"href":"https:\/\/infolanus.com\/index.php\/wp-json\/wp\/v2\/posts"}],"about":[{"href":"https:\/\/infolanus.com\/index.php\/wp-json\/wp\/v2\/types\/post"}],"author":[{"embeddable":true,"href":"https:\/\/infolanus.com\/index.php\/wp-json\/wp\/v2\/users\/2"}],"replies":[{"embeddable":true,"href":"https:\/\/infolanus.com\/index.php\/wp-json\/wp\/v2\/comments?post=5570"}],"version-history":[{"count":0,"href":"https:\/\/infolanus.com\/index.php\/wp-json\/wp\/v2\/posts\/5570\/revisions"}],"wp:featuredmedia":[{"embeddable":true,"href":"https:\/\/infolanus.com\/index.php\/wp-json\/wp\/v2\/media\/5571"}],"wp:attachment":[{"href":"https:\/\/infolanus.com\/index.php\/wp-json\/wp\/v2\/media?parent=5570"}],"wp:term":[{"taxonomy":"category","embeddable":true,"href":"https:\/\/infolanus.com\/index.php\/wp-json\/wp\/v2\/categories?post=5570"},{"taxonomy":"post_tag","embeddable":true,"href":"https:\/\/infolanus.com\/index.php\/wp-json\/wp\/v2\/tags?post=5570"}],"curies":[{"name":"wp","href":"https:\/\/api.w.org\/{rel}","templated":true}]}}