{"id":5574,"date":"2023-09-03T18:28:00","date_gmt":"2023-09-03T21:28:00","guid":{"rendered":"http:\/\/infolanus.com\/index.php\/2023\/09\/03\/comenzo-el-partido-entre-boca-y-tigre-por-la-copa-de-la-liga-profesional\/"},"modified":"2023-09-03T18:28:00","modified_gmt":"2023-09-03T21:28:00","slug":"comenzo-el-partido-entre-boca-y-tigre-por-la-copa-de-la-liga-profesional","status":"publish","type":"post","link":"https:\/\/infolanus.com\/index.php\/2023\/09\/03\/comenzo-el-partido-entre-boca-y-tigre-por-la-copa-de-la-liga-profesional\/","title":{"rendered":"Comenz\u00f3 el partido entre Boca y Tigre por la Copa de la Liga Profesional"},"content":{"rendered":"<div class=\"media_block\"><\/div>\n<div><img data-recalc-dims=\"1\" decoding=\"async\" src=\"https:\/\/i0.wp.com\/fotos.perfil.com\/2023\/09\/03\/trim\/1140\/641\/boca-tigre-copa-lpf-1645264.jpg?w=640&#038;ssl=1\" class=\"ff-og-image-inserted\"><\/div>\n<p>Tras lograr una emotiva clasificaci\u00f3n a las semifinales de la <a target=\"_blank\" href=\"https:\/\/442.perfil.com\/noticias\/futbol\/la-impactante-estadistica-del-dt-de-palmeiras-en-la-copa-libertadores.phtml\"><strong>Copa Libertadores<\/strong><\/a>, <strong><a target=\"_blank\" href=\"https:\/\/442.perfil.com\/noticias\/futbol\/boca-sufrio-una-inesperada-baja-en-el-ultimo-dia-del-mercado-de-pases.phtml\">Boca<\/a>&nbsp;<\/strong>ya se mide&nbsp;ante&nbsp;<strong>Tigre <\/strong>buscando reencontrarse con el triunfo en la <strong><a target=\"_blank\" href=\"https:\/\/442.perfil.com\/noticias\/futbol\/velez-sarsfield-vs-river-plate-por-la-copa-de-la-liga-horario-canal-de-tv-y-probables-formaciones.phtml\">Copa de la Liga Profesional<\/a> <\/strong>tras caer en la anterior jornada en su visita a <strong>Sarmiento <\/strong>en <strong>Jun\u00edn<\/strong>.<\/p>\n<h2>Boca vs Tigre: las&nbsp;formaciones<\/h2>\n<p>Boca: Javier&nbsp;<strong>Garc\u00eda<\/strong>; Marcelo&nbsp;<strong>Weigandt<\/strong>, Bruno&nbsp;<strong>Valdez&nbsp;<\/strong>o Facundo&nbsp;<strong>Roncaglia<\/strong>, Nicol\u00e1s&nbsp;<strong>Valentini<\/strong>,&nbsp;Marcelo&nbsp;<strong>Saracchi<\/strong>;&nbsp;Equi&nbsp;<strong>Fern\u00e1ndez<\/strong>, Jorman&nbsp;<strong>Campuzano<\/strong>,&nbsp;Juan&nbsp;<strong>Ram\u00edrez<\/strong>; Exequiel&nbsp;<strong>Zeballos<\/strong>, Dar\u00edo&nbsp;<strong>Benedetto&nbsp;<\/strong>y Lucas&nbsp;<strong>Janson<\/strong>.<\/p>\n<p>Tigre: Gonzalo&nbsp;<strong>Marinelli&nbsp;<\/strong>o Santiago&nbsp;<strong>Rojas<\/strong>; Mart\u00edn&nbsp;<strong>Garay<\/strong>, Robert&nbsp;<strong>Rojas<\/strong>, Abel&nbsp;<strong>Luciatti&nbsp;<\/strong>o Emanuel&nbsp;<strong>Aguilera<\/strong>, Sebasti\u00e1n&nbsp;<strong>Prieto<\/strong>; Lucas&nbsp;<strong>Menossi<\/strong>, Sebasti\u00e1n&nbsp;<strong>Prediger&nbsp;<\/strong>o Agust\u00edn&nbsp;<strong>Cardozo<\/strong>, Alexis&nbsp;<strong>Castro<\/strong>; Jos\u00e9&nbsp;<strong>Paradela<\/strong>; Blas&nbsp;<strong>Armoa&nbsp;<\/strong>y Tom\u00e1s&nbsp;<strong>Badaloni<\/strong>.<\/p>\n<h2>El historial entre ambos<\/h2>\n<p>El duelo por la tercera fecha de la <strong>Copa LPF<\/strong> ser\u00e1 el enfrentamiento n\u00famero 75 entre ambos arrojando un historial a favor para <strong>Boca<\/strong> con 50 triunfos y apenas 12 para <strong>Tigre<\/strong>.<\/p>\n<p>En los restantes 12 encuentros igualaron teniendo como \u00faltimo antecedente la victoria por la m\u00ednima del <em>Xeneize<\/em> con gol de <strong>Miguel Merentiel<\/strong> por la <strong>Liga<\/strong> <strong>Profesional 2023<\/strong>.<\/p>\n<p>BP<\/p>\n","protected":false},"excerpt":{"rendered":"<p>Tras lograr una emotiva clasificaci\u00f3n a las semifinales de la Copa Libertadores, Boca&nbsp;ya se mide&nbsp;ante&nbsp;Tigre buscando reencontrarse con el triunfo en la Copa de la Liga Profesional tras caer en la anterior jornada en su visita a Sarmiento en Jun\u00edn. Boca vs Tigre: las&nbsp;formaciones Boca: Javier&nbsp;Garc\u00eda; Marcelo&nbsp;Weigandt, Bruno&nbsp;Valdez&nbsp;o Facundo&nbsp;Roncaglia, Nicol\u00e1s&nbsp;Valentini,&nbsp;Marcelo&nbsp;Saracchi;&nbsp;Equi&nbsp;Fern\u00e1ndez, Jorman&nbsp;Campuzano,&nbsp;Juan&nbsp;Ram\u00edrez; Exequiel&nbsp;Zeballos, Dar\u00edo&nbsp;Benedetto&nbsp;y Lucas&nbsp;Janson. Tigre: [&hellip;]<\/p>\n","protected":false},"author":2,"featured_media":5575,"comment_status":"closed","ping_status":"closed","sticky":false,"template":"","format":"standard","meta":{"jetpack_post_was_ever_published":false,"_jetpack_newsletter_access":"","_jetpack_dont_email_post_to_subs":false,"_jetpack_newsletter_tier_id":0,"_jetpack_memberships_contains_paywalled_content":false,"_jetpack_memberships_contains_paid_content":false,"footnotes":"","jetpack_publicize_message":"","jetpack_publicize_feature_enabled":true,"jetpack_social_post_already_shared":true,"jetpack_social_options":{"image_generator_settings":{"template":"highway","enabled":false},"version":2}},"categories":[17],"tags":[],"class_list":["post-5574","post","type-post","status-publish","format-standard","has-post-thumbnail","hentry","category-deportes"],"jetpack_publicize_connections":[],"jetpack_featured_media_url":"https:\/\/i0.wp.com\/infolanus.com\/wp-content\/uploads\/2023\/09\/comenzo-el-partido-entre-boca-y-tigre-por-la-copa-de-la-liga-profesional.jpg?fit=1140%2C641&ssl=1","jetpack_sharing_enabled":true,"jetpack_shortlink":"https:\/\/wp.me\/p9QtMr-1rU","_links":{"self":[{"href":"https:\/\/infolanus.com\/index.php\/wp-json\/wp\/v2\/posts\/5574","targetHints":{"allow":["GET"]}}],"collection":[{"href":"https:\/\/infolanus.com\/index.php\/wp-json\/wp\/v2\/posts"}],"about":[{"href":"https:\/\/infolanus.com\/index.php\/wp-json\/wp\/v2\/types\/post"}],"author":[{"embeddable":true,"href":"https:\/\/infolanus.com\/index.php\/wp-json\/wp\/v2\/users\/2"}],"replies":[{"embeddable":true,"href":"https:\/\/infolanus.com\/index.php\/wp-json\/wp\/v2\/comments?post=5574"}],"version-history":[{"count":0,"href":"https:\/\/infolanus.com\/index.php\/wp-json\/wp\/v2\/posts\/5574\/revisions"}],"wp:featuredmedia":[{"embeddable":true,"href":"https:\/\/infolanus.com\/index.php\/wp-json\/wp\/v2\/media\/5575"}],"wp:attachment":[{"href":"https:\/\/infolanus.com\/index.php\/wp-json\/wp\/v2\/media?parent=5574"}],"wp:term":[{"taxonomy":"category","embeddable":true,"href":"https:\/\/infolanus.com\/index.php\/wp-json\/wp\/v2\/categories?post=5574"},{"taxonomy":"post_tag","embeddable":true,"href":"https:\/\/infolanus.com\/index.php\/wp-json\/wp\/v2\/tags?post=5574"}],"curies":[{"name":"wp","href":"https:\/\/api.w.org\/{rel}","templated":true}]}}