{"id":5602,"date":"2023-09-07T09:20:47","date_gmt":"2023-09-07T12:20:47","guid":{"rendered":"http:\/\/infolanus.com\/index.php\/2023\/09\/07\/la-seleccion-argentina-debuta-en-eliminatorias-frente-a-ecuador-hora-tv-y-formaciones\/"},"modified":"2023-09-07T09:20:47","modified_gmt":"2023-09-07T12:20:47","slug":"la-seleccion-argentina-debuta-en-eliminatorias-frente-a-ecuador-hora-tv-y-formaciones","status":"publish","type":"post","link":"https:\/\/infolanus.com\/index.php\/2023\/09\/07\/la-seleccion-argentina-debuta-en-eliminatorias-frente-a-ecuador-hora-tv-y-formaciones\/","title":{"rendered":"La Selecci\u00f3n Argentina debuta en Eliminatorias frente a Ecuador: Hora, TV y formaciones"},"content":{"rendered":"<div class=\"media_block\"><\/div>\n<div><img data-recalc-dims=\"1\" decoding=\"async\" src=\"https:\/\/i0.wp.com\/fotos.perfil.com\/2023\/09\/07\/trim\/1140\/641\/seleccion-argentina-1648479.jpg?w=640&#038;ssl=1\" class=\"ff-og-image-inserted\"><\/div>\n<p>La <a target=\"_blank\" href=\"https:\/\/442.perfil.com\/noticias\/seleccion-argentina\/scaloni-hablara-en-conferencia-de-prensa-en-la-previa-del-debut-de-la-seleccion-en-eliminatorias.phtml\"><strong>Selecci\u00f3n Argentina<\/strong><\/a>, que debuta oficialmente como campeona del mundo, enfrentar\u00e1 ma\u00f1ana como local a Ecuador por la primera fecha de las <strong><a target=\"_blank\" href=\"https:\/\/442.perfil.com\/noticias\/futbol\/eliminatorias-sudamericanas-2026-asi-se-jugara-la-primera-fecha.phtml\">Eliminatorias Sudamericanas<\/a> <\/strong>para la <strong>Copa del<\/strong> <strong>Mundo <\/strong>de <strong>Estados Unidos<\/strong>, <strong>M\u00e9xico <\/strong>y <strong>Canad\u00e1 2026<\/strong>.<\/p>\n<p>El encuentro se disputar\u00e1 desde las 21 en el estadio Monumental, y tendr\u00e1 el arbitraje del colombiano <strong>Wilmar Rold\u00e1n<\/strong>. En tanto, <strong>Jhon Perdomo <\/strong>estar\u00e1 a cargo del <strong>VAR<\/strong>, y el encuentro contar\u00e1 con la transmisi\u00f3n en directo de la se\u00f1al deportiva <strong><em>TyC Sports<\/em> <\/strong>y, tambi\u00e9n, de la <strong><em>Televisi\u00f3n P\u00fablica<\/em><\/strong>.<\/p>\n<h2>Scaloni mantiene una duda para el 11 titular<\/h2>\n<p>El t\u00e9cnico albiceleste manten\u00eda duda sobre qui\u00e9n ser\u00e1 el artillero titular del equipo entre <strong>Juli\u00e1n \u00c1lvarez <\/strong>y <strong>Lautaro Mart\u00ednez<\/strong>, ambos con gran presente en el <strong>Manchester City <\/strong>ingl\u00e9s y en el Inter de Italia, respetivamente, para encabezar la delantera junto a los hist\u00f3ricos <strong><a target=\"_blank\" href=\"https:\/\/442.perfil.com\/noticias\/seleccion-argentina\/chiqui-tapia-hablo-sobre-el-futuro-de-messi-en-la-seleccion-lo-veo-jugando-el-mundial-2026-sueno-con-eso.phtml\">Lionel Messi<\/a> <\/strong>y <a target=\"_blank\" href=\"https:\/\/442.perfil.com\/noticias\/futbol\/benfica-derroto-a-gil-vicente-con-un-gol-de-angel-di-maria.phtml\"><strong>\u00c1ngel Di Mar\u00eda<\/strong><\/a>.<\/p>\n<p>Si bien la <strong><em>Ara\u00f1a<\/em>&nbsp;\u00c1lvarez <\/strong>fue fundamental en el logro mundialista en <strong>Qatar<\/strong>, el ex <strong>Racing <\/strong>contin\u00faa siendo el segundo artillero de la era <strong>Scaloni<\/strong>, con 21 goles, detr\u00e1s de <strong>Messi<\/strong>, y en los \u00faltimos tiempos parece haber recuperado el gran nivel exhibido a lo largo de los \u00faltimos a\u00f1os en el seleccionado.<\/p>\n<h2>Las nuevas caras de la Selecci\u00f3n<\/h2>\n<p>&nbsp;En estos partidos, el entrenador oriundo de Pujato empez\u00f3 a convocar algunas nuevas caras que ser\u00e1n parte del futuro inmediato del campe\u00f3n del mundo.<\/p>\n<p>El arquero del <strong>PSV <\/strong>neerland\u00e9s <strong>Walter<\/strong> <strong>Ben\u00edtez<\/strong>, el defensor del Lens franc\u00e9s <strong>Facundo<\/strong> <strong>Medina<\/strong>, el mediocampista del <strong>Brighton and Hove Albion <\/strong>ingl\u00e9s <strong>Facundo Buonanotte <\/strong>y el delantero del <strong>Manchester United Alejandro Garnacho <\/strong>son las cuatro caras nuevas que estuvieron en los cuatro amistosos y que, tambi\u00e9n, forman parte de la delegaci\u00f3n que iniciar\u00e1 el proceso clasificatorio a <strong>Estados Unidos<\/strong>, <strong>M\u00e9xico <\/strong>y <strong>Canad\u00e1 2026<\/strong>.<\/p>\n<p>A los cuatro nombrados anteriormente, se les sumaron jugadores de gran presente en sus equipos, pero que constituyeron sorpresas para el p\u00fablico argentino: <strong>Lucas Esquivel <\/strong>y <strong>Bruno Zapelli<\/strong>, del <strong>Athletico Paranaense de Brasil<\/strong>; <strong>Alan Velasco<\/strong>, del <strong>Dallas de Estados Unidos<\/strong>, y <strong>Lucas Beltr\u00e1n<\/strong>, de la <strong>Fiorentina de Italia<\/strong>.<\/p>\n<h2>Ecuador, entre el comienzo de un nuevo proceso y la sanci\u00f3n&nbsp;<\/h2>\n<p>Por su parte, la selecci\u00f3n Tr<em>color<\/em>&nbsp;inicia un nuevo proceso muy diferente al de Argentina pero buscando continuar con lo forjado por <strong>Gustavo Alfaro <\/strong>desde 2020 a 2022 donde form\u00f3 un equipo competitivo con jugadores juveniles que destacan en las grandes ligas del mundo.<\/p>\n<p>El espa\u00f1ol <strong>F\u00e9lix S\u00e1nchez Bas<\/strong>, quien dirigi\u00f3 a <strong>Qatar <\/strong>en la pasada <strong>Copa del Mundo<\/strong>, tom\u00f3 las riendas de <strong>Ecuador <\/strong>en marzo de este a\u00f1o y disput\u00f3, solamente, cuatro amistosos donde gan\u00f3 tres y perdi\u00f3 uno ante Australia en su debut. Este ser\u00e1 el primer encuentro oficial del barcelon\u00e9s al mando de la <em>Tricolor<\/em>&nbsp;y el primero en una competici\u00f3n sudamericana.<\/p>\n<p>Cabe destacar que <strong>Ecuador inicia este proceso clasificatorio hac\u00eda el pr\u00f3ximo Mundial con un <a target=\"_blank\" href=\"https:\/\/442.perfil.com\/noticias\/futbol\/ecuador-el-rival-de-argentina-arranca-las-eliminatorias-con-3-puntos-los-motivos.phtml\">castigo de tres puntos<\/a> por el problema legal de<\/strong> <strong><a target=\"_blank\" href=\"https:\/\/442.perfil.com\/noticias\/futbol\/la-palabra-de-byron-castillo-tras-quedarse-afuera-del-mundial-apuesto-todo-a.phtml\">Byron Castillo<\/a> <\/strong>que fue mal inscripto en la pasada <strong>Eliminatoria <\/strong>y no fue convocado para esta primera doble fecha.<\/p>\n<h2>Probables formaciones<\/h2>\n<p><strong>Argentina<\/strong>: Emiliano Mart\u00ednez; Nahuel Molina, Cristian Romero, Nicol\u00e1s Otamendi, Nicol\u00e1s Tagliafico; Rodrigo De Paul, Enzo Fern\u00e1ndez, Alexis Mac Allister; Lionel Messi, Juli\u00e1n \u00c1lvarez o Lautaro Mart\u00ednez y \u00c1ngel Di Mar\u00eda. <strong>DT<\/strong>: <strong>Lionel Scaloni<\/strong>.<\/p>\n<p><strong>Ecuador<\/strong>: Alexander Dom\u00ednguez; F\u00e9lix Torres, Roberth Arboleda, William Pacho; Angelo Preciado, Jos\u00e9 Cifuentes, Carlos Gruezo, Mois\u00e9s Caicedo, Pervis Estupi\u00f1\u00e1n; Gonzalo Plata y Enner Valencia. <strong>DT<\/strong>: <strong>F\u00e9lix S\u00e1nchez Bas<\/strong>.<\/p>\n","protected":false},"excerpt":{"rendered":"<p>La Selecci\u00f3n Argentina, que debuta oficialmente como campeona del mundo, enfrentar\u00e1 ma\u00f1ana como local a Ecuador por la primera fecha de las Eliminatorias Sudamericanas para la Copa del Mundo de Estados Unidos, M\u00e9xico y Canad\u00e1 2026. El encuentro se disputar\u00e1 desde las 21 en el estadio Monumental, y tendr\u00e1 el arbitraje del colombiano Wilmar Rold\u00e1n. [&hellip;]<\/p>\n","protected":false},"author":2,"featured_media":5603,"comment_status":"closed","ping_status":"closed","sticky":false,"template":"","format":"standard","meta":{"jetpack_post_was_ever_published":false,"_jetpack_newsletter_access":"","_jetpack_dont_email_post_to_subs":false,"_jetpack_newsletter_tier_id":0,"_jetpack_memberships_contains_paywalled_content":false,"_jetpack_memberships_contains_paid_content":false,"footnotes":"","jetpack_publicize_message":"","jetpack_publicize_feature_enabled":true,"jetpack_social_post_already_shared":true,"jetpack_social_options":{"image_generator_settings":{"template":"highway","enabled":false},"version":2}},"categories":[17],"tags":[],"class_list":["post-5602","post","type-post","status-publish","format-standard","has-post-thumbnail","hentry","category-deportes"],"jetpack_publicize_connections":[],"jetpack_featured_media_url":"https:\/\/i0.wp.com\/infolanus.com\/wp-content\/uploads\/2023\/09\/la-seleccion-argentina-debuta-en-eliminatorias-frente-a-ecuador-hora-tv-y-formaciones.jpg?fit=1140%2C641&ssl=1","jetpack_sharing_enabled":true,"jetpack_shortlink":"https:\/\/wp.me\/p9QtMr-1sm","_links":{"self":[{"href":"https:\/\/infolanus.com\/index.php\/wp-json\/wp\/v2\/posts\/5602","targetHints":{"allow":["GET"]}}],"collection":[{"href":"https:\/\/infolanus.com\/index.php\/wp-json\/wp\/v2\/posts"}],"about":[{"href":"https:\/\/infolanus.com\/index.php\/wp-json\/wp\/v2\/types\/post"}],"author":[{"embeddable":true,"href":"https:\/\/infolanus.com\/index.php\/wp-json\/wp\/v2\/users\/2"}],"replies":[{"embeddable":true,"href":"https:\/\/infolanus.com\/index.php\/wp-json\/wp\/v2\/comments?post=5602"}],"version-history":[{"count":0,"href":"https:\/\/infolanus.com\/index.php\/wp-json\/wp\/v2\/posts\/5602\/revisions"}],"wp:featuredmedia":[{"embeddable":true,"href":"https:\/\/infolanus.com\/index.php\/wp-json\/wp\/v2\/media\/5603"}],"wp:attachment":[{"href":"https:\/\/infolanus.com\/index.php\/wp-json\/wp\/v2\/media?parent=5602"}],"wp:term":[{"taxonomy":"category","embeddable":true,"href":"https:\/\/infolanus.com\/index.php\/wp-json\/wp\/v2\/categories?post=5602"},{"taxonomy":"post_tag","embeddable":true,"href":"https:\/\/infolanus.com\/index.php\/wp-json\/wp\/v2\/tags?post=5602"}],"curies":[{"name":"wp","href":"https:\/\/api.w.org\/{rel}","templated":true}]}}