{"id":5607,"date":"2023-09-07T14:57:07","date_gmt":"2023-09-07T17:57:07","guid":{"rendered":"https:\/\/www.ambito.com\/uruguay\/la-aerolinea-azul-agrego-dos-vuelos-montevideo-y-una-ciudad-brasil-n5815093"},"modified":"2023-09-07T14:57:07","modified_gmt":"2023-09-07T17:57:07","slug":"la-aerolinea-azul-agrego-dos-vuelos-entre-montevideo-y-una-ciudad-de-brasil","status":"publish","type":"post","link":"https:\/\/infolanus.com\/index.php\/2023\/09\/07\/la-aerolinea-azul-agrego-dos-vuelos-entre-montevideo-y-una-ciudad-de-brasil\/","title":{"rendered":"La aerol\u00ednea Azul agreg\u00f3 dos vuelos entre Montevideo y una ciudad de Brasil"},"content":{"rendered":"<p><!-- { REGION4 --> <\/p>\n<header class=\"news-headline\">\n<div class=\"news-headline__topics-and-date-wrapper\"> <span class=\"news-headline__publication-date\"> 7 de septiembre 2023 &#8211; 14:57 <\/span><\/div>\n<h2 class=\"news-headline__article-summary\">\tLa empresa brasile\u00f1a anunci\u00f3 una nueva ruta entre Uruguay y Brasil, con destino a la ciudad de Curitiba. <\/h2>\n<\/header>\n<div class=\"detail-highlighted-multimedia content-protected-false\">\n<figure class=\"detail-highlighted-multimedia__figure\"> <img data-recalc-dims=\"1\" loading=\"lazy\" decoding=\"async\" src=\"https:\/\/i0.wp.com\/media.ambito.com\/p\/d66a6443983b468b0f033dbf449844a5\/adjuntos\/351\/imagenes\/040\/964\/0040964683\/655x368\/smart\/azul_airbus-a320jpg.jpg?resize=640%2C427&#038;ssl=1\" class=\"detail-highlighted-multimedia__figure-img img-fluid\" alt=\"La empresa brasile\u00f1a agreg\u00f3 un nuevo vuelo entre Uruguay y el pa\u00eds vecino.&amp;nbsp;\" width=\"640\" height=\"427\"><figcaption class=\"detail-highlighted-multimedia__figcaption\" readability=\"-24\"> <span class=\"detail-highlighted-multimedia__copyright\">Azul Linhas A\u00e9reas Brasileiras<\/span><\/figcaption><\/figure>\n<\/div>\n<article class=\"article-body article-body--first-paragraph content-protected-false\" data-td-script-src=\"https:\/\/www.ambito.com\/td\/modulos\/encuestas\/js\/function-embeds-min-version-1660312110.js\" readability=\"28.307692307692\">\n<p>La <strong>aerol\u00ednea brasile\u00f1a Azul<\/strong> anunci\u00f3 una nueva ruta que conectar\u00e1 la capital del <strong>Uruguay<\/strong> con la ciudad del pa\u00eds vecino, <strong>Curitiba,<\/strong> una de las principales capitales del pa\u00eds, y que comenzar\u00e1 a funcionar<a href=\"https:\/\/www.ambito.com\/uruguay\/la-aerolinea-sky-regresa-2024-vuelos-directos-brasil-chile-y-peru-n5810511\" target=\"_blank\" rel=\"follow noopener\"> a partir del 31 de octubre.<\/a><\/p>\n<\/article>\n<article class=\"article-body article-body--second-paragraph content-protected-false\" readability=\"30.663716814159\">\n<p><strong>Uruguay<\/strong> sigue <a href=\"https:\/\/www.google.com\/url?client=internal-element-cse&amp;cx=008892114045256532459:e63xqbr3i5i&amp;q=https:\/\/www.ambito.com\/uruguay\/el-aeropuerto-punta-del-este-recibira-vuelos-paraguay-el-verano-2023-2024-n5769882&amp;sa=U&amp;ved=2ahUKEwjo2aaNiZmBAxVXq5UCHV93BpMQFnoECAYQAg&amp;usg=AOvVaw2QZOMYS6HrXj0sCz-8AfLo\" target=\"_blank\" rel=\"follow noopener\">sumando rutas nacionales<\/a> y recuperando las frecuencias que ten\u00eda antes del comienzo de la pandemia en el a\u00f1o 2020. Esta vez le toc\u00f3 a la aerol\u00ednea brasile\u00f1a, <strong>Azul,<\/strong> que anunci\u00f3 en un comunicado al que accedi\u00f3 <strong>\u00c1mbito.com<\/strong>, una nueva ruta entre <strong>Montevideo<\/strong> y <strong>Curitiba<\/strong> que tendr\u00e1 una frecuencia de cuatro veces por semana.<\/p>\n<\/article>\n<section class=\"related-news\"> <span class=\"related-news__title\">Informate m\u00e1s<\/span> <\/p>\n<div class=\"row row--eq-height\">\n<div class=\"col-12 col-md-6\">\n<article class=\"news-article news-article--landscape-news news-article--landscape-news\">\n<figure class=\"news-article__figure figure\"> <a href=\"https:\/\/www.ambito.com\/uruguay\/el-aeropuerto-punta-del-este-recibira-vuelos-paraguay-el-verano-2023-2024-n5769882\" target title=\"\u00e1mbito.com | El aeropuerto de Punta del Este recibir\u00e1 vuelos desde Paraguay en el verano 2023-2024\" alt=\"\u00e1mbito.com | El aeropuerto de Punta del Este recibir\u00e1 vuelos desde Paraguay en el verano 2023-2024\" rel=\"noindex nofollow noreferrer\"> <img loading=\"lazy\" decoding=\"async\" src=\"https:\/\/www.ambito.com\/css-custom\/351\/lazy.svg\" data-td-src-property=\"https:\/\/media.ambito.com\/p\/ce21c57f79abddb3c811e535bb865911\/adjuntos\/351\/imagenes\/040\/841\/0040841972\/93x52\/smart\/aeropuerto-internacional-laguna-del-sauce-punta-del-este.jpg\" alt=\"Paranair llegar\u00e1 con sus aviones a Punta del Este entre diciembre de 2023 y febrero de 2024.\" title=\"Paranair llegar\u00e1 con sus aviones a Punta del Este entre diciembre de 2023 y febrero de 2024.\" width=\"93\" height=\"52\" class=\"news-article__figure-img figure-img img-fluid\"> <\/a><\/figure>\n<\/article><\/div>\n<div class=\"col-12 col-md-6\">\n<article class=\"news-article news-article--landscape-news news-article--landscape-news\">\n<figure class=\"news-article__figure figure\"> <a href=\"https:\/\/www.ambito.com\/uruguay\/montevideo-recupero-la-conexion-directa-buenos-aires-vuelos-aerolineas-argentinas-n5695426\" target title=\"\u00e1mbito.com | Montevideo recuper\u00f3 la conexi\u00f3n directa con Buenos Aires con vuelos de Aerol\u00edneas Argentinas\" alt=\"\u00e1mbito.com | Montevideo recuper\u00f3 la conexi\u00f3n directa con Buenos Aires con vuelos de Aerol\u00edneas Argentinas\" rel=\"noindex nofollow noreferrer\"> <img loading=\"lazy\" decoding=\"async\" src=\"https:\/\/www.ambito.com\/css-custom\/351\/lazy.svg\" data-td-src-property=\"https:\/\/media.ambito.com\/p\/f5d9860bafea6f8eab7228c419a70fd4\/adjuntos\/351\/imagenes\/040\/546\/0040546472\/93x52\/smart\/aerolineas-argentinasjpg.jpg\" alt=\"montevideo recupero la conexion directa con buenos aires con vuelos de aerolineas argentinas\" title=\"montevideo recupero la conexion directa con buenos aires con vuelos de aerolineas argentinas\" width=\"93\" height=\"52\" class=\"news-article__figure-img figure-img img-fluid\"> <\/a><\/figure>\n<\/article><\/div>\n<\/div>\n<\/section>\n<article class=\"article-body article-body--third-paragraph content-protected-false\" readability=\"37\">\n<p> El nuevo vuelo comenzar\u00e1 a partir del <strong>31 de octubre<\/strong> de este a\u00f1o en las aeronaves Embraer E2, que cuentan con la capacidad para transportar hasta 136 pasajeros. Seg\u00fan el comunicado de la empresa, los despegues \u201cse llevar\u00e1n a cabo al mediod\u00eda de la capital del estado de Paran\u00e1, todos los<strong> martes, jueves, s\u00e1bados y domingos<\/strong>\u201d, mientras que los retornos \u201cest\u00e1n programados para los mismos d\u00edas, partiendo de Uruguay a las 15:10 horas\u201d.<\/p>\n<\/article>\n<article class=\"article-body article-body--fourth-paragraph content-protected-false\" readability=\"35\">\n<p>En este sentido, el gerente comercial de<strong> Aeropuertos Uruguay, Mat\u00edas Carluccio<\/strong>, se\u00f1al\u00f3 que \u201cabrir un nuevo destino como Curitiba es una gran noticia para el<strong> Aeropuerto de Carrasco<\/strong> y para nuestro pa\u00eds. Es una muestra m\u00e1s de la apuesta de Azul por Uruguay, y una se\u00f1al de que el trabajo que a lo largo de todo el a\u00f1o hacemos entre el sector p\u00fablico y privado para potenciar la conectividad nacional, da sus frutos\u201d.<\/p>\n<\/article>\n<article class=\"article-body article-body--remaining-paragraph content-protected-false\" readability=\"54\">\n<p>Por su parte, la gerenta de <strong>Planificaci\u00f3n de Red de Azul, Beatriz Barbi,<\/strong> remarc\u00f3 que \u201cConectar <strong>Brasil<\/strong> con otro destino internacional es una alegr\u00eda para <strong>Azul\u201d<\/strong> ya que cuentan con \u201cuna amplia red nacional que permite la mayor conectividad en el pa\u00eds y ofrecer m\u00e1s opciones de vuelos a otros pa\u00edses es un est\u00edmulo para que podamos llevar a\u00fan m\u00e1s pasajeros a todos los destinos posibles\u201d.<\/p>\n<h2>Se recuper\u00f3 el 80% de las frecuencias prepandemia<\/h2>\n<p>El viernes pasado el ministro de Turismo, Tabar\u00e9 Viera, anunci\u00f3 la vuelta de la aerol\u00ednea chilena <strong>SKY <\/strong><strong>al Uruguay en 2024 y que tiene el objetivo de <\/strong>conectar al pa\u00eds con<strong> el resto de la regi\u00f3n<\/strong>.<\/p>\n<p>Se espera que la empresa tome <strong>4 rutas internacionales <\/strong>que conectar\u00e1n con vuelos directos a <strong>Montevideo <\/strong>con las ciudades de <strong>Brasil, <\/strong>Salvador de Bah\u00eda y Florian\u00f3polis, Santiago de <strong>Chile <\/strong>y Lima <strong>(Per\u00fa). <\/strong>De acuerdo a las estimaciones, el a\u00f1o pr\u00f3ximo SKY transportar\u00e1 a m\u00e1s de 100.000 pasajeros entre ingresos y egresos del pa\u00eds.<\/p>\n<p>Por otra parte, el ministro destac\u00f3 que el pa\u00eds recuper\u00f3 <strong>el 80% de las frecuencias <\/strong>que operaban en 2019 y hab\u00edan mermado durante la <strong>pandemia <\/strong>de Covid-19. En tal sentido, resalt\u00f3 que la llegada de la firma chilena \u201cviene muy bien, porque es una compa\u00f1\u00eda que va a brindar muy buen servicio con bajos costos\u201d.<\/p>\n<\/article>\n<p> <!-- REGION4 } --> <\/p>\n","protected":false},"excerpt":{"rendered":"<p>7 de septiembre 2023 &#8211; 14:57 La empresa brasile\u00f1a anunci\u00f3 una nueva ruta entre Uruguay y Brasil, con destino a la ciudad de Curitiba. Azul Linhas A\u00e9reas Brasileiras La aerol\u00ednea brasile\u00f1a Azul anunci\u00f3 una nueva ruta que conectar\u00e1 la capital del Uruguay con la ciudad del pa\u00eds vecino, Curitiba, una de las principales capitales del [&hellip;]<\/p>\n","protected":false},"author":2,"featured_media":5608,"comment_status":"closed","ping_status":"closed","sticky":false,"template":"","format":"standard","meta":{"jetpack_post_was_ever_published":false,"_jetpack_newsletter_access":"","_jetpack_dont_email_post_to_subs":false,"_jetpack_newsletter_tier_id":0,"_jetpack_memberships_contains_paywalled_content":false,"_jetpack_memberships_contains_paid_content":false,"footnotes":"","jetpack_publicize_message":"","jetpack_publicize_feature_enabled":true,"jetpack_social_post_already_shared":true,"jetpack_social_options":{"image_generator_settings":{"template":"highway","enabled":false},"version":2}},"categories":[20],"tags":[1286],"class_list":["post-5607","post","type-post","status-publish","format-standard","has-post-thumbnail","hentry","category-mundo","tag-mundo"],"jetpack_publicize_connections":[],"jetpack_featured_media_url":"https:\/\/i0.wp.com\/infolanus.com\/wp-content\/uploads\/2023\/09\/la-aerolinea-azul-agrego-dos-vuelos-entre-montevideo-y-una-ciudad-de-brasil.jpg?fit=655%2C368&ssl=1","jetpack_sharing_enabled":true,"jetpack_shortlink":"https:\/\/wp.me\/p9QtMr-1sr","_links":{"self":[{"href":"https:\/\/infolanus.com\/index.php\/wp-json\/wp\/v2\/posts\/5607","targetHints":{"allow":["GET"]}}],"collection":[{"href":"https:\/\/infolanus.com\/index.php\/wp-json\/wp\/v2\/posts"}],"about":[{"href":"https:\/\/infolanus.com\/index.php\/wp-json\/wp\/v2\/types\/post"}],"author":[{"embeddable":true,"href":"https:\/\/infolanus.com\/index.php\/wp-json\/wp\/v2\/users\/2"}],"replies":[{"embeddable":true,"href":"https:\/\/infolanus.com\/index.php\/wp-json\/wp\/v2\/comments?post=5607"}],"version-history":[{"count":0,"href":"https:\/\/infolanus.com\/index.php\/wp-json\/wp\/v2\/posts\/5607\/revisions"}],"wp:featuredmedia":[{"embeddable":true,"href":"https:\/\/infolanus.com\/index.php\/wp-json\/wp\/v2\/media\/5608"}],"wp:attachment":[{"href":"https:\/\/infolanus.com\/index.php\/wp-json\/wp\/v2\/media?parent=5607"}],"wp:term":[{"taxonomy":"category","embeddable":true,"href":"https:\/\/infolanus.com\/index.php\/wp-json\/wp\/v2\/categories?post=5607"},{"taxonomy":"post_tag","embeddable":true,"href":"https:\/\/infolanus.com\/index.php\/wp-json\/wp\/v2\/tags?post=5607"}],"curies":[{"name":"wp","href":"https:\/\/api.w.org\/{rel}","templated":true}]}}