{"id":5614,"date":"2023-09-08T13:21:54","date_gmt":"2023-09-08T16:21:54","guid":{"rendered":"https:\/\/www.ambito.com\/uruguay\/que-piensa-patricia-bullrich-flexibilizar-el-mercosur-n5815961"},"modified":"2023-09-08T13:21:54","modified_gmt":"2023-09-08T16:21:54","slug":"que-piensa-patricia-bullrich-de-flexibilizar-el-mercosur","status":"publish","type":"post","link":"https:\/\/infolanus.com\/index.php\/2023\/09\/08\/que-piensa-patricia-bullrich-de-flexibilizar-el-mercosur\/","title":{"rendered":"\u00bfQu\u00e9 piensa Patricia Bullrich de flexibilizar el Mercosur?"},"content":{"rendered":"<div><img data-recalc-dims=\"1\" decoding=\"async\" src=\"https:\/\/i0.wp.com\/media.ambito.com\/p\/4b421ed2c30d5d9bb6aac0e2c23efdec\/adjuntos\/351\/imagenes\/040\/914\/0040914796\/1200x675\/smart\/presidente-luis-lacalle-pou-patricia-bullrich-candidata-argentina.jpg?w=640&#038;ssl=1\" class=\"ff-og-image-inserted\"><\/div>\n<div id>\n<p>La candidata a la Presidencia de <strong>Argentina<\/strong> por <strong>Juntos por el Cambio <\/strong>(JxC), <strong>Patricia Bullrich<\/strong>, coment\u00f3 sus aspiraciones para el <a href=\"https:\/\/www.ambito.com\/uruguay\/hizo-todos-los-deberes-cerrar-el-acuerdo-mercosur-ue-senalo-alvaro-delgado-n5803875#:~:text=El%20secretario%20de%20Presidencia%2C%20%C3%81lvaro,el%20presidente%20Luis%20Lacalle%20Pou.\" target=\"_blank\" rel=\"follow noopener\">funcionamiento del <strong>Mercosur<\/strong><\/a>, en caso de vencer en las elecciones de octubre, un tema que concita el inter\u00e9s del <strong> Uruguay<\/strong> que, desde hace a\u00f1os, exige una flexibilizaci\u00f3n del foro.<\/p>\n<\/div>\n<div id>\n<p> Bullrich propuso el jueves, durante una recorrida por la provincia argentina de Misiones \u2013fronteriza con Brasil y Paraguay- un relanzamiento del <strong>Mercosur<\/strong> con una &#8220;relaci\u00f3n con <strong>Brasil<\/strong>, <strong>Paraguay<\/strong> y con <strong>Uruguay<\/strong>&#8220;. No obstante, aclar\u00f3 que &#8220;siendo Brasil nuestro principal socio comercial, es fundamental que esta plataforma y las provincias, que adem\u00e1s son fronterizas, tengan una participaci\u00f3n especial en el <strong>Mercosur<\/strong>&#8220;.<\/p>\n<\/div>\n<div id>\n<p> En el programa de la candidata y exministra de Seguridad, el <strong>Mercosur<\/strong> ocupa un lugar central dentro lo que defini\u00f3 como un plan para federalizar la econom\u00eda argentina.<\/p>\n<p><strong> Patricia Bullrich<\/strong> defiende impulsar acuerdos comerciales desde el Mercosur y, a trav\u00e9s de ellos, \u201cpotenciar las econom\u00edas regionales y el desarrollo industrial federal, incentivar las econom\u00edas verdes y promover la econom\u00eda del conocimiento y la industria 5.0\u201d.<\/p>\n<p>Respecto al acuerdo entre el <strong>Mercosur<\/strong> y la <strong>Uni\u00f3n Europea (UE<\/strong>), sellado durante el gobierno de <strong>Mauricio Macri<\/strong> del que form\u00f3 parte y frenado actualmente por nuevas exigencias europeas rechazadas por los gobiernos de la regi\u00f3n, la aspirante presidencial de JxC asegur\u00f3 que buscar\u00eda \u201cabrir nuevos acuerdos comerciales con la UE\u201d.<\/p>\n<p>Las declaraciones de <strong>Patricia Bullrich<\/strong> contrastan con la visi\u00f3n que expuso su nominado al <a href=\"https:\/\/www.ambito.com\/uruguay\/carlos-melconian-devela-su-plan-economico-argentina-guinos-n5812661\" target=\"_blank\" rel=\"follow noopener\">Ministerio de Econom\u00eda, <strong>Carlos Melconian<\/strong><\/a>, esta semana durante una intervenci\u00f3n en la Casa del Partido Colorado en la que anticip\u00f3 sus l\u00edneas de acci\u00f3n en caso de ser parte del gobierno en Argentina. \u201c\u00bf<strong> Mercosur<\/strong>? A la uruguaya, integraci\u00f3n con grados de libertad\u201d, afirm\u00f3 el lunes.<\/p>\n<p>Desde el inicio de su gobierno, el presidente <strong>Luis Lacalle Pou<\/strong>, ha defendido una modernizaci\u00f3n y flexibilizaci\u00f3n del <strong>Mercosur<\/strong>, una propuesta que se ha topado con el freno de las dos mayores econom\u00edas del bloque, Brasil y Argentina.<\/p>\n<p>El punto mayor de la tensi\u00f3n se dio con la decisi\u00f3n de Uruguay de iniciar las negociaciones para un <strong>Tratado de Libre Comercio (TLC) con China<\/strong>, el cual se encuentra congelado desde la asunci\u00f3n de <strong>Lula da Silva<\/strong> como presidente de Brasil.<\/p>\n<p>Desde entonces, la sinton\u00eda de Brasilia con el gobierno de <strong>Alberto Fern\u00e1ndez<\/strong> en <strong>Argentina<\/strong> ha permitido avanzar una serie de acuerdos bilaterales, pero con impacto dentro del bloque que <strong>Uruguay<\/strong> no acompa\u00f1a. El mayor punto de fricci\u00f3n es la idea de una moneda com\u00fan intrabloque, impulsada por el ministro de Econom\u00eda y candidato del oficialismo en Argentina <strong>Sergio Massa<\/strong>, y rechazada de plano por el ejecutivo de Lacalle Pou.<\/p>\n<p>La visi\u00f3n \u201ca la uruguaya\u201d del <strong>Mercosur<\/strong> incluye la capacidad de los pa\u00edses miembros de negociar acuerdos bilaterales con naciones extrabloque as\u00ed como una adecuaci\u00f3n de la uni\u00f3n aduanera y la limitaci\u00f3n de los aranceles a las importaciones intrabloque.<\/p>\n<p>Este \u00faltimo punto es de especial sensibilidad respecto a <strong>Argentina<\/strong> que, de acuerdo a datos del gobierno de Luis Lacalle Pou, tiene frenados cientos de permisos a exportadores uruguayos.<\/p>\n<\/p><\/div>\n","protected":false},"excerpt":{"rendered":"<p>La candidata a la Presidencia de Argentina por Juntos por el Cambio (JxC), Patricia Bullrich, coment\u00f3 sus aspiraciones para el funcionamiento del Mercosur, en caso de vencer en las elecciones de octubre, un tema que concita el inter\u00e9s del Uruguay que, desde hace a\u00f1os, exige una flexibilizaci\u00f3n del foro. Bullrich propuso el jueves, durante una [&hellip;]<\/p>\n","protected":false},"author":2,"featured_media":5615,"comment_status":"closed","ping_status":"closed","sticky":false,"template":"","format":"standard","meta":{"jetpack_post_was_ever_published":false,"_jetpack_newsletter_access":"","_jetpack_dont_email_post_to_subs":false,"_jetpack_newsletter_tier_id":0,"_jetpack_memberships_contains_paywalled_content":false,"_jetpack_memberships_contains_paid_content":false,"footnotes":"","jetpack_publicize_message":"","jetpack_publicize_feature_enabled":true,"jetpack_social_post_already_shared":true,"jetpack_social_options":{"image_generator_settings":{"template":"highway","enabled":false},"version":2}},"categories":[20],"tags":[1286],"class_list":["post-5614","post","type-post","status-publish","format-standard","has-post-thumbnail","hentry","category-mundo","tag-mundo"],"jetpack_publicize_connections":[],"jetpack_featured_media_url":"https:\/\/i0.wp.com\/infolanus.com\/wp-content\/uploads\/2023\/09\/que-piensa-patricia-bullrich-de-flexibilizar-el-mercosur.jpg?fit=1200%2C675&ssl=1","jetpack_sharing_enabled":true,"jetpack_shortlink":"https:\/\/wp.me\/p9QtMr-1sy","_links":{"self":[{"href":"https:\/\/infolanus.com\/index.php\/wp-json\/wp\/v2\/posts\/5614","targetHints":{"allow":["GET"]}}],"collection":[{"href":"https:\/\/infolanus.com\/index.php\/wp-json\/wp\/v2\/posts"}],"about":[{"href":"https:\/\/infolanus.com\/index.php\/wp-json\/wp\/v2\/types\/post"}],"author":[{"embeddable":true,"href":"https:\/\/infolanus.com\/index.php\/wp-json\/wp\/v2\/users\/2"}],"replies":[{"embeddable":true,"href":"https:\/\/infolanus.com\/index.php\/wp-json\/wp\/v2\/comments?post=5614"}],"version-history":[{"count":0,"href":"https:\/\/infolanus.com\/index.php\/wp-json\/wp\/v2\/posts\/5614\/revisions"}],"wp:featuredmedia":[{"embeddable":true,"href":"https:\/\/infolanus.com\/index.php\/wp-json\/wp\/v2\/media\/5615"}],"wp:attachment":[{"href":"https:\/\/infolanus.com\/index.php\/wp-json\/wp\/v2\/media?parent=5614"}],"wp:term":[{"taxonomy":"category","embeddable":true,"href":"https:\/\/infolanus.com\/index.php\/wp-json\/wp\/v2\/categories?post=5614"},{"taxonomy":"post_tag","embeddable":true,"href":"https:\/\/infolanus.com\/index.php\/wp-json\/wp\/v2\/tags?post=5614"}],"curies":[{"name":"wp","href":"https:\/\/api.w.org\/{rel}","templated":true}]}}