{"id":5620,"date":"2023-09-09T12:26:19","date_gmt":"2023-09-09T15:26:19","guid":{"rendered":"https:\/\/www.ambito.com\/uruguay\/el-plebiscito-contra-la-reforma-la-seguridad-social-colapsaria-el-sistema-previsional-alerto-mieres-n5816592"},"modified":"2023-09-09T12:26:19","modified_gmt":"2023-09-09T15:26:19","slug":"el-plebiscito-contra-la-reforma-de-la-seguridad-social-colapsaria-el-sistema-previsional-alerto-mieres","status":"publish","type":"post","link":"https:\/\/infolanus.com\/index.php\/2023\/09\/09\/el-plebiscito-contra-la-reforma-de-la-seguridad-social-colapsaria-el-sistema-previsional-alerto-mieres\/","title":{"rendered":"El plebiscito contra la reforma de la seguridad social colapsar\u00eda el sistema previsional, alert\u00f3 Mieres"},"content":{"rendered":"<div><img data-recalc-dims=\"1\" decoding=\"async\" src=\"https:\/\/i0.wp.com\/media.ambito.com\/p\/b552166ac85430d123127be9efe3faae\/adjuntos\/351\/imagenes\/040\/872\/0040872879\/1200x675\/smart\/pablo-mieres-ministro-trabajojpg.jpg?w=640&#038;ssl=1\" class=\"ff-og-image-inserted\"><\/div>\n<div id>\n<p>El ministro de <strong>Trabajo y Seguridad Social (MTSS), Pablo Mieres<\/strong>, volvi\u00f3 a referirse al <a href=\"https:\/\/www.ambito.com\/uruguay\/el-pit-cnt-logro-un-acuerdo-el-plebiscito-contra-la-reforma-la-seguridad-social-n5809782\" target=\"_blank\" rel=\"follow noopener\">plebiscito contra la <strong>reforma de la seguridad social<\/strong><\/a> que persigue el <strong>PIT-CNT,<\/strong> y consider\u00f3 que una iniciativa as\u00ed, en caso de concretarse, llevar\u00eda al colapso del sistema previsional de <strong>Uruguay.<\/strong><\/p>\n<\/p><\/div>\n<div id>\n<p>El PIT-CNT resolvi\u00f3 y aprob\u00f3 el jueves pasado el <a href=\"https:\/\/www.ambito.com\/uruguay\/el-pit-cnt-aprobo-la-papeleta-del-plebiscito-contra-la-reforma-la-seguridad-social-n5815102\" target=\"_blank\" rel=\"follow noopener\">contenido de la papeleta<\/a> para el plebiscito que pretende reformar la <strong>Constituci\u00f3n<\/strong> en materia previsional y as\u00ed sacar de circulaci\u00f3n la ley de reforma que aprob\u00f3 el Parlamento a fines de abril y cuyas primeras disposiciones ya rigen desde agosto. Los puntos clave de la propuesta de la central sindical son: edad jubilatoria de 60 a\u00f1os, jubilaciones atadas al salario m\u00ednimo nacional y eliminaci\u00f3n del ahorro individual y de las <strong>Administradoras de Fondos de Ahorro Previsional (AFAP)<\/strong>.<\/p>\n<\/div>\n<div id>\n<p> Con las novedades, el ministro Mieres volvi\u00f3 a cuestionar la l\u00ednea de acci\u00f3n del PIT-CNT, y se\u00f1al\u00f3 que \u201cen caso de concretarse llevar\u00eda al pa\u00eds, y lo digo con total responsabilidad, al <strong>colapso del sistema previsional<\/strong> incrementando de manera gigantesca el d\u00e9ficit ya muy elevado del sistema\u201d.<\/p>\n<\/div>\n<div id>\n<p>Sus dichos se dieron en el marco de la conferencia <strong>\u201cDesaf\u00edos para un Uruguay con Desarrollo Sostenible\u201d<\/strong>, organizada por la <strong>Confederaci\u00f3n de C\u00e1maras Empresariales<\/strong> en la <strong>Expo Prado 2023<\/strong>, que ayer tuvo su jornada inaugural.<\/p>\n<\/div>\n<div id>\n<p>\u201cEsta reforma que se propone va en sentido absolutamente <strong>opuesto a los objetivos<\/strong> que nuestro pa\u00eds debe asumir, y que por otra parte todo el sistema pol\u00edtico ha reconocido como necesario e imprescindible\u201d, dijo Mieres, e hizo hincapi\u00e9 en que el plebiscito de la central sindical, adem\u00e1s, \u201cafectar\u00eda un <strong>valor sustancial que distingue a Uruguay<\/strong> en el mundo y que es la <strong>certeza jur\u00eddica sobre los derechos<\/strong> de los ciudadanos\u201d, en tanto \u201cconfiscar\u00eda los ahorros de cientos de miles de uruguayos que fueron recaudados y construidos a\u00f1o a a\u00f1o y mes a mes\u201d con su trabajo.<\/p>\n<p>Por esto mismo, el titular del MTSS insisti\u00f3 en que la <strong>reforma de la seguridad social<\/strong> aprobada es \u201cnecesaria\u201d y que \u201cconstruye un futuro de sostenibilidad\u201d de las prestaciones previsionales para los pr\u00f3ximos a\u00f1os.<\/p>\n<h2>Arbeleche: \u201cNuestras reformas tienen un eje com\u00fan; la libertad\u201d<\/h2>\n<p>Durante la <a href=\"https:\/\/www.ambito.com\/uruguay\/gobierno-la-libertad-como-eje-las-reformas-que-deben-ser-defendidas-n5816406\" target=\"_blank\" rel=\"follow noopener\">misma conferencia de la que particip\u00f3 Mieres<\/a>, la ministra de E<strong>conom\u00eda y Finanzas (MEF), Azucena Arbeleche<\/strong>, disert\u00f3 sobre las reformas que lleva cabo el gobierno, bajo el lema \u201cAtiende el hoy pensando en el ma\u00f1ana\u201d. La exposici\u00f3n puso a la libertad \u201ccomo centro de todas las cosas\u201d, y como ejemplo se\u00f1al\u00f3 la portabilidad num\u00e9rica y la derogaci\u00f3n de la inclusi\u00f3n financiera, ambos aspectos incluidos en la Ley de Urgente Consideraci\u00f3n <strong>(LUC).<\/strong><\/p>\n<p>La ministra defendi\u00f3 aspectos centrales de la gesti\u00f3n del gobierno que, dijo, \u201csupo enfrentar con solidez y fortalezas \u201csituaciones adversas la crisis sanitaria mundial producto del <strong>Covid 19,<\/strong> el conflicto militar entre <strong>Rusia y Ucrania <\/strong>y <a href=\"https:\/\/www.ambito.com\/uruguay\/sufre-la-peor-sequia-del-siglo-cuales-son-sus-consecuencias-n5721457\" target=\"_blank\" rel=\"follow noopener\">m\u00e1s recientemente la <strong>sequ\u00eda.<\/strong><\/a><\/p>\n<p>Reconoci\u00f3 que en los \u00faltimos tiempos los precios se incrementaron, pero contextualiz\u00f3 que en respuesta el gobierno implement\u00f3 una serie de medidas que, seg\u00fan dijo, \u201cmejoraron los ingresos econ\u00f3micos de la poblaci\u00f3n, reduciendo a su vez la carga tributaria en productos b\u00e1sicos\u201d.<\/p>\n<p>Sobre la <strong>sequ\u00eda, <\/strong>que amerit\u00f3 la declaraci\u00f3n de <strong>emergencia agropecuaria, <\/strong>Arbeleche la cuantific\u00f3 en una p\u00e9rdida de 200 millones de d\u00f3lares para el pa\u00eds.<\/p>\n<p>Saludando a muchos jerarcas presentes en sala responsables de diversas \u00e1reas del gobierno , la titular del MEF enumer\u00f3 como \u201chitos de la gesti\u00f3n&#8221; el aumento de la inversi\u00f3n p\u00fablica, las mejoras en infraestructura y el aumento del empleo y el salario real, as\u00ed como tambi\u00e9n el acceso a nuevos mercados para los productos locales.<\/p>\n<p>En l\u00ednea a lo expresado recientemente por su colega integrante del equipo econ\u00f3mico el presidente del Banco Central <strong>Diego Labat, <\/strong>Arbeleche destac\u00f3 la importancia de lo que consider\u00f3 como<a href=\"https:\/\/www.ambito.com\/uruguay\/la-inflacion-cayo-al-41-anual-y-se-ubico-su-nivel-mas-18-anos-n5813136\" target=\"_blank\" rel=\"follow noopener\"> \u201cla menor <strong>inflaci\u00f3n <\/strong><\/a> de las dos \u00faltimas d\u00e9cadas\u201d. Tambi\u00e9n se\u00f1al\u00f3 la importancia de tener una nueva <strong>regla fiscal, <\/strong>algo que defini\u00f3 como \u201csencillamente cuidar el dinero de los uruguayos\u201d.<\/p>\n<\/div>\n","protected":false},"excerpt":{"rendered":"<p>El ministro de Trabajo y Seguridad Social (MTSS), Pablo Mieres, volvi\u00f3 a referirse al plebiscito contra la reforma de la seguridad social que persigue el PIT-CNT, y consider\u00f3 que una iniciativa as\u00ed, en caso de concretarse, llevar\u00eda al colapso del sistema previsional de Uruguay. El PIT-CNT resolvi\u00f3 y aprob\u00f3 el jueves pasado el contenido de [&hellip;]<\/p>\n","protected":false},"author":2,"featured_media":5621,"comment_status":"closed","ping_status":"closed","sticky":false,"template":"","format":"standard","meta":{"jetpack_post_was_ever_published":false,"_jetpack_newsletter_access":"","_jetpack_dont_email_post_to_subs":false,"_jetpack_newsletter_tier_id":0,"_jetpack_memberships_contains_paywalled_content":false,"_jetpack_memberships_contains_paid_content":false,"footnotes":"","jetpack_publicize_message":"","jetpack_publicize_feature_enabled":true,"jetpack_social_post_already_shared":true,"jetpack_social_options":{"image_generator_settings":{"template":"highway","enabled":false},"version":2}},"categories":[20],"tags":[1286],"class_list":["post-5620","post","type-post","status-publish","format-standard","has-post-thumbnail","hentry","category-mundo","tag-mundo"],"jetpack_publicize_connections":[],"jetpack_featured_media_url":"https:\/\/i0.wp.com\/infolanus.com\/wp-content\/uploads\/2023\/09\/el-plebiscito-contra-la-reforma-de-la-seguridad-social-colapsaria-el-sistema-previsional-alerto-mieres.jpg?fit=1200%2C675&ssl=1","jetpack_sharing_enabled":true,"jetpack_shortlink":"https:\/\/wp.me\/p9QtMr-1sE","_links":{"self":[{"href":"https:\/\/infolanus.com\/index.php\/wp-json\/wp\/v2\/posts\/5620","targetHints":{"allow":["GET"]}}],"collection":[{"href":"https:\/\/infolanus.com\/index.php\/wp-json\/wp\/v2\/posts"}],"about":[{"href":"https:\/\/infolanus.com\/index.php\/wp-json\/wp\/v2\/types\/post"}],"author":[{"embeddable":true,"href":"https:\/\/infolanus.com\/index.php\/wp-json\/wp\/v2\/users\/2"}],"replies":[{"embeddable":true,"href":"https:\/\/infolanus.com\/index.php\/wp-json\/wp\/v2\/comments?post=5620"}],"version-history":[{"count":0,"href":"https:\/\/infolanus.com\/index.php\/wp-json\/wp\/v2\/posts\/5620\/revisions"}],"wp:featuredmedia":[{"embeddable":true,"href":"https:\/\/infolanus.com\/index.php\/wp-json\/wp\/v2\/media\/5621"}],"wp:attachment":[{"href":"https:\/\/infolanus.com\/index.php\/wp-json\/wp\/v2\/media?parent=5620"}],"wp:term":[{"taxonomy":"category","embeddable":true,"href":"https:\/\/infolanus.com\/index.php\/wp-json\/wp\/v2\/categories?post=5620"},{"taxonomy":"post_tag","embeddable":true,"href":"https:\/\/infolanus.com\/index.php\/wp-json\/wp\/v2\/tags?post=5620"}],"curies":[{"name":"wp","href":"https:\/\/api.w.org\/{rel}","templated":true}]}}