{"id":5634,"date":"2023-09-11T20:58:36","date_gmt":"2023-09-11T23:58:36","guid":{"rendered":"http:\/\/infolanus.com\/index.php\/2023\/09\/11\/riquelme-palpito-la-semifinal-ante-palmeiras-estamos-donde-queriamos-estar\/"},"modified":"2023-09-11T20:58:36","modified_gmt":"2023-09-11T23:58:36","slug":"riquelme-palpito-la-semifinal-ante-palmeiras-estamos-donde-queriamos-estar","status":"publish","type":"post","link":"https:\/\/infolanus.com\/index.php\/2023\/09\/11\/riquelme-palpito-la-semifinal-ante-palmeiras-estamos-donde-queriamos-estar\/","title":{"rendered":"Riquelme palpit\u00f3 la semifinal ante Palmeiras: &#8220;Estamos d\u00f3nde quer\u00edamos estar&#8221;"},"content":{"rendered":"<div class=\"media_block\"><\/div>\n<div><img data-recalc-dims=\"1\" decoding=\"async\" src=\"https:\/\/i0.wp.com\/fotos.perfil.com\/2023\/08\/25\/trim\/1140\/641\/riquelme-1639690.jpg?w=640&#038;ssl=1\" class=\"ff-og-image-inserted\"><\/div>\n<p>El vicepresidente e \u00eddolo de <a target=\"_blank\" href=\"https:\/\/442.perfil.com\/noticias\/opinion\/se-acerca-palmeiras-y-boca-sigue-con-la-polvora-mojada.phtml\"><strong>Boca<\/strong><\/a>,<strong> <a target=\"_blank\" href=\"http:\/\/https:\/\/442.perfil.com\/noticias\/futbol\/los-sorpresivos-pasacalles-para-riquelme-en-la-previa-de-racing-boca-por-la-libertadores-un-ano-divertido.phtml\">Juan Rom\u00e1n Riquelme<\/a>&nbsp;<\/strong>brind\u00f3 una entrevista en&nbsp;<em>ESPN <\/em>y habl\u00f3 de todos los temas:&nbsp;la clasificaci\u00f3n del <em>Xeneize<\/em> en la <strong>Copa Argentina,<\/strong> el inicio de la llave de semifinales ante Palmeiras por la <strong>Copa Libertadores<\/strong>, y llen\u00f3 de&nbsp;elogios a<strong> <a target=\"_blank\" href=\"http:\/\/https:\/\/442.perfil.com\/noticias\/futbol\/la-increible-marca-de-chiquito-romero-en-los-penales-defendiendo-el-arco-de-boca.phtml\">Chiquito Romero<\/a><\/strong> y los referentes del plantel.&nbsp;<\/p>\n<p>En primer lugar el ex futbolista, dio su opini\u00f3n sobre el triunfo y clasificaci\u00f3n&nbsp;ante Almagro por la Copa Argentina:&nbsp;&#8220;<strong>Siempre se puede jugar mejor. Ayer terminamos ganando 2-0 el primer tiempo, termina el partido empatado y pasamos en los penales<\/strong>. Tanto ustedes como nosotros pens\u00e1bamos que lo \u00edbamos a ganar en el campo de juego. Tambi\u00e9n hay que felicitar a Almagro. <strong>Siempre tengo la ilusi\u00f3n de que vamos a jugar mejor y el entrenador tambi\u00e9n. La Copa Argentina es uno de los torneos m\u00e1s dif\u00edciles. <\/strong>Lo empatamos, pudo ser por descuido o no pero espero que no vuelva a pasar porque te puede dejar afuera&#8221;.<\/p>\n<p>Luego, se meti\u00f3 de lleno en la previa de la llave ante Palmeiras por las semifinales de la Copa Libertadores:&nbsp;&#8220;El a\u00f1o pasado ganaron los dos torneos, en marzo fueron campeones de nuevo y ahora est\u00e1n en cuartos de la Copa Argentina y en semis de Libertadores. <strong>Demuestran que es un grupo fuerte.<\/strong> No es f\u00e1cil estar donde est\u00e1n. <strong>Sue\u00f1o que vamos a hacer buenos partidos con Palmeiras y sue\u00f1o con que vamos a estar en la final<\/strong>&#8220;.<\/p>\n<p>En esta misma l\u00ednea, Rom\u00e1n agreg\u00f3:&nbsp;&#8220;<strong>Estamos donde quer\u00edamos estar. La Copa Libertadores para m\u00ed es el torneo m\u00e1s lindo<\/strong>. Estamos en semifinales. <strong>Hemos tenido que jugar con equipos complicados, nos toca un rival duro<\/strong>, con buenos jugadores, que tiene un entrenador y mismos jugadores de hace tres a\u00f1os, que vamos a ir a jugar a una cancha de alfombra que es distinto que la tierra. Pero primero tenemos nuestro partido en casa con nuestra gente que ser\u00e1 una fiesta y ver si tenemos la suerte de ganar&#8221;.<\/p>\n<blockquote class=\"twitter-tweet\" readability=\"5.0655021834061\">\n<p lang=\"es\" dir=\"ltr\">&#8220;SUE\u00d1O CON QUE VAMOS A JUGAR GRANDES PARTIDOS CONTRA PALMEIRAS&#8221; declar\u00f3 Riquelme palpitando la CONMEBOL <a href=\"https:\/\/twitter.com\/hashtag\/Libertadores?src=hash&amp;ref_src=twsrc%5Etfw\">#Libertadores<\/a>. <\/p>\n<p>\ud83d\udcfa <a href=\"https:\/\/twitter.com\/hashtag\/ESPNenStarPlus?src=hash&amp;ref_src=twsrc%5Etfw\">#ESPNenStarPlus<\/a> | <a href=\"https:\/\/twitter.com\/hashtag\/ESPNEquipoF?src=hash&amp;ref_src=twsrc%5Etfw\">#ESPNEquipoF<\/a> <a href=\"https:\/\/t.co\/BsznEk8pU4\">pic.twitter.com\/BsznEk8pU4<\/a><\/p>\n<p>\u2014 SportsCenter (@SC_ESPN) <a href=\"https:\/\/twitter.com\/SC_ESPN\/status\/1701375811951964534?ref_src=twsrc%5Etfw\">September 11, 2023<\/a><\/p><\/blockquote>\n<h2>Riquelme elogi\u00f3 a Chiquito Romero y a los referentes del plantel<\/h2>\n<p>Juan Rom\u00e1n Riquelme le dedic\u00f3 unas palabras a los m\u00e1s grandes del plantel de Boca y destac\u00f3 la importancia de cada uno de ellos:&nbsp;&#8220;Estamos contentos con el plantel que tenemos y muy agradecidos a los m\u00e1s grandes. <strong>A Pol, que habla poquito pero es importante en el d\u00eda a d\u00eda, Fabra, que es el m\u00e1s viejo del club, Javi Garc\u00eda, Roncaglia. Sacando a Frank,<\/strong> los otros salieron del club, lo conocen y hacen un trabajo importante para que los chicos, cuando suben, se sientan c\u00f3modos. <strong>A eso sumale a Marcos Rojo que parece que jug\u00f3 toda la vida ac\u00e1<\/strong>&#8220;.<\/p>\n<p>Tambi\u00e9n, llen\u00f3 de elogios a <strong>Chiquito Romero<\/strong>, el h\u00e9roe xeneize de las \u00faltimas definiciones por penales:&nbsp;&#8220;Lo veo contento. Yo lo conoc\u00ed en 2008 y desde ah\u00ed tenemos una relaci\u00f3n muy linda, siempre hablamos. <strong>Estoy contento de que disfrute jugar<\/strong>, cuando hablamos con \u00e9l en uno o dos d\u00edas lo ten\u00edamos en el club y sab\u00edamos que deb\u00eda recuperar la rodilla. <strong>\u00c9l hizo un trabajo muy bueno y estamos felices de ver a uno de los mejores de todos los tiempos de la Selecci\u00f3n Argentina con la camiseta de nuestro club<\/strong>&#8220;.<\/p>\n<blockquote class=\"twitter-tweet\" readability=\"5.6434108527132\">\n<p lang=\"es\" dir=\"ltr\">CHIQUITO ROMERO: UNO DE LOS MEJORES ARQUEROS DE LA HISTORIA DE LA SELECCI\u00d3N ARGENTINA Y HOY CLAVE EN BOCA. Los grandes elogios de Riquelme en <a href=\"https:\/\/twitter.com\/hashtag\/ESPN?src=hash&amp;ref_src=twsrc%5Etfw\">#ESPN<\/a>. <\/p>\n<p>\ud83d\udcfa <a href=\"https:\/\/twitter.com\/hashtag\/ESPNenStarPlus?src=hash&amp;ref_src=twsrc%5Etfw\">#ESPNenStarPlus<\/a> | <a href=\"https:\/\/twitter.com\/hashtag\/ESPNEquipoF?src=hash&amp;ref_src=twsrc%5Etfw\">#ESPNEquipoF<\/a> <a href=\"https:\/\/t.co\/EDbnaOoNpx\">pic.twitter.com\/EDbnaOoNpx<\/a><\/p>\n<p>\u2014 SportsCenter (@SC_ESPN) <a href=\"https:\/\/twitter.com\/SC_ESPN\/status\/1701371787471094039?ref_src=twsrc%5Etfw\">September 11, 2023<\/a><\/p><\/blockquote>\n<p>Otro de los futbolistas al que el \u00eddolo xeneize elogi\u00f3 fue <strong>Frank Fabra<\/strong>:&nbsp;&#8220;<strong>Es el Marcelo del Real Madrid para nosotros.<\/strong> Voy feliz a la cancha cuando juega \u00e9l. Hace cosas que no son normales. <strong>Es tan bueno que a veces parece que no tiene ganas de jugar, no s\u00e9 c\u00f3mo explicarlo&#8221;<\/strong>, se\u00f1al\u00f3.<\/p>\n<p>Y luego agreg\u00f3: &#8220;El gol que le hizo a Central en cancha de V\u00e9lez todav\u00eda no s\u00e9 cu\u00e1ntos goles m\u00e1s lindos que ese he visto. Todo lo que fue pensando pas\u00f3 y juega de lateral izquierda. Contra Racing en la Copa el primer tiempo sacamos mucha ventaja por \u00e9l. El segundo creo que fuimos mejor como equipo, atacamos mejor, coordinamos, hubo pases entre delanteros. Y el primer tiempo fue todo de \u00e9l. <strong>No es tan reconocido como lo merece. Est\u00e1 entre los mejores laterales de la historia del club, es un jugador de una categor\u00eda mayor<\/strong>&#8220;.<\/p>\n<blockquote class=\"twitter-tweet\" readability=\"6.8484848484848\">\n<p lang=\"es\" dir=\"ltr\">&#8220;FABRA ES EL MARCELO DEL REAL MADRID PARA NOSOTROS&#8230; DE LOS MEJORES DE LA HISTORIA DE NUESTRO CLUB&#8221; las espectaculares palabras de Riquelme para el colombiano. Ojo, con detalles y m\u00e1s&#8230; <\/p>\n<p>\ud83d\udcfa <a href=\"https:\/\/twitter.com\/hashtag\/ESPNenStarPlus?src=hash&amp;ref_src=twsrc%5Etfw\">#ESPNenStarPlus<\/a> | <a href=\"https:\/\/twitter.com\/hashtag\/ESPNEquipoF?src=hash&amp;ref_src=twsrc%5Etfw\">#ESPNEquipoF<\/a> <a href=\"https:\/\/t.co\/UEXUUehRXA\">pic.twitter.com\/UEXUUehRXA<\/a><\/p>\n<p>\u2014 SportsCenter (@SC_ESPN) <a href=\"https:\/\/twitter.com\/SC_ESPN\/status\/1701373129354829846?ref_src=twsrc%5Etfw\">September 11, 2023<\/a><\/p><\/blockquote>\n<p>BP<\/p>\n","protected":false},"excerpt":{"rendered":"<p>El vicepresidente e \u00eddolo de Boca, Juan Rom\u00e1n Riquelme&nbsp;brind\u00f3 una entrevista en&nbsp;ESPN y habl\u00f3 de todos los temas:&nbsp;la clasificaci\u00f3n del Xeneize en la Copa Argentina, el inicio de la llave de semifinales ante Palmeiras por la Copa Libertadores, y llen\u00f3 de&nbsp;elogios a Chiquito Romero y los referentes del plantel.&nbsp; En primer lugar el ex futbolista, [&hellip;]<\/p>\n","protected":false},"author":2,"featured_media":5635,"comment_status":"closed","ping_status":"closed","sticky":false,"template":"","format":"standard","meta":{"jetpack_post_was_ever_published":false,"_jetpack_newsletter_access":"","_jetpack_dont_email_post_to_subs":false,"_jetpack_newsletter_tier_id":0,"_jetpack_memberships_contains_paywalled_content":false,"_jetpack_memberships_contains_paid_content":false,"footnotes":"","jetpack_publicize_message":"","jetpack_publicize_feature_enabled":true,"jetpack_social_post_already_shared":true,"jetpack_social_options":{"image_generator_settings":{"template":"highway","enabled":false},"version":2}},"categories":[17],"tags":[],"class_list":["post-5634","post","type-post","status-publish","format-standard","has-post-thumbnail","hentry","category-deportes"],"jetpack_publicize_connections":[],"jetpack_featured_media_url":"https:\/\/i0.wp.com\/infolanus.com\/wp-content\/uploads\/2023\/09\/riquelme-palpito-la-semifinal-ante-palmeiras-estamos-donde-queriamos-estar.jpg?fit=1140%2C641&ssl=1","jetpack_sharing_enabled":true,"jetpack_shortlink":"https:\/\/wp.me\/p9QtMr-1sS","_links":{"self":[{"href":"https:\/\/infolanus.com\/index.php\/wp-json\/wp\/v2\/posts\/5634","targetHints":{"allow":["GET"]}}],"collection":[{"href":"https:\/\/infolanus.com\/index.php\/wp-json\/wp\/v2\/posts"}],"about":[{"href":"https:\/\/infolanus.com\/index.php\/wp-json\/wp\/v2\/types\/post"}],"author":[{"embeddable":true,"href":"https:\/\/infolanus.com\/index.php\/wp-json\/wp\/v2\/users\/2"}],"replies":[{"embeddable":true,"href":"https:\/\/infolanus.com\/index.php\/wp-json\/wp\/v2\/comments?post=5634"}],"version-history":[{"count":0,"href":"https:\/\/infolanus.com\/index.php\/wp-json\/wp\/v2\/posts\/5634\/revisions"}],"wp:featuredmedia":[{"embeddable":true,"href":"https:\/\/infolanus.com\/index.php\/wp-json\/wp\/v2\/media\/5635"}],"wp:attachment":[{"href":"https:\/\/infolanus.com\/index.php\/wp-json\/wp\/v2\/media?parent=5634"}],"wp:term":[{"taxonomy":"category","embeddable":true,"href":"https:\/\/infolanus.com\/index.php\/wp-json\/wp\/v2\/categories?post=5634"},{"taxonomy":"post_tag","embeddable":true,"href":"https:\/\/infolanus.com\/index.php\/wp-json\/wp\/v2\/tags?post=5634"}],"curies":[{"name":"wp","href":"https:\/\/api.w.org\/{rel}","templated":true}]}}