{"id":5638,"date":"2023-09-12T07:59:00","date_gmt":"2023-09-12T10:59:00","guid":{"rendered":"https:\/\/www.ambito.com\/uruguay\/el-dolar-013-pero-continua-la-franja-los-38-n5818136"},"modified":"2023-09-12T07:59:00","modified_gmt":"2023-09-12T10:59:00","slug":"el-dolar-bajo-013-pero-continua-en-la-franja-de-los-38","status":"publish","type":"post","link":"https:\/\/infolanus.com\/index.php\/2023\/09\/12\/el-dolar-bajo-013-pero-continua-en-la-franja-de-los-38\/","title":{"rendered":"El d\u00f3lar baj\u00f3 0,13%, pero contin\u00faa en la franja de los $38"},"content":{"rendered":"<p><!-- { REGION4 --> <\/p>\n<header class=\"news-headline\">\n<div class=\"news-headline__topics-and-date-wrapper\"> <span class=\"news-headline__publication-date\"> 12 de septiembre 2023 &#8211; 07:59 <\/span><\/div>\n<h2 class=\"news-headline__article-summary\">\tEl precio de la divisa estadounidense cort\u00f3 un rally de dos jornadas al alza, aunque acumula un aumento mensual de 1,27%. <\/h2>\n<\/header>\n<div class=\"detail-highlighted-multimedia content-protected-false\">\n<figure class=\"detail-highlighted-multimedia__figure\"> <img data-recalc-dims=\"1\" loading=\"lazy\" decoding=\"async\" src=\"https:\/\/i0.wp.com\/media.ambito.com\/p\/d4b0361a7ac1de18a2e6b1e063b646cf\/adjuntos\/351\/imagenes\/040\/972\/0040972378\/655x368\/smart\/dolar-tipo-cambio-divisa.jpg?resize=640%2C360&#038;ssl=1\" class=\"detail-highlighted-multimedia__figure-img img-fluid\" alt=\"El d\u00f3lar ya subi\u00f3 casi 0,5 pesos en lo que va del mes de setiembre.\" width=\"640\" height=\"360\"><figcaption class=\"detail-highlighted-multimedia__figcaption\" readability=\"-23.5\"> <span class=\"detail-highlighted-multimedia__copyright\">Foto: Freepik<\/span><\/figcaption><\/figure>\n<\/div>\n<article class=\"article-body article-body--first-paragraph content-protected-false\" data-td-script-src=\"https:\/\/www.ambito.com\/td\/modulos\/encuestas\/js\/function-embeds-min-version-1660312119.js\" readability=\"32.352941176471\">\n<p>El <strong>d\u00f3lar<\/strong> bajo 0,13% respecto a <a href=\"https:\/\/www.ambito.com\/uruguay\/el-dolar-mantuvo-la-racha-y-cerro-la-semana-una-suba-026-n5816224\" target=\"_blank\" rel=\"follow noopener\">la \u00faltima jornada<\/a> y cerr\u00f3 en 38,069 pesos, seg\u00fan la cotizaci\u00f3n oficial del <strong>Banco Central del Uruguay<\/strong> (<strong>BCU<\/strong>), cortando as\u00ed con un rally de dos jornadas al alza, y acumulando un aumento mensual del 1,27%.<\/p>\n<\/article>\n<article class=\"article-body article-body--second-paragraph content-protected-false\" readability=\"28.517006802721\">\n<p>Por su parte, en lo que va del 2023, <a href=\"https:\/\/www.ambito.com\/uruguay\/el-dolar-abre-la-semana-la-franja-los-38-y-alimenta-la-expectativa-un-rumbo-alcista-n5817660\" target=\"_blank\" rel=\"follow noopener\">el billete verde<\/a> retrocedi\u00f3 un 5% con respecto al cierre de 2022. A nivel interanual, la ca\u00edda es del 6,47%.<\/p>\n<\/article>\n<section class=\"related-news\"> <span class=\"related-news__title\">Informate m\u00e1s<\/span> <\/p>\n<div class=\"row row--eq-height\">\n<div class=\"col-12 col-md-6\">\n<article class=\"news-article news-article--landscape-news news-article--landscape-news\">\n<figure class=\"news-article__figure figure\"> <a href=\"https:\/\/www.ambito.com\/uruguay\/el-dolar-vive-una-primavera-anticipada-n5815821\" target title=\"\u00e1mbito.com | El d\u00f3lar vive una primavera anticipada en Uruguay\" alt=\"\u00e1mbito.com | El d\u00f3lar vive una primavera anticipada en Uruguay\" rel=\"noindex nofollow noreferrer\"> <img loading=\"lazy\" decoding=\"async\" src=\"https:\/\/www.ambito.com\/css-custom\/351\/lazy.svg\" data-td-src-property=\"https:\/\/media.ambito.com\/p\/a42324e04ecbb2441b771848b3fb6698\/adjuntos\/351\/imagenes\/040\/956\/0040956422\/93x52\/smart\/dolar-divisa-tipo-cambio.jpg\" alt=\"El d\u00f3lar en Uruguay lleva acumulado un aumento del 1,14% en setiembre.\" title=\"El d\u00f3lar en Uruguay lleva acumulado un aumento del 1,14% en setiembre.\" width=\"93\" height=\"52\" class=\"news-article__figure-img figure-img img-fluid\"> <\/a><\/figure>\n<\/article><\/div>\n<div class=\"col-12 col-md-6\">\n<article class=\"news-article news-article--landscape-news news-article--landscape-news\">\n<figure class=\"news-article__figure figure\"> <a href=\"https:\/\/www.ambito.com\/uruguay\/el-dolar-regreso-la-franja-los-38-despues-23-dias-n5815271\" target title=\"\u00e1mbito.com | El d\u00f3lar regres\u00f3 a la franja de los $38 despu\u00e9s de 23 d\u00edas\" alt=\"\u00e1mbito.com | El d\u00f3lar regres\u00f3 a la franja de los $38 despu\u00e9s de 23 d\u00edas\" rel=\"noindex nofollow noreferrer\"> <img loading=\"lazy\" decoding=\"async\" src=\"https:\/\/www.ambito.com\/css-custom\/351\/lazy.svg\" data-td-src-property=\"https:\/\/media.ambito.com\/p\/7256631993838423e33e552b85647cf3\/adjuntos\/351\/imagenes\/040\/626\/0040626783\/93x52\/smart\/dolar-sube-subio.jpg\" alt=\"El d\u00f3lar subi\u00f3 0,40% y volvi\u00f3 a la franja de los 38 pesos, de acuerdo a los datos del Banco Central del Uruguay.\" title=\"El d\u00f3lar subi\u00f3 0,40% y volvi\u00f3 a la franja de los 38 pesos, de acuerdo a los datos del Banco Central del Uruguay.\" width=\"93\" height=\"52\" class=\"news-article__figure-img figure-img img-fluid\"> <\/a><\/figure>\n<\/article><\/div>\n<\/div>\n<\/section>\n<article class=\"article-body article-body--third-paragraph content-protected-false\" readability=\"37\">\n<div contenteditable=\"false\" class=\"embed_cont type_imagen\" id=\"7841092-Libre-679735679_wrap\">\n<p> Bevsa.jpg <span onclick=\"parent.parent.TinyMCETdcuerpo.preview_embed('7841092-Libre-679735679')\" class=\"embed_colapse less\" id=\"7841092-Libre-679735679_colapse\"><\/span> <span onclick=\"parent.parent.TinyMCETdcuerpo.delete_embed('7841092-Libre-679735679')\" class=\"embed_delete less\" id=\"7841092-Libre-679735679_delete\"><\/span><\/p>\n<div id=\"7841092-Libre-679735679_content\" class=\"embed_content\"><img decoding=\"async\" src=\"https:\/\/www.ambito.com\/css-custom\/351\/lazy.svg\" data-td-src-property=\"https:\/\/media.ambito.com\/p\/634cce72c675693255601d50f06fda6b\/adjuntos\/351\/imagenes\/040\/972\/0040972402\/730x0\/smart\/bevsajpg.jpg\" alt title width=\"730\" height id=\"7841092-Libre-679735679_embed\"><\/div>\n<\/p><\/div>\n<h2>El billete minorista se vende por encima de los 39 pesos<\/h2>\n<p>En la pizarra de referencia del <strong>Banco Rep\u00fablica<\/strong> (<strong>BROU<\/strong>), el <strong>d\u00f3lar<\/strong> se ofreci\u00f3 a 36,90 pesos para la compra, y 39,30 pesos para la venta. Por su parte, el valor preferencial del <strong>D\u00f3lar eBROU<\/strong> estuvo en 37,40 pesos para la compra, y 38,80 pesos para la venta.<\/p>\n<\/article>\n<article class=\"article-body article-body--fourth-paragraph content-protected-false\" readability=\"38\">\n<p>La \u00faltima operaci\u00f3n de la jornada en la <strong>Bolsa Electr\u00f3nica de Valores del Uruguay<\/strong> (<strong>Bevsa<\/strong>) fue pactada en 38,100 pesos, mientras que el precio m\u00e1ximo fue de 38,100 pesos, y el m\u00ednimo de 38,050 pesos. En este d\u00eda, el n\u00famero de transacciones fueron un total de 37, con un monto total de operaciones m\u00e1s de 18,2 millones de d\u00f3lares.<\/p>\n<\/article>\n<article class=\"article-body article-body--remaining-paragraph content-protected-false\" readability=\"38.231182795699\">\n<p>Las criptomonedas de paridad 1 a 1 con el <strong>d\u00f3lar<\/strong> como <strong>Tether<\/strong> (<strong>USDT<\/strong>) cotizaron en un promedio de 39.95 pesos para la compra en l\u00ednea mediante un banco o con tarjeta, y desde los 39,96 pesos hasta los 41,80 pesos en el mercado peer-to-peer (P2P) de Binance.<\/p>\n<p>Por su parte, la cotizaci\u00f3n del <a href=\"https:\/\/www.ambito.com\/uruguay\/dolar-blue-record-argentina-que-opcion-pago-conviene-los-os-n5789203\" target=\"_blank\" rel=\"follow noopener\">d\u00f3lar Prex<\/a> estuvo a 37,71 pesos para la compra, y 38,29 pesos para la venta.<\/p>\n<h2>El precio del d\u00f3lar a lo largo de las \u00faltimas cinco jornadas<\/h2>\n<ul>\n<li>4 de setiembre \u2014 37,754<\/li>\n<li>5 de setiembre \u2014 37,876<\/li>\n<li>6 de setiembre \u2014 37,87<\/li>\n<li>7 de setiembre \u2014 38,02<\/li>\n<li>8 de setiembre \u2014 38,117<\/li>\n<\/ul>\n<\/article>\n<p> <!-- REGION4 } --> <\/p>\n","protected":false},"excerpt":{"rendered":"<p>12 de septiembre 2023 &#8211; 07:59 El precio de la divisa estadounidense cort\u00f3 un rally de dos jornadas al alza, aunque acumula un aumento mensual de 1,27%. Foto: Freepik El d\u00f3lar bajo 0,13% respecto a la \u00faltima jornada y cerr\u00f3 en 38,069 pesos, seg\u00fan la cotizaci\u00f3n oficial del Banco Central del Uruguay (BCU), cortando as\u00ed [&hellip;]<\/p>\n","protected":false},"author":2,"featured_media":5639,"comment_status":"closed","ping_status":"closed","sticky":false,"template":"","format":"standard","meta":{"jetpack_post_was_ever_published":false,"_jetpack_newsletter_access":"","_jetpack_dont_email_post_to_subs":false,"_jetpack_newsletter_tier_id":0,"_jetpack_memberships_contains_paywalled_content":false,"_jetpack_memberships_contains_paid_content":false,"footnotes":"","jetpack_publicize_message":"","jetpack_publicize_feature_enabled":true,"jetpack_social_post_already_shared":true,"jetpack_social_options":{"image_generator_settings":{"template":"highway","enabled":false},"version":2}},"categories":[20],"tags":[1286],"class_list":["post-5638","post","type-post","status-publish","format-standard","has-post-thumbnail","hentry","category-mundo","tag-mundo"],"jetpack_publicize_connections":[],"jetpack_featured_media_url":"https:\/\/i0.wp.com\/infolanus.com\/wp-content\/uploads\/2023\/09\/el-dolar-bajo-013-pero-continua-en-la-franja-de-los-38.jpg?fit=655%2C368&ssl=1","jetpack_sharing_enabled":true,"jetpack_shortlink":"https:\/\/wp.me\/p9QtMr-1sW","_links":{"self":[{"href":"https:\/\/infolanus.com\/index.php\/wp-json\/wp\/v2\/posts\/5638","targetHints":{"allow":["GET"]}}],"collection":[{"href":"https:\/\/infolanus.com\/index.php\/wp-json\/wp\/v2\/posts"}],"about":[{"href":"https:\/\/infolanus.com\/index.php\/wp-json\/wp\/v2\/types\/post"}],"author":[{"embeddable":true,"href":"https:\/\/infolanus.com\/index.php\/wp-json\/wp\/v2\/users\/2"}],"replies":[{"embeddable":true,"href":"https:\/\/infolanus.com\/index.php\/wp-json\/wp\/v2\/comments?post=5638"}],"version-history":[{"count":0,"href":"https:\/\/infolanus.com\/index.php\/wp-json\/wp\/v2\/posts\/5638\/revisions"}],"wp:featuredmedia":[{"embeddable":true,"href":"https:\/\/infolanus.com\/index.php\/wp-json\/wp\/v2\/media\/5639"}],"wp:attachment":[{"href":"https:\/\/infolanus.com\/index.php\/wp-json\/wp\/v2\/media?parent=5638"}],"wp:term":[{"taxonomy":"category","embeddable":true,"href":"https:\/\/infolanus.com\/index.php\/wp-json\/wp\/v2\/categories?post=5638"},{"taxonomy":"post_tag","embeddable":true,"href":"https:\/\/infolanus.com\/index.php\/wp-json\/wp\/v2\/tags?post=5638"}],"curies":[{"name":"wp","href":"https:\/\/api.w.org\/{rel}","templated":true}]}}