{"id":564,"date":"2018-05-29T12:35:03","date_gmt":"2018-05-29T15:35:03","guid":{"rendered":"http:\/\/infolanus.com\/?p=564"},"modified":"2018-05-29T12:35:03","modified_gmt":"2018-05-29T15:35:03","slug":"grindetti-inauguro-la-nueva-sede-regional-de-licencias-de-conducir","status":"publish","type":"post","link":"https:\/\/infolanus.com\/index.php\/2018\/05\/29\/grindetti-inauguro-la-nueva-sede-regional-de-licencias-de-conducir\/","title":{"rendered":"Grindetti inaugur\u00f3 la nueva sede regional de licencias de conducir"},"content":{"rendered":"<p>El intendente de Lan\u00fas, N\u00e9stor Grindetti, acompa\u00f1ado por autoridades provinciales y municipales encabez\u00f3 este lunes la inauguraci\u00f3n del Centro Regional de Licencias, que a partir de ahora funcionar\u00e1 en 29 de Septimbre y Ferr\u00e9, Remedios de Escalada. En este moderno edificio equipado con nuevas tecnolog\u00edas, los vecinos podr\u00e1n acceder a tr\u00e1mites de licencias de una manera \u00e1gil y r\u00e1pida.<\/p>\n<p><strong>&#8220;Esto es el resultado del trabajo en equipo. Durante 43 a\u00f1os esto estuvo igual, no hab\u00eda pasado absolutamente nada ni en t\u00e9rminos edilicios, ni de estructura, ni de procesos, realmente era un incordio para los vecinos. Ahora tenemos esto que es totalmente nuevo, con sistema y tecnolog\u00eda nueva que da absoluta transparencia al tr\u00e1mite y facilidad para el vecino, que es lo que cuidamos constantemente&#8221;<\/strong>, destac\u00f3 Grindetti, quien resalt\u00f3 adem\u00e1s que las nuevas instalaciones permitir\u00e1n al personal trabajar de una manera m\u00e1s c\u00f3moda, lo que sin lugar a dudas repercute en la atenci\u00f3n al vecino. <strong>&#8220;No estamos para impedir las cosas, estamos para facilitarlas&#8221;<\/strong>, finaliz\u00f3.<\/p>\n<p>Por su parte, el jefe de Gabinete del municipio de Lan\u00fas, Diego Kravetz; explic\u00f3 que <strong>&#8220;a partir de los distintos cambios que fue implementando la Subsecretar\u00eda de Movilidad Sustentable con semaforizaci\u00f3n, cambio de registro e informatizaci\u00f3n, y ahora con el Centro Regional, va cambiando el sistema por uno mucho m\u00e1s seguro, donde las pruebas son objetivas y en donde tratamos de apuntar a la seguridad vial, todo esto con el apoyo de la Agencia Nacional de Seguridad Vial y del Gobierno provincial&#8221;<\/strong>. Adem\u00e1s indic\u00f3 que antes de iniciar la gesti\u00f3n, Lan\u00fas era uno de los distritos que m\u00e1s cambios de domicilio registraba, dado la facilidad en cuanto a tr\u00e1mites y evaluaciones a las que se expon\u00eda el vecino que solicitaba su licencia. <\/p>\n<p><center><img data-recalc-dims=\"1\" loading=\"lazy\" decoding=\"async\" data-attachment-id=\"566\" data-permalink=\"https:\/\/infolanus.com\/index.php\/2018\/05\/29\/grindetti-inauguro-la-nueva-sede-regional-de-licencias-de-conducir\/licencia-conducir\/\" data-orig-file=\"https:\/\/i0.wp.com\/infolanus.com\/wp-content\/uploads\/2018\/05\/licencia-conducir.jpg?fit=656%2C438&amp;ssl=1\" data-orig-size=\"656,438\" data-comments-opened=\"1\" data-image-meta=\"{&quot;aperture&quot;:&quot;0&quot;,&quot;credit&quot;:&quot;&quot;,&quot;camera&quot;:&quot;&quot;,&quot;caption&quot;:&quot;&quot;,&quot;created_timestamp&quot;:&quot;1527498615&quot;,&quot;copyright&quot;:&quot;&quot;,&quot;focal_length&quot;:&quot;0&quot;,&quot;iso&quot;:&quot;0&quot;,&quot;shutter_speed&quot;:&quot;0&quot;,&quot;title&quot;:&quot;&quot;,&quot;orientation&quot;:&quot;1&quot;}\" data-image-title=\"licencia-conducir\" data-image-description=\"\" data-image-caption=\"\" data-medium-file=\"https:\/\/i0.wp.com\/infolanus.com\/wp-content\/uploads\/2018\/05\/licencia-conducir.jpg?fit=300%2C200&amp;ssl=1\" data-large-file=\"https:\/\/i0.wp.com\/infolanus.com\/wp-content\/uploads\/2018\/05\/licencia-conducir.jpg?fit=640%2C427&amp;ssl=1\" src=\"https:\/\/i0.wp.com\/infolanus.com\/wp-content\/uploads\/2018\/05\/licencia-conducir.jpg?resize=600%2C400\" alt=\"\" width=\"600\" height=\"400\" class=\"alignnone size-medium wp-image-566\" srcset=\"https:\/\/i0.wp.com\/infolanus.com\/wp-content\/uploads\/2018\/05\/licencia-conducir.jpg?resize=300%2C200&amp;ssl=1 300w, https:\/\/i0.wp.com\/infolanus.com\/wp-content\/uploads\/2018\/05\/licencia-conducir.jpg?resize=629%2C420&amp;ssl=1 629w, https:\/\/i0.wp.com\/infolanus.com\/wp-content\/uploads\/2018\/05\/licencia-conducir.jpg?w=656&amp;ssl=1 656w\" sizes=\"auto, (max-width: 600px) 100vw, 600px\" \/><\/center><\/p>\n<p>En este nuevo edificio, los vecinos que aprueben los ex\u00e1menes podr\u00e1n contar con su licencia en 24 horas, aunque se espera que en breve el carnet se imprima en el momento, luego de la aprobaci\u00f3n. <\/p>\n<p>Las nuevas oficinas cuentan con sector de informes, sala de espera, turneros electr\u00f3nicos, salas de examen, consultorios m\u00e9dicos, aulas para capacitaci\u00f3n y evaluaci\u00f3n psicol\u00f3gica y sector de archivos, adem\u00e1s de la pista. La obra, que se desarroll\u00f3 en un periodo de nueve meses tuvo un valor de 15 millones de pesos. <\/p>\n<p>Adem\u00e1s de los mencionados, participaron de la inauguraci\u00f3n el diputado provincial Adri\u00e1n Urreli; el subsecretario de Gesti\u00f3n Gubernamental, Iv\u00e1n Budassi; el director de Licencias de Conducir y Antecedentes de Tr\u00e1nsito, Facundo Pistola; el director ejecutivo de la Agencia Nacional de Seguridad Vial, Carlos Perez, secretarios locales, y otros funcionarios municipales.<\/p>\n","protected":false},"excerpt":{"rendered":"<p>El intendente de Lan\u00fas, N\u00e9stor Grindetti, acompa\u00f1ado por autoridades provinciales y municipales encabez\u00f3 este lunes la inauguraci\u00f3n del Centro Regional de Licencias, que a partir de ahora funcionar\u00e1 en 29 de Septimbre y Ferr\u00e9, Remedios de Escalada. En este moderno edificio equipado con nuevas tecnolog\u00edas, los vecinos podr\u00e1n acceder a tr\u00e1mites de licencias de una [&hellip;]<\/p>\n","protected":false},"author":2,"featured_media":565,"comment_status":"open","ping_status":"open","sticky":false,"template":"","format":"standard","meta":{"jetpack_post_was_ever_published":false,"_jetpack_newsletter_access":"","_jetpack_dont_email_post_to_subs":false,"_jetpack_newsletter_tier_id":0,"_jetpack_memberships_contains_paywalled_content":false,"_jetpack_memberships_contains_paid_content":false,"footnotes":"","jetpack_publicize_message":"","jetpack_publicize_feature_enabled":true,"jetpack_social_post_already_shared":true,"jetpack_social_options":{"image_generator_settings":{"template":"highway","enabled":false},"version":2}},"categories":[19],"tags":[213,23,212,99],"class_list":["post-564","post","type-post","status-publish","format-standard","has-post-thumbnail","hentry","category-municipio","tag-diego-kravetz","tag-lanus","tag-licencias-de-conducir","tag-nestor-grindetti"],"jetpack_publicize_connections":[],"jetpack_featured_media_url":"https:\/\/i0.wp.com\/infolanus.com\/wp-content\/uploads\/2018\/05\/grindetti-licencias.jpg?fit=771%2C492&ssl=1","jetpack_sharing_enabled":false,"jetpack_shortlink":"https:\/\/wp.me\/p9QtMr-96","_links":{"self":[{"href":"https:\/\/infolanus.com\/index.php\/wp-json\/wp\/v2\/posts\/564","targetHints":{"allow":["GET"]}}],"collection":[{"href":"https:\/\/infolanus.com\/index.php\/wp-json\/wp\/v2\/posts"}],"about":[{"href":"https:\/\/infolanus.com\/index.php\/wp-json\/wp\/v2\/types\/post"}],"author":[{"embeddable":true,"href":"https:\/\/infolanus.com\/index.php\/wp-json\/wp\/v2\/users\/2"}],"replies":[{"embeddable":true,"href":"https:\/\/infolanus.com\/index.php\/wp-json\/wp\/v2\/comments?post=564"}],"version-history":[{"count":3,"href":"https:\/\/infolanus.com\/index.php\/wp-json\/wp\/v2\/posts\/564\/revisions"}],"predecessor-version":[{"id":569,"href":"https:\/\/infolanus.com\/index.php\/wp-json\/wp\/v2\/posts\/564\/revisions\/569"}],"wp:featuredmedia":[{"embeddable":true,"href":"https:\/\/infolanus.com\/index.php\/wp-json\/wp\/v2\/media\/565"}],"wp:attachment":[{"href":"https:\/\/infolanus.com\/index.php\/wp-json\/wp\/v2\/media?parent=564"}],"wp:term":[{"taxonomy":"category","embeddable":true,"href":"https:\/\/infolanus.com\/index.php\/wp-json\/wp\/v2\/categories?post=564"},{"taxonomy":"post_tag","embeddable":true,"href":"https:\/\/infolanus.com\/index.php\/wp-json\/wp\/v2\/tags?post=564"}],"curies":[{"name":"wp","href":"https:\/\/api.w.org\/{rel}","templated":true}]}}