{"id":5673,"date":"2023-09-17T21:00:00","date_gmt":"2023-09-18T00:00:00","guid":{"rendered":"https:\/\/www.ambito.com\/uruguay\/lacalle-pou-viajo-este-domingo-new-york-asistir-una-reunion-lideres-mundiales-n5822933"},"modified":"2023-09-17T21:00:00","modified_gmt":"2023-09-18T00:00:00","slug":"lacalle-pou-viajo-este-domingo-a-new-york-para-asistir-a-una-reunion-de-lideres-mundiales","status":"publish","type":"post","link":"https:\/\/infolanus.com\/index.php\/2023\/09\/17\/lacalle-pou-viajo-este-domingo-a-new-york-para-asistir-a-una-reunion-de-lideres-mundiales\/","title":{"rendered":"Lacalle Pou viaj\u00f3 este domingo a New York para asistir a una reuni\u00f3n de l\u00edderes mundiales"},"content":{"rendered":"<div><img data-recalc-dims=\"1\" decoding=\"async\" src=\"https:\/\/i0.wp.com\/media.ambito.com\/p\/3e0caba4e76a0ec3f3bb3f61ce18cfc0\/adjuntos\/351\/imagenes\/040\/969\/0040969853\/1200x675\/smart\/presidente-luis-lacalle-pou-avion-viaje.jpg?w=640&#038;ssl=1\" class=\"ff-og-image-inserted\"><\/div>\n<div id>\n<p>El presidente de la Rep\u00fablica, <strong>Luis Lacalle Pou<\/strong>, viaj\u00f3 este domingo a la ciudad estadounidense de <strong>New York <\/strong>para participar de la <strong>Asamblea General de las Naciones Unidas<\/strong>, el principal \u00f3rgano de la <strong>Organizaci\u00f3n de las Naciones Unidas (ONU)<\/strong> que <a href=\"https:\/\/www.ambito.com\/uruguay\/lacalle-pou-viajo-chile-los-50-anos-del-golpe-estado-n5817250\" target=\"_blank\" rel=\"follow noopener\">re\u00fane a l\u00edderes mundiales<\/a>.<\/p>\n<\/div>\n<div id>\n<p>La reuni\u00f3n de la <strong>Asamblea General<\/strong> durar\u00e1 entre el 19 y el 23 setiembre y tiene como lema de la actividad: &#8220;Reconstruir la confianza y reactivar la solidaridad mundial&#8221;. El <a href=\"https:\/\/www.ambito.com\/uruguay\/lacalle-pou-se-reunio-macron-y-luego-vieron-juntos-el-partido-francia-y-n5820858\" target=\"_blank\" rel=\"follow noopener\">principal objetivo de la asamblea<\/a> es la puesta en com\u00fan de la <strong>agenda<\/strong> de este a\u00f1o y contar sus objetivos de<strong> desarrollo sostenible<\/strong>.<\/p>\n<\/div>\n<div id>\n<p> La \u00faltima visita de<strong> Lacalle Pou<\/strong> a los <strong>Estados Unidos<\/strong> fue en junio de este a\u00f1o, donde se reuni\u00f3 en la Casa Blanca con el presidente de ese pa\u00eds, <strong>Joe Biden<\/strong>. Durante el encuentro, se pusieron a puntos varios temas de inter\u00e9s global y las intenciones de ambos pa\u00edses de car\u00e1cter <strong>comercial<\/strong>. Por otro lado, qued\u00f3 abierta la posibilidad de que le presidente estadounidense<strong> visite el Uruguay<\/strong>.<\/p>\n<\/div>\n<div id>\n<p>Los tres viajes internacionales del presidente durante el mes de setiembre ya estaban pactados desde hace varias semanas, ya que fueron aprobados por el <strong>Parlamento<\/strong>, lo que es una condici\u00f3n obligatoria para la salida del mandatario afuera del pa\u00eds si tienen que ver con <strong>asuntos diplom\u00e1ticos<\/strong>.<\/p>\n<\/div>\n<div id>\n<h2>Los viajes de Lacalle Pou en setiembre<\/h2>\n<p>A mediados de setiembre, el presidente se reuni\u00f3 con el mandatario franc\u00e9s, <strong>Emmanuel Macron,<\/strong> en la <strong>segunda reuni\u00f3n bilateral<\/strong> en dos meses, luego de la ocurrida en el marco de la cumbre <strong>Celac-Uni\u00f3n Europea. <\/strong><strong>El presidente visit\u00f3 el pa\u00eds europeo <\/strong>con una agenda cargada de actividades que cerr\u00f3 con el <strong>encuentro con su par en <\/strong><strong>Par\u00eds<\/strong> y la posterior actividad en <strong>Lille,<\/strong> regi\u00f3n fronteriza con <strong>B\u00e9lgica,<\/strong> donde vieron juntos el partido de rugby entre <strong>Los Teros<\/strong> \u2014la selecci\u00f3n uruguaya\u2014 y la selecci\u00f3n francesa, que termin\u00f3 27-12 a favor de los europeos.<\/p>\n<p>El encuentro entre mandatarios tuvo lugar en el <strong>Palacio del El\u00edseo<\/strong>. Desde <strong>Canciller\u00eda<\/strong> adelantaron que no iba a haber declaraciones ni im\u00e1genes oficiales de la reuni\u00f3n y trascendi\u00f3 que el acuerdo <strong>Mercosur-UE<\/strong> pod\u00eda ser uno de los temas de conversaci\u00f3n, as\u00ed como las exportaciones uruguayas de carne al pa\u00eds europeo.<\/p>\n<div contenteditable=\"false\" class=\"embed_cont type_freetext\" rel=\"freetext\" id=\"embed7212_wrap\" data-provider=\"twitter\" readability=\"27.58064516129\">\n<p>https:\/\/publish.twitter.com\/oembed?url=https%3A%2F%2Ftwitter.com%2FLuisLacallePou%2Fstatus%2F1702447732881858567&amp;partner=&amp;hide_thread=false<span onclick=\"parent.parent.TinyMCETdcuerpo.preview_embed('embed7212')\" class=\"embed_colapse less\" id=\"embed7212_colapse\"><\/span><span onclick=\"parent.parent.TinyMCETdcuerpo.delete_embed('embed7212')\" class=\"embed_delete less\" id=\"embed7212_delete\"><\/span><\/p>\n<\/p><\/div>\n<p>Anteriormente al viaje al viejo continente, el mandatario visit\u00f3 Chile, acompa\u00f1ado por el ministro de <strong>Relaciones Exteriores<\/strong> (<strong>MRREE<\/strong>), <strong>Francisco Bustillo,<\/strong> para participar de los actos conmemoratorios por los <strong>50 a\u00f1os del golpe de Estado. Lacalle Pou<\/strong> fue parte junto a otros mandatarios y exmandatarios de ambos pa\u00edses en el acto principal celebrado en el Palacio de la Moneda, que fue encabezado por su par, el presidente chileno <strong>Gabriel Boric<\/strong>.<\/p>\n<p>En el correr de los actos recordatorios, autoridades de todos los ministerios chilenos leyeron en voz alta los nombres de los funcionarios desaparecidos o ejecutados durante la \u00faltima dictadura militar en ese pa\u00eds, que fuera encabezada por el exdictador, Augusto Pinochet. Luego de esto, el gobierno chileno firm\u00f3 un acuerdo de compromiso por la democracia.<\/p>\n<\/div>\n","protected":false},"excerpt":{"rendered":"<p>El presidente de la Rep\u00fablica, Luis Lacalle Pou, viaj\u00f3 este domingo a la ciudad estadounidense de New York para participar de la Asamblea General de las Naciones Unidas, el principal \u00f3rgano de la Organizaci\u00f3n de las Naciones Unidas (ONU) que re\u00fane a l\u00edderes mundiales. La reuni\u00f3n de la Asamblea General durar\u00e1 entre el 19 y [&hellip;]<\/p>\n","protected":false},"author":2,"featured_media":5674,"comment_status":"closed","ping_status":"closed","sticky":false,"template":"","format":"standard","meta":{"jetpack_post_was_ever_published":false,"_jetpack_newsletter_access":"","_jetpack_dont_email_post_to_subs":false,"_jetpack_newsletter_tier_id":0,"_jetpack_memberships_contains_paywalled_content":false,"_jetpack_memberships_contains_paid_content":false,"footnotes":"","jetpack_publicize_message":"","jetpack_publicize_feature_enabled":true,"jetpack_social_post_already_shared":true,"jetpack_social_options":{"image_generator_settings":{"template":"highway","enabled":false},"version":2}},"categories":[20],"tags":[1286],"class_list":["post-5673","post","type-post","status-publish","format-standard","has-post-thumbnail","hentry","category-mundo","tag-mundo"],"jetpack_publicize_connections":[],"jetpack_featured_media_url":"https:\/\/i0.wp.com\/infolanus.com\/wp-content\/uploads\/2023\/09\/lacalle-pou-viajo-este-domingo-a-new-york-para-asistir-a-una-reunion-de-lideres-mundiales.jpg?fit=1200%2C675&ssl=1","jetpack_sharing_enabled":true,"jetpack_shortlink":"https:\/\/wp.me\/p9QtMr-1tv","_links":{"self":[{"href":"https:\/\/infolanus.com\/index.php\/wp-json\/wp\/v2\/posts\/5673","targetHints":{"allow":["GET"]}}],"collection":[{"href":"https:\/\/infolanus.com\/index.php\/wp-json\/wp\/v2\/posts"}],"about":[{"href":"https:\/\/infolanus.com\/index.php\/wp-json\/wp\/v2\/types\/post"}],"author":[{"embeddable":true,"href":"https:\/\/infolanus.com\/index.php\/wp-json\/wp\/v2\/users\/2"}],"replies":[{"embeddable":true,"href":"https:\/\/infolanus.com\/index.php\/wp-json\/wp\/v2\/comments?post=5673"}],"version-history":[{"count":0,"href":"https:\/\/infolanus.com\/index.php\/wp-json\/wp\/v2\/posts\/5673\/revisions"}],"wp:featuredmedia":[{"embeddable":true,"href":"https:\/\/infolanus.com\/index.php\/wp-json\/wp\/v2\/media\/5674"}],"wp:attachment":[{"href":"https:\/\/infolanus.com\/index.php\/wp-json\/wp\/v2\/media?parent=5673"}],"wp:term":[{"taxonomy":"category","embeddable":true,"href":"https:\/\/infolanus.com\/index.php\/wp-json\/wp\/v2\/categories?post=5673"},{"taxonomy":"post_tag","embeddable":true,"href":"https:\/\/infolanus.com\/index.php\/wp-json\/wp\/v2\/tags?post=5673"}],"curies":[{"name":"wp","href":"https:\/\/api.w.org\/{rel}","templated":true}]}}