{"id":5685,"date":"2023-09-19T20:22:50","date_gmt":"2023-09-19T23:22:50","guid":{"rendered":"https:\/\/www.ambito.com\/uruguay\/el-puerto-montevideo-alcanzo-un-record-vehiculos-movilizados-la-exportacion-n5825070"},"modified":"2023-09-19T20:22:50","modified_gmt":"2023-09-19T23:22:50","slug":"el-puerto-de-montevideo-alcanzo-un-record-de-vehiculos-movilizados-para-la-exportacion","status":"publish","type":"post","link":"https:\/\/infolanus.com\/index.php\/2023\/09\/19\/el-puerto-de-montevideo-alcanzo-un-record-de-vehiculos-movilizados-para-la-exportacion\/","title":{"rendered":"El puerto de Montevideo alcanz\u00f3 un r\u00e9cord de veh\u00edculos movilizados para la exportaci\u00f3n"},"content":{"rendered":"<div><img data-recalc-dims=\"1\" decoding=\"async\" src=\"https:\/\/i0.wp.com\/media.ambito.com\/p\/87cb9427e7b9126df07620cc620df873\/adjuntos\/351\/imagenes\/040\/990\/0040990633\/1200x675\/smart\/puerto-montevideo-vehiculos-exportaciones.jpg?w=640&#038;ssl=1\" class=\"ff-og-image-inserted\"><\/div>\n<div id>\n<p>El <a href=\"https:\/\/www.ambito.com\/uruguay\/el-puerto-montevideo-alcanzo-un-nuevo-record-contenedores-agosto-n5813505\" target=\"_blank\" rel=\"follow noopener\">puerto de Montevideo<\/a> alcanz\u00f3 un r\u00e9cord de veh\u00edculos movilizados para la <strong>exportaci\u00f3n<\/strong> el pasado fin de semana entre cargas y descargas de autos y camionetas.<\/p>\n<\/div>\n<div id>\n<p>El presidente de la <a href=\"https:\/\/www.ambito.com\/uruguay\/la-anp-obtuvo-ingresos-record-2022-us-194-millones-n5687571\" target=\"_blank\" rel=\"follow noopener\"><strong>Administraci\u00f3n Nacional de Puertos<\/strong> (<strong>ANP<\/strong>)<\/a>, <strong>Juan Curbelo<\/strong>, comunic\u00f3 que entre el viernes 15 y el domingo 17, se movilizaron unos 6.485 veh\u00edculos, configurando un nuevo hito para el <strong>Uruguay<\/strong> en la materia.<\/p>\n<\/div>\n<div id>\n<p> El jerarca asegur\u00f3 que la ANP procura que el <strong>puerto de Montevideo<\/strong> se transforme en de operaciones regionales del sector automotor. Asimismo, remarc\u00f3 el hecho de que el movimiento de veh\u00edculos para el comercio exterior no es algo excepcional, sino que se est\u00e1 dando con una frecuencia mensual, algo que es una buena se\u00f1al para la sostenibilidad del sector en el pa\u00eds.<\/p>\n<\/div>\n<div id>\n<p>De los 6.485 veh\u00edculos movidos a 7 buques, 4.160 fueron cargas y 2.325 fueron descargas, superando los 3.500 coches movilizados en agosto, entre autom\u00f3viles y camionetas.<\/p>\n<\/div>\n<div id>\n<div contenteditable=\"false\" class=\"embed_cont type_freetext\" rel=\"freetext\" id=\"embed3963_wrap\" data-provider=\"twitter\" readability=\"28.883435582822\">\n<p>https:\/\/publish.twitter.com\/oembed?url=https%3A%2F%2Ftwitter.com%2FAnpComunicacion%2Fstatus%2F1703051439092674710&amp;partner=&amp;hide_thread=false<span onclick=\"parent.parent.TinyMCETdcuerpo.preview_embed('embed3963')\" class=\"embed_colapse less\" id=\"embed3963_colapse\"><\/span><span onclick=\"parent.parent.TinyMCETdcuerpo.delete_embed('embed3963')\" class=\"embed_delete less\" id=\"embed3963_delete\"><\/span><\/p>\n<div id=\"embed3963_content\" class=\"embed_content\">\n<div id=\"embed3963_embed\" readability=\"8.6594827586207\">\n<blockquote data-td-script-src=\"https:\/\/platform.twitter.com\/widgets.js\" class=\"twitter-tweet\" readability=\"11.545977011494\">\n<p dir=\"ltr\" lang=\"es\"> <a href=\"https:\/\/twitter.com\/hashtag\/PuertoMontevideo?src=hash&amp;ref_src=twsrc%5Etfw\">#PuertoMontevideo<\/a><\/p>\n<p>Intensa operativa, m\u00e1s de 6000 veh\u00edculos movilizados!<\/p>\n<p>Ro-Ro Grande Amburgo <br \/>Carga 302 y descarga 341 veh\u00edculos<\/p>\n<p>Ro-Ro Glovis Corona <br \/>Descarga 681 y carga 3382 veh\u00edculos<\/p>\n<p>Ro-Ro Bosporus Highway<br \/>Descarga 817 veh\u00edculos<\/p>\n<p>Paraguayos mueven 958 veh\u00edculos <a href=\"https:\/\/t.co\/5S1TWDTCHe\">pic.twitter.com\/5S1TWDTCHe<\/a><\/p>\n<p> \u2014 Comunicaci\u00f3n ANP (@AnpComunicacion) <a href=\"https:\/\/twitter.com\/AnpComunicacion\/status\/1703051439092674710?ref_src=twsrc%5Etfw\">September 16, 2023<\/a><\/p><\/blockquote>\n<\/div><\/div>\n<\/p><\/div>\n<h2>Uruguay aument\u00f3 la exportaci\u00f3n de veh\u00edculos ensamblados en el pa\u00eds<\/h2>\n<p><strong>Curbelo<\/strong> destac\u00f3 el aumento de veh\u00edculos ensamblados en el pa\u00eds para la exportaci\u00f3n, componiendo estos la mayor\u00eda de las <a href=\"https:\/\/www.ambito.com\/uruguay\/operativa-record-el-puerto-montevideo-como-se-logro-n5788014\" target=\"_blank\" rel=\"follow noopener\">unidades movilizadas<\/a> el pasado fin de semana.<\/p>\n<p>A su vez, destac\u00f3 que el <strong>puerto de Montevideo<\/strong> es el punto de salida para otros coches ensamblados en los pa\u00edses de la regi\u00f3n. &#8220;Vienen a Montevideo y luego, en los grandes buques, son trasladados a los destinos finales&#8221;, puntualiz\u00f3 <strong>Curbelo<\/strong>.<\/p>\n<p>&#8220;Tenemos una alt\u00edsima expectativa de que se siga manteniendo a lo largo del tiempo&#8221;, manifest\u00f3 <strong>Curbelo<\/strong> sobre la unidad de negocios automotriz, y mostr\u00f3 su deseo porque la terminal portuaria contin\u00fae siendo una multiprop\u00f3sito, m\u00e1s all\u00e1 de los env\u00edos de celulosa, contenedores y granos.<\/p>\n<p>Finalmente, el jerarca se refiri\u00f3 a la confianza de los mercados internacionales en la legislaci\u00f3n uruguaya en materia portuaria, la infraestructura de los muelles p\u00fablicos y la seguridad jur\u00eddica.<\/p>\n<\/div>\n","protected":false},"excerpt":{"rendered":"<p>El puerto de Montevideo alcanz\u00f3 un r\u00e9cord de veh\u00edculos movilizados para la exportaci\u00f3n el pasado fin de semana entre cargas y descargas de autos y camionetas. El presidente de la Administraci\u00f3n Nacional de Puertos (ANP), Juan Curbelo, comunic\u00f3 que entre el viernes 15 y el domingo 17, se movilizaron unos 6.485 veh\u00edculos, configurando un nuevo [&hellip;]<\/p>\n","protected":false},"author":2,"featured_media":5686,"comment_status":"closed","ping_status":"closed","sticky":false,"template":"","format":"standard","meta":{"jetpack_post_was_ever_published":false,"_jetpack_newsletter_access":"","_jetpack_dont_email_post_to_subs":false,"_jetpack_newsletter_tier_id":0,"_jetpack_memberships_contains_paywalled_content":false,"_jetpack_memberships_contains_paid_content":false,"footnotes":"","jetpack_publicize_message":"","jetpack_publicize_feature_enabled":true,"jetpack_social_post_already_shared":true,"jetpack_social_options":{"image_generator_settings":{"template":"highway","enabled":false},"version":2}},"categories":[20],"tags":[1286],"class_list":["post-5685","post","type-post","status-publish","format-standard","has-post-thumbnail","hentry","category-mundo","tag-mundo"],"jetpack_publicize_connections":[],"jetpack_featured_media_url":"https:\/\/i0.wp.com\/infolanus.com\/wp-content\/uploads\/2023\/09\/el-puerto-de-montevideo-alcanzo-un-record-de-vehiculos-movilizados-para-la-exportacion.jpg?fit=1200%2C675&ssl=1","jetpack_sharing_enabled":true,"jetpack_shortlink":"https:\/\/wp.me\/p9QtMr-1tH","_links":{"self":[{"href":"https:\/\/infolanus.com\/index.php\/wp-json\/wp\/v2\/posts\/5685","targetHints":{"allow":["GET"]}}],"collection":[{"href":"https:\/\/infolanus.com\/index.php\/wp-json\/wp\/v2\/posts"}],"about":[{"href":"https:\/\/infolanus.com\/index.php\/wp-json\/wp\/v2\/types\/post"}],"author":[{"embeddable":true,"href":"https:\/\/infolanus.com\/index.php\/wp-json\/wp\/v2\/users\/2"}],"replies":[{"embeddable":true,"href":"https:\/\/infolanus.com\/index.php\/wp-json\/wp\/v2\/comments?post=5685"}],"version-history":[{"count":0,"href":"https:\/\/infolanus.com\/index.php\/wp-json\/wp\/v2\/posts\/5685\/revisions"}],"wp:featuredmedia":[{"embeddable":true,"href":"https:\/\/infolanus.com\/index.php\/wp-json\/wp\/v2\/media\/5686"}],"wp:attachment":[{"href":"https:\/\/infolanus.com\/index.php\/wp-json\/wp\/v2\/media?parent=5685"}],"wp:term":[{"taxonomy":"category","embeddable":true,"href":"https:\/\/infolanus.com\/index.php\/wp-json\/wp\/v2\/categories?post=5685"},{"taxonomy":"post_tag","embeddable":true,"href":"https:\/\/infolanus.com\/index.php\/wp-json\/wp\/v2\/tags?post=5685"}],"curies":[{"name":"wp","href":"https:\/\/api.w.org\/{rel}","templated":true}]}}