{"id":5689,"date":"2023-09-20T09:59:09","date_gmt":"2023-09-20T12:59:09","guid":{"rendered":"https:\/\/www.inforegion.com.ar\/?p=279720"},"modified":"2023-09-20T09:59:09","modified_gmt":"2023-09-20T12:59:09","slug":"la-noche-de-los-museos-la-propuesta-en-lanus","status":"publish","type":"post","link":"https:\/\/infolanus.com\/index.php\/2023\/09\/20\/la-noche-de-los-museos-la-propuesta-en-lanus\/","title":{"rendered":"La Noche de los Museos: La propuesta en Lan\u00fas"},"content":{"rendered":"<p>Seg\u00fan inform\u00f3 <a href=\"https:\/\/www.facebook.com\/lanuscultura\" data-type=\"URL\" data-id=\"https:\/\/www.facebook.com\/lanuscultura\">Lan\u00fas Cultura<\/a>, el pr\u00f3ximo s\u00e1badose realizar\u00e1 una nueva edici\u00f3n de <strong>la Noche de los Museos en el distrito<\/strong>. Se trata de un circuito de recorrido, en el cu\u00e1l se visitar\u00e1 a todos los museos del municipio con horarios especiales y visitas guiadas.<\/p>\n<h2><strong>Los museos que se podr\u00e1n visitar de forma gratuita ser\u00e1n:<\/strong><\/h2>\n<ul>\n<li><strong>Museo de Radiocomunicaciones<\/strong> ubicado en la calle Coronel Sayos al 2510 en la localidad de Valent\u00edn Alsina, se podr\u00e1 visitar en el horario de 16 a 20.30. A las 17 tendr\u00e1 la visita guiada.<\/li>\n<li><strong>Museo Hist\u00f3rico H\u00e9roes de Malvinas<\/strong> ubicado en la calle General Farr\u00e9 3101 en la localidad de Remedios de Escalada en el horario de de 19 a 22. A las 19:30 ser\u00e1 con visita guiada.<\/li>\n<li><strong>Museo Hist\u00f3rico Juan Pi\u00f1eiro<\/strong> ubicado en la calle Dr Melo al 2877 perteneciente a la localidad de Lan\u00fas Oeste se podr\u00e1 visitar en el horario de 17 a 21. Tendr\u00e1 un recorrido interactivo, visitas guiadas y un show de tango cerca del cierre.<\/li>\n<li><strong>Museo de Arte Contempor\u00e1neo del Sur<\/strong> con ubicaci\u00f3n en la Avenida 25 de Mayo al 131 en la localidad de Lan\u00fas Oeste, se podr\u00e1 visitar en el horario de 18 a 22 y contar\u00e1 con un taller de porcelana y grafitti en vivo, un taller de ne\u00f3n, un show musical de la banda \u201cBig Band\u201d y sorteos Pizzini y Eterna.<\/li>\n<\/ul>\n<figure class=\"is-layout-flex wp-block-gallery-1 wp-block-gallery has-nested-images columns-default is-cropped\">\n<figure class=\"wp-block-image size-large\"><a href=\"https:\/\/i0.wp.com\/www.inforegion.com.ar\/wp-content\/uploads\/2023\/09\/museo-juan-pineiro-scaled.jpg?ssl=1\"><img data-recalc-dims=\"1\" decoding=\"async\" loading=\"lazy\" width=\"640\" height=\"427\" data-id=\"279729\" src=\"https:\/\/i0.wp.com\/www.inforegion.com.ar\/wp-content\/uploads\/2023\/09\/museo-juan-pineiro-1024x683.jpg?resize=640%2C427&#038;ssl=1\" alt class=\"wp-image-279729\" srcset=\"https:\/\/www.inforegion.com.ar\/wp-content\/uploads\/2023\/09\/museo-juan-pineiro-1024x683.jpg 1024w, https:\/\/www.inforegion.com.ar\/wp-content\/uploads\/2023\/09\/museo-juan-pineiro-300x200.jpg 300w, https:\/\/www.inforegion.com.ar\/wp-content\/uploads\/2023\/09\/museo-juan-pineiro-768x512.jpg 768w, https:\/\/www.inforegion.com.ar\/wp-content\/uploads\/2023\/09\/museo-juan-pineiro-1536x1024.jpg 1536w, https:\/\/www.inforegion.com.ar\/wp-content\/uploads\/2023\/09\/museo-juan-pineiro-2048x1365.jpg 2048w, https:\/\/www.inforegion.com.ar\/wp-content\/uploads\/2023\/09\/museo-juan-pineiro-320x213.jpg 320w, https:\/\/www.inforegion.com.ar\/wp-content\/uploads\/2023\/09\/museo-juan-pineiro-480x320.jpg 480w, https:\/\/www.inforegion.com.ar\/wp-content\/uploads\/2023\/09\/museo-juan-pineiro-800x533.jpg 800w, https:\/\/www.inforegion.com.ar\/wp-content\/uploads\/2023\/09\/museo-juan-pineiro-335x223.jpg 335w\" sizes=\"auto, (max-width: 1024px) 100vw, 1024px\"><\/a><\/figure>\n<figure class=\"wp-block-image size-large\"><a href=\"https:\/\/i0.wp.com\/www.inforegion.com.ar\/wp-content\/uploads\/2023\/09\/35628338_1984153001603892_8056513230228422656_n.jpg?ssl=1\"><img data-recalc-dims=\"1\" decoding=\"async\" loading=\"lazy\" width=\"640\" height=\"360\" data-id=\"279728\" src=\"https:\/\/i0.wp.com\/www.inforegion.com.ar\/wp-content\/uploads\/2023\/09\/35628338_1984153001603892_8056513230228422656_n-1024x576.jpg?resize=640%2C360&#038;ssl=1\" alt class=\"wp-image-279728\" srcset=\"https:\/\/www.inforegion.com.ar\/wp-content\/uploads\/2023\/09\/35628338_1984153001603892_8056513230228422656_n-1024x576.jpg 1024w, https:\/\/www.inforegion.com.ar\/wp-content\/uploads\/2023\/09\/35628338_1984153001603892_8056513230228422656_n-300x169.jpg 300w, https:\/\/www.inforegion.com.ar\/wp-content\/uploads\/2023\/09\/35628338_1984153001603892_8056513230228422656_n-768x432.jpg 768w, https:\/\/www.inforegion.com.ar\/wp-content\/uploads\/2023\/09\/35628338_1984153001603892_8056513230228422656_n-320x180.jpg 320w, https:\/\/www.inforegion.com.ar\/wp-content\/uploads\/2023\/09\/35628338_1984153001603892_8056513230228422656_n-480x270.jpg 480w, https:\/\/www.inforegion.com.ar\/wp-content\/uploads\/2023\/09\/35628338_1984153001603892_8056513230228422656_n-800x450.jpg 800w, https:\/\/www.inforegion.com.ar\/wp-content\/uploads\/2023\/09\/35628338_1984153001603892_8056513230228422656_n-150x83.jpg 150w, https:\/\/www.inforegion.com.ar\/wp-content\/uploads\/2023\/09\/35628338_1984153001603892_8056513230228422656_n-335x188.jpg 335w, https:\/\/www.inforegion.com.ar\/wp-content\/uploads\/2023\/09\/35628338_1984153001603892_8056513230228422656_n-700x394.jpg 700w, https:\/\/www.inforegion.com.ar\/wp-content\/uploads\/2023\/09\/35628338_1984153001603892_8056513230228422656_n-1080x608.jpg 1080w, https:\/\/www.inforegion.com.ar\/wp-content\/uploads\/2023\/09\/35628338_1984153001603892_8056513230228422656_n.jpg 1280w\" sizes=\"auto, (max-width: 1024px) 100vw, 1024px\"><\/a><\/figure>\n<figure class=\"wp-block-image size-large\"><a href=\"https:\/\/i0.wp.com\/www.inforegion.com.ar\/wp-content\/uploads\/2023\/09\/descarga-3.jpg?ssl=1\"><img data-recalc-dims=\"1\" decoding=\"async\" loading=\"lazy\" width=\"243\" height=\"207\" data-id=\"279727\" src=\"https:\/\/i0.wp.com\/www.inforegion.com.ar\/wp-content\/uploads\/2023\/09\/descarga-3.jpg?resize=243%2C207&#038;ssl=1\" alt class=\"wp-image-279727\"><\/a><\/figure>\n<\/figure>\n<p>\u00c9sta iniciativa tiene el objetivo de fomentar las visitas a los museos nacionales y locales para conocer la historia y nuestro valor cultural.<\/p>\n<p>Adem\u00e1s, desde Lan\u00fas Cultura informaron que se dispondr\u00e1 del <strong>\u201cCultuBondi\u201d que recorrer\u00e1 todos los museos de la localidad de Lan\u00fas de forma libre y gratuita. <\/strong><\/p>\n","protected":false},"excerpt":{"rendered":"<p>Seg\u00fan inform\u00f3 Lan\u00fas Cultura, el pr\u00f3ximo s\u00e1badose realizar\u00e1 una nueva edici\u00f3n de la Noche de los Museos en el distrito. Se trata de un circuito de recorrido, en el cu\u00e1l se visitar\u00e1 a todos los museos del municipio con horarios especiales y visitas guiadas. Los museos que se podr\u00e1n visitar de forma gratuita ser\u00e1n: Museo [&hellip;]<\/p>\n","protected":false},"author":2,"featured_media":5690,"comment_status":"closed","ping_status":"closed","sticky":false,"template":"","format":"standard","meta":{"jetpack_post_was_ever_published":false,"_jetpack_newsletter_access":"","_jetpack_dont_email_post_to_subs":false,"_jetpack_newsletter_tier_id":0,"_jetpack_memberships_contains_paywalled_content":false,"_jetpack_memberships_contains_paid_content":false,"footnotes":"","jetpack_publicize_message":"","jetpack_publicize_feature_enabled":true,"jetpack_social_post_already_shared":true,"jetpack_social_options":{"image_generator_settings":{"template":"highway","enabled":false},"version":2}},"categories":[19],"tags":[773,774,1500,23,1283,788],"class_list":["post-5689","post","type-post","status-publish","format-standard","has-post-thumbnail","hentry","category-municipio","tag-centrales","tag-destacadas","tag-la-noche-de-los-museos","tag-lanus","tag-secretaria-de-cultura-de-lanus","tag-sociedad"],"jetpack_publicize_connections":[],"jetpack_featured_media_url":"https:\/\/i0.wp.com\/infolanus.com\/wp-content\/uploads\/2023\/09\/la-noche-de-los-museos-la-propuesta-en-lanus.jpg?fit=1024%2C683&ssl=1","jetpack_sharing_enabled":true,"jetpack_shortlink":"https:\/\/wp.me\/p9QtMr-1tL","_links":{"self":[{"href":"https:\/\/infolanus.com\/index.php\/wp-json\/wp\/v2\/posts\/5689","targetHints":{"allow":["GET"]}}],"collection":[{"href":"https:\/\/infolanus.com\/index.php\/wp-json\/wp\/v2\/posts"}],"about":[{"href":"https:\/\/infolanus.com\/index.php\/wp-json\/wp\/v2\/types\/post"}],"author":[{"embeddable":true,"href":"https:\/\/infolanus.com\/index.php\/wp-json\/wp\/v2\/users\/2"}],"replies":[{"embeddable":true,"href":"https:\/\/infolanus.com\/index.php\/wp-json\/wp\/v2\/comments?post=5689"}],"version-history":[{"count":0,"href":"https:\/\/infolanus.com\/index.php\/wp-json\/wp\/v2\/posts\/5689\/revisions"}],"wp:featuredmedia":[{"embeddable":true,"href":"https:\/\/infolanus.com\/index.php\/wp-json\/wp\/v2\/media\/5690"}],"wp:attachment":[{"href":"https:\/\/infolanus.com\/index.php\/wp-json\/wp\/v2\/media?parent=5689"}],"wp:term":[{"taxonomy":"category","embeddable":true,"href":"https:\/\/infolanus.com\/index.php\/wp-json\/wp\/v2\/categories?post=5689"},{"taxonomy":"post_tag","embeddable":true,"href":"https:\/\/infolanus.com\/index.php\/wp-json\/wp\/v2\/tags?post=5689"}],"curies":[{"name":"wp","href":"https:\/\/api.w.org\/{rel}","templated":true}]}}