{"id":5691,"date":"2023-09-20T19:15:10","date_gmt":"2023-09-20T22:15:10","guid":{"rendered":"https:\/\/www.ambito.com\/uruguay\/el-mef-presento-el-articulado-del-proyecto-rendicion-cuentas-2022-n5826152"},"modified":"2023-09-20T19:15:10","modified_gmt":"2023-09-20T22:15:10","slug":"el-mef-presento-el-articulado-del-proyecto-de-rendicion-de-cuentas-2022","status":"publish","type":"post","link":"https:\/\/infolanus.com\/index.php\/2023\/09\/20\/el-mef-presento-el-articulado-del-proyecto-de-rendicion-de-cuentas-2022\/","title":{"rendered":"El MEF present\u00f3 el articulado del proyecto de Rendici\u00f3n de Cuentas 2022"},"content":{"rendered":"<div><img decoding=\"async\" src=\"https:\/\/media.ambito.com\/p\/e489d74c0c95e80a9cda7321f32fce28\/adjuntos\/351\/imagenes\/040\/993\/0040993685\/1200x675\/smart\/mef-comision-hacienda-presupuesto-senado-parlamento.jfif\" class=\"ff-og-image-inserted\"><\/div>\n<div id>\n<p>El <strong>Ministerio de Econom\u00eda y Finanzas<\/strong> (<strong>MEF<\/strong>) present\u00f3 el articulado de su proyecto de <a href=\"https:\/\/www.ambito.com\/uruguay\/el-mef-presento-la-rendicion-cuentas-2022-n5766002\" target=\"_blank\" rel=\"follow noopener\">Rendici\u00f3n de Cuentas 2022<\/a> ante la Comisi\u00f3n de Presupuesto integrada con la de Hacienda en la <strong>C\u00e1mara de Senadores<\/strong>.<\/p>\n<\/div>\n<div id>\n<p>Esta ma\u00f1ana, el ministro interino <strong>Alejandro Irastorza<\/strong> encabez\u00f3 la delegaci\u00f3n del MEF para exponer sobre el articulado correspondiente a la cartera de Estado, inciso 5, del proyecto de Rendici\u00f3n de Cuentas 2022 que est\u00e1 en estudio en el <strong>Parlamento<\/strong>.<\/p>\n<\/div>\n<div id>\n<p> Junto a Irastorza, asistieron a la Comisi\u00f3n los directores de todas las Unidades Ejecutoras, acompa\u00f1ados por sus equipos asesores.<\/p>\n<\/div>\n<div id>\n<div contenteditable=\"false\" class=\"embed_cont type_freetext\" rel=\"freetext\" id=\"embed4353_wrap\" data-provider=\"twitter\" readability=\"29.243902439024\">\n<p>https:\/\/publish.twitter.com\/oembed?url=https%3A%2F%2Ftwitter.com%2Fmef_Uruguay%2Fstatus%2F1704511039415394504&amp;partner=&amp;hide_thread=false<span onclick=\"parent.parent.TinyMCETdcuerpo.preview_embed('embed4353')\" class=\"embed_colapse less\" id=\"embed4353_colapse\"><\/span><span onclick=\"parent.parent.TinyMCETdcuerpo.delete_embed('embed4353')\" class=\"embed_delete less\" id=\"embed4353_delete\"><\/span><\/p>\n<div id=\"embed4353_content\" class=\"embed_content\">\n<div id=\"embed4353_embed\" readability=\"6.3169014084507\">\n<blockquote data-td-script-src=\"https:\/\/platform.twitter.com\/widgets.js\" class=\"twitter-tweet\" readability=\"6.7380281690141\">\n<p dir=\"ltr\" lang=\"es\"> El ministro interino Alejandro Irastorza encabeza la delegaci\u00f3n del <a href=\"https:\/\/twitter.com\/mef_Uruguay?ref_src=twsrc%5Etfw\">@mef_Uruguay<\/a> que presenta los art\u00edculos del proyecto de Rendici\u00f3n de Cuentas de esa secretar\u00eda de Estado, que est\u00e1 de la Comisi\u00f3n de Presupuesto integrada con Hacienda de la C\u00e1mara de Senadores. <a href=\"https:\/\/t.co\/5YVPg5SwMN\">pic.twitter.com\/5YVPg5SwMN<\/a><\/p>\n<p> \u2014 Econom\u00eda y Finanzas (@mef_Uruguay) <a href=\"https:\/\/twitter.com\/mef_Uruguay\/status\/1704511039415394504?ref_src=twsrc%5Etfw\">September 20, 2023<\/a><\/p><\/blockquote>\n<\/div><\/div>\n<\/p><\/div>\n<p>El 8 de agosto, la Comisi\u00f3n de Presupuesto integrada con la de Hacienda, pero de la <strong>C\u00e1mara de<\/strong> <strong>Diputados<\/strong>, aprob\u00f3 el texto general de <a href=\"https:\/\/www.ambito.com\/uruguay\/rendicion-cuentas-hoy-comienza-la-votacion-comision-n5789792\" target=\"_blank\" rel=\"follow noopener\">la Rendici\u00f3n de Cuentas 2022<\/a> por 10 votos en 17.<\/p>\n<\/div>\n<div id>\n<p>En aquella jornada, la votaci\u00f3n de los art\u00edculos avanz\u00f3 r\u00e1pidamente desde que se iniciara, y destac\u00f3 <a href=\"https:\/\/www.ambito.com\/uruguay\/rendicion-cuentas-el-gobierno-reasigno-recursos-240-millones-la-udelar-n5790429\" target=\"_blank\" rel=\"follow noopener\">la reasignaci\u00f3n de recursos<\/a> por m\u00e1s de 240 millones de pesos para la<strong> Universidad de la Rep\u00fablica<\/strong> (<strong>Udelar<\/strong>).<\/p>\n<p>La Comisi\u00f3n de Presupuestos integrada con Hacienda estuvo integrada por los diputados Juan Rodr\u00edguez (presidente), Lilian Gal\u00e1n (vicepresidenta), Jorge Alvear, Alfredo De Mattos, Sylvia Ibarguren, Ana Olivera, \u00c1lvaro Rodr\u00edguez, Gonzalo Civila, Bettiana D\u00edaz, \u00c1lvaro Lima, Gonzalo Mujica, Gustavo Olmos, \u00c1lvaro Perrone, Marcos Portillo, Iv\u00e1n Posada, Conrado Rodr\u00edguez, Sebasti\u00e1n Valdomir y \u00c1lvaro Viviano.<\/p>\n<h2>Una reasignaci\u00f3n de recursos en tiempos de s\u00e1bana corta<\/h2>\n<p>La <a href=\"https:\/\/www.ambito.com\/uruguay\/el-gobierno-llega-la-rendicion-cuentas-la-situacion-fiscal-presion-n5757657\" target=\"_blank\" rel=\"follow noopener\"><strong>situaci\u00f3n fiscal<\/strong> en franco deterioro<\/a> que debe gestionar el gobierno no permiti\u00f3 grandes aumentos de presupuesto, incluso a pesar de los reclamos de las diferentes \u00e1reas que, pese a la falta de dineros p\u00fablicos, enfrentan el aumento de necesidades que cubrir y de costos que s\u00ed encuentran la forma de aumentar.<\/p>\n<p>En ese sentido, entre las \u00e1reas prioritarias para la asignaci\u00f3n de recursos est\u00e1n la <strong>Administraci\u00f3n Nacional de Educaci\u00f3n P\u00fablica <\/strong>(<strong>ANEP<\/strong>), el propio Hospital de Cl\u00ednicas de la Udelar, el <strong>Instituto Nacional de Inclusi\u00f3n Social Adolescente <\/strong>(<strong>Inisa<\/strong>), el <strong>Poder Judicial<\/strong> y la <strong>Fiscal\u00eda,<\/strong> entre otros.<\/p>\n<\/div>\n","protected":false},"excerpt":{"rendered":"<p>El Ministerio de Econom\u00eda y Finanzas (MEF) present\u00f3 el articulado de su proyecto de Rendici\u00f3n de Cuentas 2022 ante la Comisi\u00f3n de Presupuesto integrada con la de Hacienda en la C\u00e1mara de Senadores. Esta ma\u00f1ana, el ministro interino Alejandro Irastorza encabez\u00f3 la delegaci\u00f3n del MEF para exponer sobre el articulado correspondiente a la cartera de [&hellip;]<\/p>\n","protected":false},"author":2,"featured_media":5692,"comment_status":"closed","ping_status":"closed","sticky":false,"template":"","format":"standard","meta":{"jetpack_post_was_ever_published":false,"_jetpack_newsletter_access":"","_jetpack_dont_email_post_to_subs":false,"_jetpack_newsletter_tier_id":0,"_jetpack_memberships_contains_paywalled_content":false,"_jetpack_memberships_contains_paid_content":false,"footnotes":"","jetpack_publicize_message":"","jetpack_publicize_feature_enabled":true,"jetpack_social_post_already_shared":true,"jetpack_social_options":{"image_generator_settings":{"template":"highway","enabled":false},"version":2}},"categories":[20],"tags":[1286],"class_list":["post-5691","post","type-post","status-publish","format-standard","has-post-thumbnail","hentry","category-mundo","tag-mundo"],"jetpack_publicize_connections":[],"jetpack_featured_media_url":"https:\/\/i0.wp.com\/infolanus.com\/wp-content\/uploads\/2023\/09\/el-mef-presento-el-articulado-del-proyecto-de-rendicion-de-cuentas-2022.jpg?fit=1200%2C675&ssl=1","jetpack_sharing_enabled":true,"jetpack_shortlink":"https:\/\/wp.me\/p9QtMr-1tN","_links":{"self":[{"href":"https:\/\/infolanus.com\/index.php\/wp-json\/wp\/v2\/posts\/5691","targetHints":{"allow":["GET"]}}],"collection":[{"href":"https:\/\/infolanus.com\/index.php\/wp-json\/wp\/v2\/posts"}],"about":[{"href":"https:\/\/infolanus.com\/index.php\/wp-json\/wp\/v2\/types\/post"}],"author":[{"embeddable":true,"href":"https:\/\/infolanus.com\/index.php\/wp-json\/wp\/v2\/users\/2"}],"replies":[{"embeddable":true,"href":"https:\/\/infolanus.com\/index.php\/wp-json\/wp\/v2\/comments?post=5691"}],"version-history":[{"count":0,"href":"https:\/\/infolanus.com\/index.php\/wp-json\/wp\/v2\/posts\/5691\/revisions"}],"wp:featuredmedia":[{"embeddable":true,"href":"https:\/\/infolanus.com\/index.php\/wp-json\/wp\/v2\/media\/5692"}],"wp:attachment":[{"href":"https:\/\/infolanus.com\/index.php\/wp-json\/wp\/v2\/media?parent=5691"}],"wp:term":[{"taxonomy":"category","embeddable":true,"href":"https:\/\/infolanus.com\/index.php\/wp-json\/wp\/v2\/categories?post=5691"},{"taxonomy":"post_tag","embeddable":true,"href":"https:\/\/infolanus.com\/index.php\/wp-json\/wp\/v2\/tags?post=5691"}],"curies":[{"name":"wp","href":"https:\/\/api.w.org\/{rel}","templated":true}]}}