{"id":5695,"date":"2023-09-21T10:18:04","date_gmt":"2023-09-21T13:18:04","guid":{"rendered":"https:\/\/www.inforegion.com.ar\/?p=279896"},"modified":"2023-09-21T10:18:04","modified_gmt":"2023-09-21T13:18:04","slug":"lanus-festeja-el-dia-del-estudiante-y-el-inicio-de-la-primavera","status":"publish","type":"post","link":"https:\/\/infolanus.com\/index.php\/2023\/09\/21\/lanus-festeja-el-dia-del-estudiante-y-el-inicio-de-la-primavera\/","title":{"rendered":"Lan\u00fas festeja el D\u00eda del estudiante y el inicio de la primavera"},"content":{"rendered":"<p>Este 21 de sietiembre habr\u00e1 una jornada festiva para celebrar e<strong>l D\u00eda del Estudiante y el inicio de la primavera<\/strong>. Durante la actividad, los estudiantes podr\u00e1n disfrutar de diversos shows y sorteos, en el espacio cultural <strong>Patio<\/strong> ubicado en la calle 25 de Mayo 131, en Lan\u00fas Oeste.<\/p>\n<p>El encuentro, organizado por <a href=\"https:\/\/www.facebook.com\/lanuscultura\">Lan\u00fas Cultura<\/a>, iniciar\u00e1 a las 14 y finalizar\u00e1 a las<strong> 19 horas<\/strong>&nbsp;con entrada libre y gratuita. Comenzar\u00e1 con la inauguraci\u00f3n de un stand de glitter y diversos sorteos. Mientras que, de&nbsp;<strong>15 a 18<\/strong>,&nbsp;habr\u00e1 un <strong>Torneo de Play FIFA 2023<\/strong>, que requiere inscripci\u00f3n previa para participar. Las personas interesadas pueden anotarse en la siguiente p\u00e1gina web:&nbsp;<a href=\"http:\/\/www.lanuscultura.com.ar\/\">www.lanuscultura.com.ar<\/a>.<\/p>\n<p>Asimismo, de&nbsp;<strong>16 a 19 horas<\/strong>&nbsp;iniciar\u00e1 la competencia <strong><a href=\"https:\/\/www.instagram.com\/flow.del.sur\/\" data-type=\"URL\" data-id=\"https:\/\/www.instagram.com\/flow.del.sur\/\">Flow del Sur<\/a>, batalla de freestyle<\/strong>. En este caso, las personas podr\u00e1n inscribirse en el momento.<\/p>\n<figure class=\"wp-block-image size-full\"><img data-recalc-dims=\"1\" decoding=\"async\" loading=\"lazy\" width=\"640\" height=\"640\" src=\"https:\/\/i0.wp.com\/www.inforegion.com.ar\/wp-content\/uploads\/2023\/09\/380772790_628529279471016_62809257580030003_n.jpg?resize=640%2C640&#038;ssl=1\" alt class=\"wp-image-279899\" srcset=\"https:\/\/www.inforegion.com.ar\/wp-content\/uploads\/2023\/09\/380772790_628529279471016_62809257580030003_n.jpg 843w, https:\/\/www.inforegion.com.ar\/wp-content\/uploads\/2023\/09\/380772790_628529279471016_62809257580030003_n-300x300.jpg 300w, https:\/\/www.inforegion.com.ar\/wp-content\/uploads\/2023\/09\/380772790_628529279471016_62809257580030003_n-150x150.jpg 150w, https:\/\/www.inforegion.com.ar\/wp-content\/uploads\/2023\/09\/380772790_628529279471016_62809257580030003_n-768x768.jpg 768w, https:\/\/www.inforegion.com.ar\/wp-content\/uploads\/2023\/09\/380772790_628529279471016_62809257580030003_n-320x320.jpg 320w, https:\/\/www.inforegion.com.ar\/wp-content\/uploads\/2023\/09\/380772790_628529279471016_62809257580030003_n-480x480.jpg 480w, https:\/\/www.inforegion.com.ar\/wp-content\/uploads\/2023\/09\/380772790_628529279471016_62809257580030003_n-800x800.jpg 800w, https:\/\/www.inforegion.com.ar\/wp-content\/uploads\/2023\/09\/380772790_628529279471016_62809257580030003_n-70x70.jpg 70w, https:\/\/www.inforegion.com.ar\/wp-content\/uploads\/2023\/09\/380772790_628529279471016_62809257580030003_n-335x335.jpg 335w, https:\/\/www.inforegion.com.ar\/wp-content\/uploads\/2023\/09\/380772790_628529279471016_62809257580030003_n-360x360.jpg 360w\" sizes=\"auto, (max-width: 843px) 100vw, 843px\"><\/figure>\n<p>El <strong>Museo Contempor\u00e1neo del Sur (MACSur)<\/strong> cre\u00f3 el espacio cultural <strong>Patio<\/strong> en 2021 para que los j\u00f3venes cuenten con un lugar de encuentro seguro y tranquilo donde puedan mostrar sus talentos en las diferentes propuestas organizadas por el Municipio.<\/p>\n","protected":false},"excerpt":{"rendered":"<p>Este 21 de sietiembre habr\u00e1 una jornada festiva para celebrar el D\u00eda del Estudiante y el inicio de la primavera. Durante la actividad, los estudiantes podr\u00e1n disfrutar de diversos shows y sorteos, en el espacio cultural Patio ubicado en la calle 25 de Mayo 131, en Lan\u00fas Oeste. El encuentro, organizado por Lan\u00fas Cultura, iniciar\u00e1 [&hellip;]<\/p>\n","protected":false},"author":2,"featured_media":5696,"comment_status":"closed","ping_status":"closed","sticky":false,"template":"","format":"standard","meta":{"jetpack_post_was_ever_published":false,"_jetpack_newsletter_access":"","_jetpack_dont_email_post_to_subs":false,"_jetpack_newsletter_tier_id":0,"_jetpack_memberships_contains_paywalled_content":false,"_jetpack_memberships_contains_paid_content":false,"footnotes":"","jetpack_publicize_message":"","jetpack_publicize_feature_enabled":true,"jetpack_social_post_already_shared":true,"jetpack_social_options":{"image_generator_settings":{"template":"highway","enabled":false},"version":2}},"categories":[19],"tags":[773,774,1503,23,1504,1505,1506,788],"class_list":["post-5695","post","type-post","status-publish","format-standard","has-post-thumbnail","hentry","category-municipio","tag-centrales","tag-destacadas","tag-flow-del-sur","tag-lanus","tag-lanus-cultura","tag-museo-contemporaneo-del-sur","tag-patio","tag-sociedad"],"jetpack_publicize_connections":[],"jetpack_featured_media_url":"https:\/\/i0.wp.com\/infolanus.com\/wp-content\/uploads\/2023\/09\/lanus-festeja-el-dia-del-estudiante-y-el-inicio-de-la-primavera.jpg?fit=843%2C843&ssl=1","jetpack_sharing_enabled":true,"jetpack_shortlink":"https:\/\/wp.me\/p9QtMr-1tR","_links":{"self":[{"href":"https:\/\/infolanus.com\/index.php\/wp-json\/wp\/v2\/posts\/5695","targetHints":{"allow":["GET"]}}],"collection":[{"href":"https:\/\/infolanus.com\/index.php\/wp-json\/wp\/v2\/posts"}],"about":[{"href":"https:\/\/infolanus.com\/index.php\/wp-json\/wp\/v2\/types\/post"}],"author":[{"embeddable":true,"href":"https:\/\/infolanus.com\/index.php\/wp-json\/wp\/v2\/users\/2"}],"replies":[{"embeddable":true,"href":"https:\/\/infolanus.com\/index.php\/wp-json\/wp\/v2\/comments?post=5695"}],"version-history":[{"count":0,"href":"https:\/\/infolanus.com\/index.php\/wp-json\/wp\/v2\/posts\/5695\/revisions"}],"wp:featuredmedia":[{"embeddable":true,"href":"https:\/\/infolanus.com\/index.php\/wp-json\/wp\/v2\/media\/5696"}],"wp:attachment":[{"href":"https:\/\/infolanus.com\/index.php\/wp-json\/wp\/v2\/media?parent=5695"}],"wp:term":[{"taxonomy":"category","embeddable":true,"href":"https:\/\/infolanus.com\/index.php\/wp-json\/wp\/v2\/categories?post=5695"},{"taxonomy":"post_tag","embeddable":true,"href":"https:\/\/infolanus.com\/index.php\/wp-json\/wp\/v2\/tags?post=5695"}],"curies":[{"name":"wp","href":"https:\/\/api.w.org\/{rel}","templated":true}]}}