{"id":5697,"date":"2023-09-21T17:40:10","date_gmt":"2023-09-21T20:40:10","guid":{"rendered":"https:\/\/www.ambito.com\/uruguay\/el-dolar-se-fortalece-una-suba-diaria-040-n5827167"},"modified":"2023-09-21T17:40:10","modified_gmt":"2023-09-21T20:40:10","slug":"el-dolar-se-fortalece-con-una-suba-diaria-de-040","status":"publish","type":"post","link":"https:\/\/infolanus.com\/index.php\/2023\/09\/21\/el-dolar-se-fortalece-con-una-suba-diaria-de-040\/","title":{"rendered":"El d\u00f3lar se fortalece con una suba diaria de 0,40%"},"content":{"rendered":"<p><!-- { REGION4 --> <\/p>\n<header class=\"news-headline\">\n<div class=\"news-headline__topics-and-date-wrapper\"> <span class=\"news-headline__publication-date\"> 21 de septiembre 2023 &#8211; 17:40 <\/span><\/div>\n<h2 class=\"news-headline__article-summary\">\tCon este incremento, el billete acumula una apreciaci\u00f3n de 1,63% en lo que va del mes, seg\u00fan datos del Banco Central del Uruguay. <\/h2>\n<\/header>\n<div class=\"detail-highlighted-multimedia content-protected-false\">\n<figure class=\"detail-highlighted-multimedia__figure\"> <img data-recalc-dims=\"1\" loading=\"lazy\" decoding=\"async\" src=\"https:\/\/i0.wp.com\/media.ambito.com\/p\/7d5e8687a3ac56d4995fd1185424c798\/adjuntos\/351\/imagenes\/040\/835\/0040835821\/655x368\/smart\/dolar-subio-sube.jpg?resize=640%2C453&#038;ssl=1\" class=\"detail-highlighted-multimedia__figure-img img-fluid\" alt=\"El d\u00f3lar se increment\u00f3 0,40% y mantiene una tendencia positiva en setiembre.\" width=\"640\" height=\"453\"><figcaption class=\"detail-highlighted-multimedia__figcaption\" readability=\"-23.5\"> <span class=\"detail-highlighted-multimedia__copyright\">Foto: Pixabay<\/span><\/figcaption><\/figure>\n<\/div>\n<article class=\"article-body article-body--first-paragraph content-protected-false\" data-td-script-src=\"https:\/\/www.ambito.com\/td\/modulos\/encuestas\/js\/function-embeds-min-version-1660312110.js\" readability=\"30.461538461538\">\n<p>El <strong>d\u00f3lar<\/strong> subi\u00f3 0,40% <a href=\"https:\/\/www.ambito.com\/uruguay\/el-dolar-020-pero-continua-la-franja-los-38-n5826057\" target=\"_blank\" rel=\"follow noopener\"> con respecto a ayer <\/a>y cerr\u00f3 a 38,205 pesos, de acuerdo a la cotizaci\u00f3n del <strong>Banco Central del Uruguay <\/strong>(BCU), apreci\u00e1ndose en el marco de una semana en la que oper\u00f3 con altibajos y manteniendose por encima de los 38 pesos.<\/p>\n<\/article>\n<article class=\"article-body article-body--second-paragraph content-protected-false\" readability=\"33.685714285714\">\n<p>De esta manera, la divisa estadounidense contin\u00faa con <a href=\"https:\/\/www.ambito.com\/uruguay\/el-dolar-sube-pero-el-atraso-cambiario-no-se-revierte-n5825620\" target=\"_blank\" rel=\"follow noopener\">su mejora mensual,<\/a> que acumula un 1,63% en setiembre y se encamina a mejorar el incremento exhibido en agosto. En contrapartida, la depreciaci\u00f3n en lo que va del a\u00f1o es de 4,66% y, a nivel interanual, la ca\u00edda llega al 6%.<\/p>\n<\/article>\n<section class=\"related-news\"> <span class=\"related-news__title\">Informate m\u00e1s<\/span> <\/p>\n<div class=\"row row--eq-height\">\n<div class=\"col-12 col-md-6\">\n<article class=\"news-article news-article--landscape-news news-article--landscape-news\">\n<figure class=\"news-article__figure figure\"> <a href=\"https:\/\/www.ambito.com\/uruguay\/el-dolar-sube-pero-el-atraso-cambiario-no-se-revierte-n5825620\" target title=\"\u00e1mbito.com | El d\u00f3lar sube, pero el atraso cambiario no se revierte\" alt=\"\u00e1mbito.com | El d\u00f3lar sube, pero el atraso cambiario no se revierte\" rel=\"noindex nofollow noreferrer\"> <img loading=\"lazy\" decoding=\"async\" src=\"https:\/\/www.ambito.com\/css-custom\/351\/lazy.svg\" data-td-src-property=\"https:\/\/media.ambito.com\/p\/730c695d0962e122283f0c9549c4064f\/adjuntos\/351\/imagenes\/040\/981\/0040981631\/93x52\/smart\/dolarizacionjpg.jpg\" alt=\"El d\u00f3lar acumula dos jornadas al alza consecutivas en Uruguay.\" title=\"El d\u00f3lar acumula dos jornadas al alza consecutivas en Uruguay.\" width=\"93\" height=\"52\" class=\"news-article__figure-img figure-img img-fluid\"> <\/a><\/figure>\n<\/article><\/div>\n<div class=\"col-12 col-md-6\">\n<article class=\"news-article news-article--landscape-news news-article--landscape-news\">\n<figure class=\"news-article__figure figure\"> <a href=\"https:\/\/www.ambito.com\/uruguay\/se-registro-una-caida-generalizada-bonos-globales-dolares-n5823769\" target title=\"\u00e1mbito.com | Se registr\u00f3 una ca\u00edda generalizada de bonos globales en d\u00f3lares\" alt=\"\u00e1mbito.com | Se registr\u00f3 una ca\u00edda generalizada de bonos globales en d\u00f3lares\" rel=\"noindex nofollow noreferrer\"> <img loading=\"lazy\" decoding=\"async\" src=\"https:\/\/www.ambito.com\/css-custom\/351\/lazy.svg\" data-td-src-property=\"https:\/\/media.ambito.com\/p\/49dc5a4141c2b196779baa2581864df9\/adjuntos\/351\/imagenes\/040\/831\/0040831805\/93x52\/smart\/mercado-grafica-bonos-mef.jpg\" alt=\"El riesgo pa\u00eds en el Uruguay baj\u00f3 5 puntos la semana pasada.\" title=\"El riesgo pa\u00eds en el Uruguay baj\u00f3 5 puntos la semana pasada.\" width=\"93\" height=\"52\" class=\"news-article__figure-img figure-img img-fluid\"> <\/a><\/figure>\n<\/article><\/div>\n<\/div>\n<\/section>\n<article class=\"article-body article-body--third-paragraph content-protected-false\" readability=\"37\">\n<p> En cuanto a la pizarra de referencia del <strong>Banco Rep\u00fablica<\/strong><strong> (<\/strong><strong>BROU<\/strong><strong>)<\/strong>, el d\u00f3lar billete se ofreci\u00f3 a 37,00 pesos para la compra, y 39,40 pesos para la venta. Por su parte, el valor preferencial del <strong>D\u00f3lar eBROU<\/strong> estuvo en 37,50 pesos para la compra, y 38,90 pesos para la venta.<\/p>\n<\/article>\n<article class=\"article-body article-body--fourth-paragraph content-protected-false\" readability=\"38\">\n<p>La \u00faltima operaci\u00f3n de la jornada en la <strong>Bolsa Electr\u00f3nica de Valores del Uruguay<\/strong> (<strong>Bevsa<\/strong>) fue pactada en 38,180 pesos, mientras que el precio m\u00e1ximo fue de 38,250 pesos, y el m\u00ednimo de 38,180 pesos. En este d\u00eda, el n\u00famero de transacciones fueron un total de 49, con un monto total de operaciones de casi 24,6 millones de d\u00f3lares.<\/p>\n<\/article>\n<article class=\"article-body article-body--remaining-paragraph content-protected-false\" readability=\"61.393308746048\">\n<p>Las criptomonedas de paridad 1 a 1 con el <strong>d\u00f3lar<\/strong> como <strong>Tether<\/strong> (<strong>USDT<\/strong>) cotizaron en un promedio de 39,50 pesos para la compra en l\u00ednea mediante un banco o con tarjeta, y desde los 39,50 pesos hasta los 41,92 pesos en el mercado peer-to-peer (P2P) de Binance.<\/p>\n<p>Por su parte, la cotizaci\u00f3n del <strong>d\u00f3lar Prex<\/strong> estuvo a 38,06 pesos para la compra, y 38,44 pesos para la venta.<\/p>\n<div contenteditable=\"false\" class=\"embed_cont type_freetext\" rel=\"freetext\" id=\"embed7748_wrap\" data-provider=\"twitter\" readability=\"26.160256410256\">\n<p> https:\/\/publish.twitter.com\/oembed?url=https%3A%2F%2Ftwitter.com%2FBevsaUruguay%2Fstatus%2F1704946655479353563&amp;partner=&amp;hide_thread=false<span onclick=\"parent.parent.TinyMCETdcuerpo.preview_embed('embed7748')\" class=\"embed_colapse less\" id=\"embed7748_colapse\"><\/span><span onclick=\"parent.parent.TinyMCETdcuerpo.delete_embed('embed7748')\" class=\"embed_delete less\" id=\"embed7748_delete\"><\/span><\/p>\n<\/p><\/div>\n<h2>El d\u00f3lar global lleg\u00f3 a su m\u00e1ximo en 6 meses<\/h2>\n<p>A nivel internacional, el <strong>d\u00f3lar <\/strong>acumula <a href=\"https:\/\/www.ambito.com\/uruguay\/el-dolar-global-toco-su-maximo-seis-meses-que-pasa-n5826646\" target=\"_blank\" rel=\"follow noopener\">una tendencia positiva<\/a> y el \u00edndice d\u00f3lar, que mide el desempe\u00f1o de la divisa estadounidense alcanz\u00f3 las 105,68 unidades, su nivel m\u00e1s alto de los \u00faltimos 6 meses y medio.<\/p>\n<p>Con este escenario, si bien el billete mantiene una tendencia positiva en setiembre, podr\u00eda esperarse una tendencia al alza, teniendo en cuenta que la <strong>Reserva Federal <\/strong>(Fed) de <strong>Estados Unidos <\/strong>decidi\u00f3 mantener sin modificaciones las tasas de inter\u00e9s de referencia entre el 5,25% y el 5,50% y continuar con la pol\u00edtica monetaria restrictiva.<\/p>\n<p>Con todo esto, habr\u00e1 que esperar al comportamiento del <strong>d\u00f3lar <\/strong>frente al <strong>peso uruguayo, <\/strong>en momentos donde se habla de un <strong>atraso cambiario <\/strong>de por lo menos un 15% y la consecuente p\u00e9rdida de competitividad que es cuestionada desde el sector agroexportador.<\/p>\n<h2>El precio del d\u00f3lar a lo largo de las \u00faltimas cinco jornadas<\/h2>\n<ul>\n<li>14 de setiembre \u2014 38,149<\/li>\n<li>15 de setiembre \u2014 38,054<\/li>\n<li>18 de setiembre \u2014 38,127<\/li>\n<li>19 de setiembre \u2014 38,13<\/li>\n<li>20 de setiembre \u2014 38,053<\/li>\n<\/ul>\n<\/article>\n<p> <!-- REGION4 } --> <\/p>\n","protected":false},"excerpt":{"rendered":"<p>21 de septiembre 2023 &#8211; 17:40 Con este incremento, el billete acumula una apreciaci\u00f3n de 1,63% en lo que va del mes, seg\u00fan datos del Banco Central del Uruguay. Foto: Pixabay El d\u00f3lar subi\u00f3 0,40% con respecto a ayer y cerr\u00f3 a 38,205 pesos, de acuerdo a la cotizaci\u00f3n del Banco Central del Uruguay (BCU), [&hellip;]<\/p>\n","protected":false},"author":2,"featured_media":5698,"comment_status":"closed","ping_status":"closed","sticky":false,"template":"","format":"standard","meta":{"jetpack_post_was_ever_published":false,"_jetpack_newsletter_access":"","_jetpack_dont_email_post_to_subs":false,"_jetpack_newsletter_tier_id":0,"_jetpack_memberships_contains_paywalled_content":false,"_jetpack_memberships_contains_paid_content":false,"footnotes":"","jetpack_publicize_message":"","jetpack_publicize_feature_enabled":true,"jetpack_social_post_already_shared":true,"jetpack_social_options":{"image_generator_settings":{"template":"highway","enabled":false},"version":2}},"categories":[20],"tags":[1286],"class_list":["post-5697","post","type-post","status-publish","format-standard","has-post-thumbnail","hentry","category-mundo","tag-mundo"],"jetpack_publicize_connections":[],"jetpack_featured_media_url":"https:\/\/i0.wp.com\/infolanus.com\/wp-content\/uploads\/2023\/09\/el-dolar-se-fortalece-con-una-suba-diaria-de-040.jpg?fit=655%2C368&ssl=1","jetpack_sharing_enabled":true,"jetpack_shortlink":"https:\/\/wp.me\/p9QtMr-1tT","_links":{"self":[{"href":"https:\/\/infolanus.com\/index.php\/wp-json\/wp\/v2\/posts\/5697","targetHints":{"allow":["GET"]}}],"collection":[{"href":"https:\/\/infolanus.com\/index.php\/wp-json\/wp\/v2\/posts"}],"about":[{"href":"https:\/\/infolanus.com\/index.php\/wp-json\/wp\/v2\/types\/post"}],"author":[{"embeddable":true,"href":"https:\/\/infolanus.com\/index.php\/wp-json\/wp\/v2\/users\/2"}],"replies":[{"embeddable":true,"href":"https:\/\/infolanus.com\/index.php\/wp-json\/wp\/v2\/comments?post=5697"}],"version-history":[{"count":0,"href":"https:\/\/infolanus.com\/index.php\/wp-json\/wp\/v2\/posts\/5697\/revisions"}],"wp:featuredmedia":[{"embeddable":true,"href":"https:\/\/infolanus.com\/index.php\/wp-json\/wp\/v2\/media\/5698"}],"wp:attachment":[{"href":"https:\/\/infolanus.com\/index.php\/wp-json\/wp\/v2\/media?parent=5697"}],"wp:term":[{"taxonomy":"category","embeddable":true,"href":"https:\/\/infolanus.com\/index.php\/wp-json\/wp\/v2\/categories?post=5697"},{"taxonomy":"post_tag","embeddable":true,"href":"https:\/\/infolanus.com\/index.php\/wp-json\/wp\/v2\/tags?post=5697"}],"curies":[{"name":"wp","href":"https:\/\/api.w.org\/{rel}","templated":true}]}}