{"id":5701,"date":"2023-09-22T09:44:08","date_gmt":"2023-09-22T12:44:08","guid":{"rendered":"https:\/\/www.inforegion.com.ar\/?p=280057"},"modified":"2023-09-22T09:44:08","modified_gmt":"2023-09-22T12:44:08","slug":"crimen-de-morena-en-lanus-detuvieron-al-profugo","status":"publish","type":"post","link":"https:\/\/infolanus.com\/index.php\/2023\/09\/22\/crimen-de-morena-en-lanus-detuvieron-al-profugo\/","title":{"rendered":"Crimen de Morena en Lan\u00fas: Detuvieron al pr\u00f3fugo"},"content":{"rendered":"<div><img data-recalc-dims=\"1\" decoding=\"async\" src=\"https:\/\/i0.wp.com\/www.inforegion.com.ar\/wp-content\/uploads\/2023\/09\/detenido-1.jpg?w=640&#038;ssl=1\" class=\"ff-og-image-inserted\"><\/div>\n<p><strong><a href=\"https:\/\/www.inforegion.com.ar\/2023\/09\/08\/quien-es-facundo-ortiz-buscado-por-el-crimen-de-morena\/\">Facundo Alejandro Ortiz<\/a>, el joven de 23 a\u00f1os que estaba pr\u00f3fugo y desde hace un mes con pedido de captura acusado de ser uno de los asesinos de Morena Dom\u00ednguez<\/strong>, la ni\u00f1a de 11 a\u00f1os que el 9 de agosto muri\u00f3 tras ser golpeada y arrastrada por motochorros que le robaron cuando llegaba a su escuela en el partido bonaerense de Lan\u00fas, fue detenido.<\/p>\n<p>La detenci\u00f3n de Ortiz, cuya fotograf\u00eda hab\u00eda sido difundido por la Justicia, fue concretada por detectives de la Divisi\u00f3n Homicidios y de otras dependencias de la polic\u00eda bonaerense <strong>esta madrugada en Punta Lara, partido de Ensenada<\/strong>.<\/p>\n<blockquote class=\"twitter-tweet\">\n<p lang=\"es\" dir=\"ltr\">La policia bonaerense detuvo anoche, en Punta Lara, a Facundo Ort\u00edz uno de los imputados por el horrendo crimen de Morena. Esperamos que con mucha transparencia y celeridad se llegue al juicio oral y no se libere a este imputado como ya nos pas\u00f3 anteriormente con otro de los\u2026 <a href=\"https:\/\/t.co\/tIh5g4ycVf\">pic.twitter.com\/tIh5g4ycVf<\/a><\/p>\n<p>\u2014 Diego Kravetz (@diegokravetz) <a href=\"https:\/\/twitter.com\/diegokravetz\/status\/1705207859162607753?ref_src=twsrc%5Etfw\">September 22, 2023<\/a><\/p><\/blockquote>\n<p><strong>El crimen de la nena de 11 a\u00f1os ocurri\u00f3 minutos antes de las 7.30 del 9 de agosto pasado<\/strong>, cuando Morena fue asaltada a metros de la Escuela Almafuerte de la calle Molinedo al 3200, de Villa Diamante, partido de Lan\u00fas.<\/p>\n<p><strong>La secuencia qued\u00f3 grabada por una<a href=\"https:\/\/www.inforegion.com.ar\/2023\/08\/09\/asi-fue-el-robo-que-termino-con-la-muerte-de-morena-en-lanus\/\">&nbsp;c\u00e1mara de seguridad<\/a>&nbsp;municipal que se convirti\u00f3 en una prueba clave de la causa, ya que all\u00ed se observa que Morena cae al asfalto cuando es abordada por los dos motochorros<\/strong>, tras lo cual el que viajaba como acompa\u00f1ante se baj\u00f3 para agarrar alguna de sus pertenencias y luego volvi\u00f3 a abordar el veh\u00edculo para escapar.<\/p>\n<p>Un automovilista que fue testigo de la secuencia intent\u00f3 encerrar a los delincuentes, que tambi\u00e9n fueron corridos por un barrendero, pero \u00e9stos lograron escapar del lugar a toda velocidad, seg\u00fan qued\u00f3 tambi\u00e9n registrado por la c\u00e1mara. Tambi\u00e9n se vio que, luego de la huida de los delincuentes, un hombre se acerc\u00f3 a asistir a la v\u00edctima, pero la ni\u00f1a qued\u00f3&nbsp;<a href=\"https:\/\/www.inforegion.com.ar\/2023\/08\/09\/lanus-una-nena-de-11-anos-murio-de-un-infarto-tras-un-robo\/\">sentada en el asfalto<\/a>&nbsp;sin poder reincorporarse.<\/p>\n<p><strong>De acuerdo al resultado preliminar de la&nbsp;<a href=\"https:\/\/www.inforegion.com.ar\/2023\/08\/09\/de-que-murio-morena-la-nena-de-11-asesinada-en-lanus\/\">autopsia&nbsp;<\/a>realizada en la morgue judicial de Lomas de Zamora, la ni\u00f1a muri\u00f3 como consecuencia de \u201cun fuerte golpe en la zona abdominal\u201d que le provoc\u00f3 lesiones en el ri\u00f1\u00f3n y en el h\u00edgado y sufri\u00f3 una \u201chemorragia interna\u201d.<\/strong><\/p>\n<p><strong>Morena se descompens\u00f3 mientras esperaba la asistencia del SAME y, cuando lleg\u00f3 la ambulancia, el m\u00e9dico realiz\u00f3 maniobras de reanimaci\u00f3n y la trasladaron en estado cr\u00edtico al Hospital Evita, donde falleci\u00f3 producto de un paro cardiorrespiratorio, seg\u00fan inform\u00f3 la polic\u00eda.<\/strong><\/p>\n","protected":false},"excerpt":{"rendered":"<p>Facundo Alejandro Ortiz, el joven de 23 a\u00f1os que estaba pr\u00f3fugo y desde hace un mes con pedido de captura acusado de ser uno de los asesinos de Morena Dom\u00ednguez, la ni\u00f1a de 11 a\u00f1os que el 9 de agosto muri\u00f3 tras ser golpeada y arrastrada por motochorros que le robaron cuando llegaba a su [&hellip;]<\/p>\n","protected":false},"author":2,"featured_media":5702,"comment_status":"closed","ping_status":"closed","sticky":false,"template":"","format":"standard","meta":{"jetpack_post_was_ever_published":false,"_jetpack_newsletter_access":"","_jetpack_dont_email_post_to_subs":false,"_jetpack_newsletter_tier_id":0,"_jetpack_memberships_contains_paywalled_content":false,"_jetpack_memberships_contains_paid_content":false,"footnotes":"","jetpack_publicize_message":"","jetpack_publicize_feature_enabled":true,"jetpack_social_post_already_shared":true,"jetpack_social_options":{"image_generator_settings":{"template":"highway","enabled":false},"version":2}},"categories":[19,547],"tags":[773,1507,774,1508,23,1488,822,548],"class_list":["post-5701","post","type-post","status-publish","format-standard","has-post-thumbnail","hentry","category-municipio","category-policiales","tag-centrales","tag-crimen-de-morena","tag-destacadas","tag-facundo-ortiz","tag-lanus","tag-morena-dominguez","tag-policiales","tag-profugo"],"jetpack_publicize_connections":[],"jetpack_featured_media_url":"https:\/\/i0.wp.com\/infolanus.com\/wp-content\/uploads\/2023\/09\/crimen-de-morena-en-lanus-detuvieron-al-profugo.jpg?fit=1200%2C675&ssl=1","jetpack_sharing_enabled":true,"jetpack_shortlink":"https:\/\/wp.me\/p9QtMr-1tX","_links":{"self":[{"href":"https:\/\/infolanus.com\/index.php\/wp-json\/wp\/v2\/posts\/5701","targetHints":{"allow":["GET"]}}],"collection":[{"href":"https:\/\/infolanus.com\/index.php\/wp-json\/wp\/v2\/posts"}],"about":[{"href":"https:\/\/infolanus.com\/index.php\/wp-json\/wp\/v2\/types\/post"}],"author":[{"embeddable":true,"href":"https:\/\/infolanus.com\/index.php\/wp-json\/wp\/v2\/users\/2"}],"replies":[{"embeddable":true,"href":"https:\/\/infolanus.com\/index.php\/wp-json\/wp\/v2\/comments?post=5701"}],"version-history":[{"count":0,"href":"https:\/\/infolanus.com\/index.php\/wp-json\/wp\/v2\/posts\/5701\/revisions"}],"wp:featuredmedia":[{"embeddable":true,"href":"https:\/\/infolanus.com\/index.php\/wp-json\/wp\/v2\/media\/5702"}],"wp:attachment":[{"href":"https:\/\/infolanus.com\/index.php\/wp-json\/wp\/v2\/media?parent=5701"}],"wp:term":[{"taxonomy":"category","embeddable":true,"href":"https:\/\/infolanus.com\/index.php\/wp-json\/wp\/v2\/categories?post=5701"},{"taxonomy":"post_tag","embeddable":true,"href":"https:\/\/infolanus.com\/index.php\/wp-json\/wp\/v2\/tags?post=5701"}],"curies":[{"name":"wp","href":"https:\/\/api.w.org\/{rel}","templated":true}]}}