{"id":5722,"date":"2023-09-25T12:09:42","date_gmt":"2023-09-25T15:09:42","guid":{"rendered":"https:\/\/www.ambito.com\/mundo\/embajada-cubana-washington-fue-atacada-bombas-molotov-y-denuncian-ataque-terrorista-n5829575"},"modified":"2023-09-25T12:09:42","modified_gmt":"2023-09-25T15:09:42","slug":"embajada-cubana-en-washington-fue-atacada-con-bombas-molotov-y-denuncian-ataque-terrorista","status":"publish","type":"post","link":"https:\/\/infolanus.com\/index.php\/2023\/09\/25\/embajada-cubana-en-washington-fue-atacada-con-bombas-molotov-y-denuncian-ataque-terrorista\/","title":{"rendered":"Embajada cubana en Washington fue atacada con bombas molotov y denuncian ataque terrorista"},"content":{"rendered":"<div><img data-recalc-dims=\"1\" decoding=\"async\" src=\"https:\/\/i0.wp.com\/media.ambito.com\/p\/8a8ccf4832dbe189052c535418aab863\/adjuntos\/239\/imagenes\/041\/001\/0041001951\/embajada-cuba-eeuujpg.jpg?w=640&#038;ssl=1\" class=\"ff-og-image-inserted\"><\/div>\n<div id>\n<p>El <strong>embajador cubano en <a href=\"https:\/\/www.ambito.com\/economia\/las-primeras-reuniones-massa-washington-funcionarios-del-tesoro-eeuu-n5801457\" target=\"_blank\" rel=\"follow noopener\">Washington<\/a><\/strong>, <strong> Bruno Rodr\u00edguez<\/strong>, denunci\u00f3 un incidente en la<strong> noche del domingo<\/strong> cuando la <strong>embajada de Cuba en los Estados Unidos<\/strong> fue blanco de un ataque que calific\u00f3 como <strong>&#8220;<a href=\"https:\/\/www.ambito.com\/politica\/alberto-fernandez-reivindico-al-conicet-la-ciencia-busca-mejorar-la-calidad-vida-la-gente-n5826858\" target=\"_blank\" rel=\"follow noopener\">terrorista<\/a>&#8220;.<\/strong> El <strong>siniestro<\/strong> involucr\u00f3 el <strong>lanzamiento de dos bombas molotov <\/strong>hacia la <strong>sede diplom\u00e1tica<\/strong>, pero <strong>no se reportaron heridos ni da\u00f1os materiales significativos<\/strong> entre el personal de la embajada.<\/p>\n<\/div>\n<div id>\n<p>A trav\u00e9s de su cuenta en la <strong>red social X,<\/strong> antes Twitter, el <strong>embajador<\/strong> inform\u00f3 sobre lo courrido y se\u00f1al\u00f3 que <strong>las autoridades cubanas est\u00e1n trabajando para obtener m\u00e1s detalles sobre el ataque<\/strong>. Adem\u00e1s, hizo hincapi\u00e9 en que este <strong>no es el primer incidente violento <\/strong>que afect\u00f3 a la embajada en Washington, recordando un<strong> evento similar ocurrido en 2020<\/strong>.<\/p>\n<\/div>\n<div id>\n<p>El ataque del domingo ocurri\u00f3 poco despu\u00e9s de que el <strong>presidente de Cuba,<\/strong> <strong>Miguel D\u00edaz-Canel,<\/strong> regresara a La Habana tras una semana en Nueva York, donde <strong>particip\u00f3 en la Asamblea General de las Naciones Unidas<\/strong> y en otras actividades con partidarios en Estados Unidos.<\/p>\n<\/div>\n<div id>\n<p>Durante la visita de D\u00edaz-Canel a la Gran Manzana, se registraron <strong>manifestaciones de cubanos residentes <\/strong>en el pa\u00eds norteamericano que <strong>se opon\u00edan a su presencia en la Asamblea de la ONU<\/strong>.<\/p>\n<\/div>\n<div id>\n<div contenteditable=\"false\" class=\"embed_cont type_freetext\" rel=\"freetext\" id=\"embed5747_wrap\" data-provider=\"twitter\" readability=\"31.282805429864\">\n<p>https:\/\/publish.twitter.com\/oembed?url=https%3A%2F%2Ftwitter.com%2FBrunoRguezP%2Fstatus%2F1706139277791297960&amp;partner=&amp;hide_thread=false<span onclick=\"parent.parent.TinyMCETdcuerpo.preview_embed('embed5747')\" class=\"embed_colapse less\" id=\"embed5747_colapse\"><\/span><span onclick=\"parent.parent.TinyMCETdcuerpo.delete_embed('embed5747')\" class=\"embed_delete less\" id=\"embed5747_delete\"><\/span><\/p>\n<div id=\"embed5747_content\" class=\"embed_content\">\n<div id=\"embed5747_embed\" readability=\"8.3213114754098\">\n<blockquote data-td-script-src=\"https:\/\/platform.twitter.com\/widgets.js\" class=\"twitter-tweet\" readability=\"10.170491803279\">\n<p dir=\"ltr\" lang=\"es\"> desde abril de 2020. En aquella ocasi\u00f3n, un individuo dispar\u00f3 con un fusil de asalto contra la sede.<\/p>\n<p>Los grupos anticubanos acuden al terrorismo al sentir impunidad, algo sobre lo que <a href=\"https:\/\/twitter.com\/hashtag\/Cuba?src=hash&amp;ref_src=twsrc%5Etfw\">#Cuba<\/a> ha alertado a autoridades estadounidenses reiteradamente.<\/p>\n<p> \u2014 Bruno Rodr\u00edguez P (@BrunoRguezP) <a href=\"https:\/\/twitter.com\/BrunoRguezP\/status\/1706139277791297960?ref_src=twsrc%5Etfw\">September 25, 2023<\/a><\/p><\/blockquote>\n<\/div><\/div>\n<\/p><\/div>\n<p>El <strong>embajador Rodr\u00edguez <\/strong>expres\u00f3 su preocupaci\u00f3n por lo que <strong>calific\u00f3<\/strong> como una<strong> tendencia de grupos anticubanos <\/strong>que recurren al <strong>terrorismo,<\/strong> destacando la importancia de que las <strong>autoridades estadounidenses tomen medidas <\/strong>para prevenir futuros incidentes de este tipo y <strong>proteger la integridad de las misiones diplom\u00e1ticas <\/strong>en su territorio.<\/p>\n<h2>Ataque a la embajada en 2020<\/h2>\n<p>El<strong> canciller cubano<\/strong>, en <strong>abril de 2020<\/strong>, inform\u00f3 de una &#8220;<strong>agresi\u00f3n terrorista<\/strong>&#8221; contra su <strong>embajada<\/strong> luego de que un<strong> hombre con un rifle realiz\u00f3 diversos disparos <\/strong>contra el edificio.<\/p>\n<p>El <strong>tiroteo<\/strong> <strong>dej\u00f3 marcas<\/strong> en las columnas de la entrada, rompi\u00f3 una farola y varios vidrios y molduras del frontis del edificio, seg\u00fan AFP.<\/p>\n<p>En ese entonces, las autoridades estadounidenses <strong>arrestaron a Alexander Alazo<\/strong> por el ataque, y fue acusado formalmente en julio de ese a\u00f1o de m\u00faltiples delitos, incluido &#8220;<strong>ataque violento a un funcionario extranjero o instalaciones oficiales utilizando un arma mortal<\/strong>&#8220;, seg\u00fan el Departamento de Justicia de Estados Unidos.<\/p>\n<\/div>\n","protected":false},"excerpt":{"rendered":"<p>El embajador cubano en Washington, Bruno Rodr\u00edguez, denunci\u00f3 un incidente en la noche del domingo cuando la embajada de Cuba en los Estados Unidos fue blanco de un ataque que calific\u00f3 como &#8220;terrorista&#8220;. El siniestro involucr\u00f3 el lanzamiento de dos bombas molotov hacia la sede diplom\u00e1tica, pero no se reportaron heridos ni da\u00f1os materiales significativos [&hellip;]<\/p>\n","protected":false},"author":2,"featured_media":5723,"comment_status":"closed","ping_status":"closed","sticky":false,"template":"","format":"standard","meta":{"jetpack_post_was_ever_published":false,"_jetpack_newsletter_access":"","_jetpack_dont_email_post_to_subs":false,"_jetpack_newsletter_tier_id":0,"_jetpack_memberships_contains_paywalled_content":false,"_jetpack_memberships_contains_paid_content":false,"footnotes":"","jetpack_publicize_message":"","jetpack_publicize_feature_enabled":true,"jetpack_social_post_already_shared":true,"jetpack_social_options":{"image_generator_settings":{"template":"highway","enabled":false},"version":2}},"categories":[20],"tags":[1286],"class_list":["post-5722","post","type-post","status-publish","format-standard","has-post-thumbnail","hentry","category-mundo","tag-mundo"],"jetpack_publicize_connections":[],"jetpack_featured_media_url":"https:\/\/i0.wp.com\/infolanus.com\/wp-content\/uploads\/2023\/09\/embajada-cubana-en-washington-fue-atacada-con-bombas-molotov-y-denuncian-ataque-terrorista.jpg?fit=1200%2C675&ssl=1","jetpack_sharing_enabled":true,"jetpack_shortlink":"https:\/\/wp.me\/p9QtMr-1ui","_links":{"self":[{"href":"https:\/\/infolanus.com\/index.php\/wp-json\/wp\/v2\/posts\/5722","targetHints":{"allow":["GET"]}}],"collection":[{"href":"https:\/\/infolanus.com\/index.php\/wp-json\/wp\/v2\/posts"}],"about":[{"href":"https:\/\/infolanus.com\/index.php\/wp-json\/wp\/v2\/types\/post"}],"author":[{"embeddable":true,"href":"https:\/\/infolanus.com\/index.php\/wp-json\/wp\/v2\/users\/2"}],"replies":[{"embeddable":true,"href":"https:\/\/infolanus.com\/index.php\/wp-json\/wp\/v2\/comments?post=5722"}],"version-history":[{"count":0,"href":"https:\/\/infolanus.com\/index.php\/wp-json\/wp\/v2\/posts\/5722\/revisions"}],"wp:featuredmedia":[{"embeddable":true,"href":"https:\/\/infolanus.com\/index.php\/wp-json\/wp\/v2\/media\/5723"}],"wp:attachment":[{"href":"https:\/\/infolanus.com\/index.php\/wp-json\/wp\/v2\/media?parent=5722"}],"wp:term":[{"taxonomy":"category","embeddable":true,"href":"https:\/\/infolanus.com\/index.php\/wp-json\/wp\/v2\/categories?post=5722"},{"taxonomy":"post_tag","embeddable":true,"href":"https:\/\/infolanus.com\/index.php\/wp-json\/wp\/v2\/tags?post=5722"}],"curies":[{"name":"wp","href":"https:\/\/api.w.org\/{rel}","templated":true}]}}