{"id":573,"date":"2018-05-30T12:24:11","date_gmt":"2018-05-30T15:24:11","guid":{"rendered":"http:\/\/infolanus.com\/?p=573"},"modified":"2018-05-30T12:24:11","modified_gmt":"2018-05-30T15:24:11","slug":"intendentes-de-cambiemos-de-la-tercera-seccion-electoral-se-reunieron-en-lanus","status":"publish","type":"post","link":"https:\/\/infolanus.com\/index.php\/2018\/05\/30\/intendentes-de-cambiemos-de-la-tercera-seccion-electoral-se-reunieron-en-lanus\/","title":{"rendered":"Intendentes de Cambiemos de la Tercera Secci\u00f3n Electoral se reunieron en Lan\u00fas"},"content":{"rendered":"<p>El intendente de Lan\u00fas, Nestor Grindetti, almorz\u00f3 con los mandatarios de Cambiemos de la Tercera Secci\u00f3n Electoral, donde <strong>&#8220;Dialogaron y compartieron ideas y charlas sobre el trabajo que est\u00e1n realizando cada uno en sus municipios&#8221;.<\/strong><\/p>\n<p>Los intendentes que acompa\u00f1aron al mandatario local fueron el jefe comunal de Lobos, Jorge Etcheverry, Gonzalo Peluso (Magdalena), Jorge Nedela (Berisso), Oscar Cappelletti (Brandsen), Mauricio G\u00f3mez (San Vicente) y Martiniano Molina de Quilmes, quien tiene mayor relaci\u00f3n con Grindetti debido a que su municipio tienen varias obras viales en com\u00fan con Lan\u00fas, como por ejemplo la repavimentaci\u00f3n  de Camino General Belgrano.<\/p>\n<p>Lan\u00fas y Quilmes atraviesan la primera gesti\u00f3n de Cambiemos, por lo tanto desde el Gobierno Provincial pusieron manos a la obra para retenerlos en las elecciones del 2019. Esta idea se puede apreciar en la fuerte inversi\u00f3n destinada a la obra p\u00fablica, que fue el principal caballito de batalla en estos municipios que suman en conjunto casi 800 mil electores.<\/p>\n","protected":false},"excerpt":{"rendered":"<p>El intendente de Lan\u00fas, Nestor Grindetti, almorz\u00f3 con los mandatarios de Cambiemos de la Tercera Secci\u00f3n Electoral, donde &#8220;Dialogaron y compartieron ideas y charlas sobre el trabajo que est\u00e1n realizando cada uno en sus municipios&#8221;. Los intendentes que acompa\u00f1aron al mandatario local fueron el jefe comunal de Lobos, Jorge Etcheverry, Gonzalo Peluso (Magdalena), Jorge Nedela [&hellip;]<\/p>\n","protected":false},"author":2,"featured_media":574,"comment_status":"open","ping_status":"open","sticky":false,"template":"","format":"standard","meta":{"jetpack_post_was_ever_published":false,"_jetpack_newsletter_access":"","_jetpack_dont_email_post_to_subs":false,"_jetpack_newsletter_tier_id":0,"_jetpack_memberships_contains_paywalled_content":false,"_jetpack_memberships_contains_paid_content":false,"footnotes":"","jetpack_publicize_message":"","jetpack_publicize_feature_enabled":true,"jetpack_social_post_already_shared":true,"jetpack_social_options":{"image_generator_settings":{"template":"highway","enabled":false},"version":2}},"categories":[16],"tags":[225,226,219,23,222,224,220,99,221,223],"class_list":["post-573","post","type-post","status-publish","format-standard","has-post-thumbnail","hentry","category-politica","tag-berisso","tag-brandsen","tag-intendentes","tag-lanus","tag-lobos","tag-magdalena","tag-martiniano-molina","tag-nestor-grindetti","tag-quilmes","tag-san-vicente"],"jetpack_publicize_connections":[],"jetpack_featured_media_url":"https:\/\/i0.wp.com\/infolanus.com\/wp-content\/uploads\/2018\/05\/grindetti-intendentes.jpg?fit=690%2C517&ssl=1","jetpack_sharing_enabled":false,"jetpack_shortlink":"https:\/\/wp.me\/p9QtMr-9f","_links":{"self":[{"href":"https:\/\/infolanus.com\/index.php\/wp-json\/wp\/v2\/posts\/573","targetHints":{"allow":["GET"]}}],"collection":[{"href":"https:\/\/infolanus.com\/index.php\/wp-json\/wp\/v2\/posts"}],"about":[{"href":"https:\/\/infolanus.com\/index.php\/wp-json\/wp\/v2\/types\/post"}],"author":[{"embeddable":true,"href":"https:\/\/infolanus.com\/index.php\/wp-json\/wp\/v2\/users\/2"}],"replies":[{"embeddable":true,"href":"https:\/\/infolanus.com\/index.php\/wp-json\/wp\/v2\/comments?post=573"}],"version-history":[{"count":1,"href":"https:\/\/infolanus.com\/index.php\/wp-json\/wp\/v2\/posts\/573\/revisions"}],"predecessor-version":[{"id":575,"href":"https:\/\/infolanus.com\/index.php\/wp-json\/wp\/v2\/posts\/573\/revisions\/575"}],"wp:featuredmedia":[{"embeddable":true,"href":"https:\/\/infolanus.com\/index.php\/wp-json\/wp\/v2\/media\/574"}],"wp:attachment":[{"href":"https:\/\/infolanus.com\/index.php\/wp-json\/wp\/v2\/media?parent=573"}],"wp:term":[{"taxonomy":"category","embeddable":true,"href":"https:\/\/infolanus.com\/index.php\/wp-json\/wp\/v2\/categories?post=573"},{"taxonomy":"post_tag","embeddable":true,"href":"https:\/\/infolanus.com\/index.php\/wp-json\/wp\/v2\/tags?post=573"}],"curies":[{"name":"wp","href":"https:\/\/api.w.org\/{rel}","templated":true}]}}