{"id":5752,"date":"2023-09-27T13:13:19","date_gmt":"2023-09-27T16:13:19","guid":{"rendered":"https:\/\/www.inforegion.com.ar\/?p=280863"},"modified":"2023-09-27T13:13:19","modified_gmt":"2023-09-27T16:13:19","slug":"lanus-fue-sede-del-seminario-iberoamericano-salud-y-trabajo","status":"publish","type":"post","link":"https:\/\/infolanus.com\/index.php\/2023\/09\/27\/lanus-fue-sede-del-seminario-iberoamericano-salud-y-trabajo\/","title":{"rendered":"Lan\u00fas fue sede del Seminario Iberoamericano \u201cSalud y Trabajo\u201d"},"content":{"rendered":"<div><img data-recalc-dims=\"1\" decoding=\"async\" src=\"https:\/\/i0.wp.com\/www.inforegion.com.ar\/wp-content\/uploads\/2023\/09\/seminario.jpg?w=640&#038;ssl=1\" class=\"ff-og-image-inserted\"><\/div>\n<p><strong>Se realiz\u00f3 en la Universidad Nacional de Lan\u00fas (<a href=\"https:\/\/twitter.com\/UNLaOficial\">UNLa<\/a>) el V\u00b0 Seminario Iberoamericano de \u201cSalud y Trabajo\u201d<\/strong>, organizado por la Red Iberoamericana de Investigaci\u00f3n y Promoci\u00f3n de Seguridad y Salud Ocupacional (IBERPSOC).<\/p>\n<p>Bajo el t\u00edtulo \u201cEl mundo del trabajo y la salud de las y los trabajadores: desaf\u00edos nuevos y temas pendientes\u201d, <strong>se desarrollaron -lunes y martes- exposiciones y debates<\/strong> sobre \u201cEl mundo del trabajo post-pandemia\u201d, \u201cDesaf\u00edos para los sindicatos\u201d, \u201cRiesgos Psicosociales\u201d, \u201cSistema de Riesgos del Trabajo\u201d, \u201cRecursos Naturales\u201d, \u201cFormaci\u00f3n de Trabajadorxs\u201d, entre otros ejes.<\/p>\n<p>La Red Iberoamericana de Investigaci\u00f3n y promoci\u00f3n de la Seguridad y Salud Ocupacional (IBERPSOC), se propuso generar \u201c<strong>un espacio donde lxs compa\u00f1erxs de los diferentes pa\u00edses compartieran experiencias, para pensar estrategias colectivas de intervenci\u00f3n en pos de&nbsp; mejorar las condiciones de trabajo y de vida<\/strong>, teniendo como eje la participaci\u00f3n de lxs trabajadorxs en la prevenci\u00f3n y promoci\u00f3n de la salud\u201d.<\/p>\n<p>La actividad fue co-coordinada por el Espacio Intersindical de Salud, Trabajo y Participaci\u00f3n de los trabajadores, a cargo de la compa\u00f1era Lilian Capone, y cont\u00f3 con la participaci\u00f3n de <strong>acad\u00e9micos, pol\u00edticos, dirigentes gremiales, delegados sindicales y trabajadoros de base de Argentina, Brasil, Chile, Colombia, Ecuador, Espa\u00f1a, Nicaragua, Per\u00fa y Uruguay.<\/strong><\/p>\n<p>Por parte de ATE integr\u00f3 la mesa sindical Orestes \u201cBeto\u201d Galeano, director del Instituto de Salud y Seguridad de Lxs Trabajadorxs de ATE (ISSTATE), quien plante\u00f3 algunos aspectos de la realidad estatal en torno a Salud y Seguridad, en especial sobre la cobertura del Sistema de Riesgos del Trabajo, mencionando que varios estados provinciales y municipales no cuentan con la cobertura legal correspondiente para las personas que trabajan a su cargo. \u201cLos trabajadores debemos formarnos para luchar colectivamente por nuestros derechos, para mejorar nuestras condiciones de trabajo. Tenemos que convertirnos en los militantes que queremos ser, para convencer a otros\u201d, manifest\u00f3.<\/p>\n<p>Trabajadores del Departamento de Salud Laboral de ATE Mar del Plata participaron en el Taller sobre \u201cRiesgos psico-sociales\u201d, exponiendo su experiencia en el desarrollo del Documental \u201cTrabajadores del Estado en tiempos de pandemia\u201d.<\/p>\n<p>Por ATE y CTA Aut\u00f3noma participaron Marcelo Fiscina, secretario de Salud Laboral de CTAA Capital; Norma M\u00e1rquez, secretaria electa de Salud y Seguridad Laboral del CDP provincia de Buenos Aires; Claudia Rey, secretaria General Adjunta de ATE Mar del Plata; dirigentes y trabajadores del ISSTATE, Salud Laboral de ATE bonaerense, Mar del Plata, San Fernando, Berazategui y del Hospital Aeron\u00e1utico Central.<\/p>\n","protected":false},"excerpt":{"rendered":"<p>Se realiz\u00f3 en la Universidad Nacional de Lan\u00fas (UNLa) el V\u00b0 Seminario Iberoamericano de \u201cSalud y Trabajo\u201d, organizado por la Red Iberoamericana de Investigaci\u00f3n y Promoci\u00f3n de Seguridad y Salud Ocupacional (IBERPSOC). Bajo el t\u00edtulo \u201cEl mundo del trabajo y la salud de las y los trabajadores: desaf\u00edos nuevos y temas pendientes\u201d, se desarrollaron -lunes [&hellip;]<\/p>\n","protected":false},"author":2,"featured_media":5753,"comment_status":"closed","ping_status":"closed","sticky":false,"template":"","format":"standard","meta":{"jetpack_post_was_ever_published":false,"_jetpack_newsletter_access":"","_jetpack_dont_email_post_to_subs":false,"_jetpack_newsletter_tier_id":0,"_jetpack_memberships_contains_paywalled_content":false,"_jetpack_memberships_contains_paid_content":false,"footnotes":"","jetpack_publicize_message":"","jetpack_publicize_feature_enabled":true,"jetpack_social_post_already_shared":true,"jetpack_social_options":{"image_generator_settings":{"template":"highway","enabled":false},"version":2}},"categories":[19],"tags":[1518,773,774,440,881,23,637,1519,1520,414],"class_list":["post-5752","post","type-post","status-publish","format-standard","has-post-thumbnail","hentry","category-municipio","tag-ate","tag-centrales","tag-destacadas","tag-encuentro","tag-gremiales","tag-lanus","tag-salud","tag-seminario-iberoamericano-de-salud-y-trabajo","tag-trabajo","tag-unla"],"jetpack_publicize_connections":[],"jetpack_featured_media_url":"https:\/\/i0.wp.com\/infolanus.com\/wp-content\/uploads\/2023\/09\/lanus-fue-sede-del-seminario-iberoamericano-salud-y-trabajo.jpg?fit=1200%2C675&ssl=1","jetpack_sharing_enabled":true,"jetpack_shortlink":"https:\/\/wp.me\/p9QtMr-1uM","_links":{"self":[{"href":"https:\/\/infolanus.com\/index.php\/wp-json\/wp\/v2\/posts\/5752","targetHints":{"allow":["GET"]}}],"collection":[{"href":"https:\/\/infolanus.com\/index.php\/wp-json\/wp\/v2\/posts"}],"about":[{"href":"https:\/\/infolanus.com\/index.php\/wp-json\/wp\/v2\/types\/post"}],"author":[{"embeddable":true,"href":"https:\/\/infolanus.com\/index.php\/wp-json\/wp\/v2\/users\/2"}],"replies":[{"embeddable":true,"href":"https:\/\/infolanus.com\/index.php\/wp-json\/wp\/v2\/comments?post=5752"}],"version-history":[{"count":0,"href":"https:\/\/infolanus.com\/index.php\/wp-json\/wp\/v2\/posts\/5752\/revisions"}],"wp:featuredmedia":[{"embeddable":true,"href":"https:\/\/infolanus.com\/index.php\/wp-json\/wp\/v2\/media\/5753"}],"wp:attachment":[{"href":"https:\/\/infolanus.com\/index.php\/wp-json\/wp\/v2\/media?parent=5752"}],"wp:term":[{"taxonomy":"category","embeddable":true,"href":"https:\/\/infolanus.com\/index.php\/wp-json\/wp\/v2\/categories?post=5752"},{"taxonomy":"post_tag","embeddable":true,"href":"https:\/\/infolanus.com\/index.php\/wp-json\/wp\/v2\/tags?post=5752"}],"curies":[{"name":"wp","href":"https:\/\/api.w.org\/{rel}","templated":true}]}}