{"id":5765,"date":"2023-09-27T10:04:28","date_gmt":"2023-09-27T13:04:28","guid":{"rendered":"https:\/\/www.inforegion.com.ar\/?p=280797"},"modified":"2023-09-27T10:04:28","modified_gmt":"2023-09-27T13:04:28","slug":"el-viernes-hay-asueto-en-lanus-por-su-aniversario-como-funcionaran-los-servicios","status":"publish","type":"post","link":"https:\/\/infolanus.com\/index.php\/2023\/09\/27\/el-viernes-hay-asueto-en-lanus-por-su-aniversario-como-funcionaran-los-servicios\/","title":{"rendered":"El viernes hay asueto en Lan\u00fas por su aniversario \u00bfC\u00f3mo funcionar\u00e1n los servicios?"},"content":{"rendered":"<div><img data-recalc-dims=\"1\" decoding=\"async\" src=\"https:\/\/i0.wp.com\/www.inforegion.com.ar\/wp-content\/uploads\/2021\/10\/Municipalidad-de-Lanus.jpg?w=640&#038;ssl=1\" class=\"ff-og-image-inserted\"><\/div>\n<p><strong>El Municipio de Lan\u00fas<\/strong> anunci\u00f3 que <strong>habr\u00e1 asueto el pr\u00f3ximo viernes 29 de septiembre<\/strong> por el aniversario 78 de la autonom\u00eda municipal. Ese d\u00eda, los parques estar\u00e1n cerrados, habr\u00e1 guardias m\u00ednimas, algunos servicios no funcionar\u00e1n y otros lo har\u00e1n con normalidad.<\/p>\n<p>La medida fue tomada por el intendente con pedido de licencia, <a href=\"https:\/\/twitter.com\/Nestorgrindetti\">N\u00e9stor Gridetti<\/a>, con motivo del aniversario N\u00ba 78 de la autonom\u00eda municipal. Habr\u00e1 guardias m\u00ednimas. El jefe comunal anunci\u00f3 el asueto para la administraci\u00f3n p\u00fablica local que tiene como objetivo conmemorar el D\u00eda del Partido de Lan\u00fas cuya fecha es el 29 de septiembre.<\/p>\n<p><strong>La medida establece el mantenimiento de guardias m\u00ednimas a los fines de garantizar el funcionamiento de todos los servicios elementales que brinda el Municipio.<\/strong><\/p>\n<p>El partido de Lan\u00fas naci\u00f3 el 29 de septiembre de 1944 cuando fue designado Juan Ram\u00f3n Pi\u00f1eiro en car\u00e1cter de comisionado. Con este hecho, el distrito se emancip\u00f3 del distrito de Avellaneda al cual, pertenec\u00eda bajo la denominaci\u00f3n de \u201c4 de Junio\u201d.<\/p>\n<p><strong>\u00bfC\u00f3mo funcionar\u00e1n los servicios municipales en el asueto?<\/strong><\/p>\n<ul>\n<li>Cementerio \u2013 Abierto de 8 a 17.<\/li>\n<li>Los Parques Municipales se encontrar\u00e1n cerrados.<\/li>\n<li>Las actividades deportivas estar\u00e1n suspendidas.<\/li>\n<li>La recolecci\u00f3n de residuos funcionar\u00e1 con normalidad.<\/li>\n<li>El CAV, la sede de licencias, Casa de la Cultura, MACSur, NIDO jard\u00edn y Chingolo y la ANMaC se encontrar\u00e1n cerrados.<\/li>\n<li>MACU estar\u00e1 abierto de 12 a 20.<\/li>\n<li>El Centro de Monitoreo al igual que Defensa Civil funcionar\u00e1n con normalidad.<\/li>\n<li>Guardias Pasivas funcionar\u00e1n las 24 horas.<\/li>\n<li>Las Guardias m\u00e9dicas que funcionar\u00e1n las 24 horas ser\u00e1n: Luis M\u00e1spero; Dr Nicol\u00e1s Natiello; 1\u00b0 de Mayo; Lan\u00fas Oeste; Miranda Nogreen; Villa Jard\u00edn; General San Mart\u00edn y Dr Francisco Masevicius. <\/li>\n<\/ul>\n","protected":false},"excerpt":{"rendered":"<p>El Municipio de Lan\u00fas anunci\u00f3 que habr\u00e1 asueto el pr\u00f3ximo viernes 29 de septiembre por el aniversario 78 de la autonom\u00eda municipal. Ese d\u00eda, los parques estar\u00e1n cerrados, habr\u00e1 guardias m\u00ednimas, algunos servicios no funcionar\u00e1n y otros lo har\u00e1n con normalidad. La medida fue tomada por el intendente con pedido de licencia, N\u00e9stor Gridetti, con [&hellip;]<\/p>\n","protected":false},"author":2,"featured_media":5766,"comment_status":"closed","ping_status":"closed","sticky":false,"template":"","format":"standard","meta":{"jetpack_post_was_ever_published":false,"_jetpack_newsletter_access":"","_jetpack_dont_email_post_to_subs":false,"_jetpack_newsletter_tier_id":0,"_jetpack_memberships_contains_paywalled_content":false,"_jetpack_memberships_contains_paid_content":false,"footnotes":"","jetpack_publicize_message":"","jetpack_publicize_feature_enabled":true,"jetpack_social_post_already_shared":true,"jetpack_social_options":{"image_generator_settings":{"template":"highway","enabled":false},"version":2}},"categories":[19],"tags":[1523,1521,1524,773,774,23,1525,788],"class_list":["post-5765","post","type-post","status-publish","format-standard","has-post-thumbnail","hentry","category-municipio","tag-administracion-publica","tag-aniversario-de-lanus","tag-asueto","tag-centrales","tag-destacadas","tag-lanus","tag-servicios-municipales","tag-sociedad"],"jetpack_publicize_connections":[],"jetpack_featured_media_url":"https:\/\/i0.wp.com\/infolanus.com\/wp-content\/uploads\/2023\/09\/el-viernes-hay-asueto-en-lanus-por-su-aniversario-como-funcionaran-los-servicios.jpg?fit=1479%2C766&ssl=1","jetpack_sharing_enabled":true,"jetpack_shortlink":"https:\/\/wp.me\/p9QtMr-1uZ","_links":{"self":[{"href":"https:\/\/infolanus.com\/index.php\/wp-json\/wp\/v2\/posts\/5765","targetHints":{"allow":["GET"]}}],"collection":[{"href":"https:\/\/infolanus.com\/index.php\/wp-json\/wp\/v2\/posts"}],"about":[{"href":"https:\/\/infolanus.com\/index.php\/wp-json\/wp\/v2\/types\/post"}],"author":[{"embeddable":true,"href":"https:\/\/infolanus.com\/index.php\/wp-json\/wp\/v2\/users\/2"}],"replies":[{"embeddable":true,"href":"https:\/\/infolanus.com\/index.php\/wp-json\/wp\/v2\/comments?post=5765"}],"version-history":[{"count":0,"href":"https:\/\/infolanus.com\/index.php\/wp-json\/wp\/v2\/posts\/5765\/revisions"}],"wp:featuredmedia":[{"embeddable":true,"href":"https:\/\/infolanus.com\/index.php\/wp-json\/wp\/v2\/media\/5766"}],"wp:attachment":[{"href":"https:\/\/infolanus.com\/index.php\/wp-json\/wp\/v2\/media?parent=5765"}],"wp:term":[{"taxonomy":"category","embeddable":true,"href":"https:\/\/infolanus.com\/index.php\/wp-json\/wp\/v2\/categories?post=5765"},{"taxonomy":"post_tag","embeddable":true,"href":"https:\/\/infolanus.com\/index.php\/wp-json\/wp\/v2\/tags?post=5765"}],"curies":[{"name":"wp","href":"https:\/\/api.w.org\/{rel}","templated":true}]}}