{"id":5786,"date":"2023-10-03T15:36:18","date_gmt":"2023-10-03T18:36:18","guid":{"rendered":"https:\/\/www.inforegion.com.ar\/?p=281574"},"modified":"2023-10-03T15:36:18","modified_gmt":"2023-10-03T18:36:18","slug":"lanus-sera-sede-de-una-nueva-edicion-de-la-feria-de-empleo","status":"publish","type":"post","link":"https:\/\/infolanus.com\/index.php\/2023\/10\/03\/lanus-sera-sede-de-una-nueva-edicion-de-la-feria-de-empleo\/","title":{"rendered":"Lan\u00fas ser\u00e1 sede de una nueva edici\u00f3n de la Feria de Empleo"},"content":{"rendered":"<div><img data-recalc-dims=\"1\" decoding=\"async\" src=\"https:\/\/i0.wp.com\/www.inforegion.com.ar\/wp-content\/uploads\/2023\/10\/1000083028-bY8fE.jpg?w=640&#038;ssl=1\" class=\"ff-og-image-inserted\"><\/div>\n<p>El jueves 4 de octubre llega una nueva edici\u00f3n de la <strong>Feria del Empleo a la localidad de Lan\u00fas.<\/strong> La iniciativa se llevar\u00e1 a cabo en el hall de la municipalidad desde las 10 hasta las 15.<\/p>\n<p>Este evento, tiene el objetivo de agilizar el proceso de b\u00fasqueda laboral a los vecinos del municipio. Contar\u00e1 con m\u00e1s de 40 stands de reconocidas empresas de todos los rubros econ\u00f3micos, en donde los que participen podr\u00e1n dejar su curriculum vitae. <\/p>\n<p>Adem\u00e1s, se brindaran distintas capacitaciones de oficios que se podr\u00e1n acceder de manera gratuita, recibir orientaci\u00f3n laboral y establecer contactos laborales.<\/p>\n<p>Estas jornadas semestrales se realizan desde 2021 en el marco de las medidas implementadas por el Municipio para mejorar los \u00edndices de empleabilidad en el distrito. En esta oportunidad, participar\u00e1n especialistas en recursos humanos y se dictar\u00e1n charlas sobre educaci\u00f3n financiera que estar\u00e1n a cargo del Gobierno de la Ciudad.<\/p>\n","protected":false},"excerpt":{"rendered":"<p>El jueves 4 de octubre llega una nueva edici\u00f3n de la Feria del Empleo a la localidad de Lan\u00fas. La iniciativa se llevar\u00e1 a cabo en el hall de la municipalidad desde las 10 hasta las 15. Este evento, tiene el objetivo de agilizar el proceso de b\u00fasqueda laboral a los vecinos del municipio. Contar\u00e1 [&hellip;]<\/p>\n","protected":false},"author":2,"featured_media":5787,"comment_status":"closed","ping_status":"closed","sticky":false,"template":"","format":"standard","meta":{"jetpack_post_was_ever_published":false,"_jetpack_newsletter_access":"","_jetpack_dont_email_post_to_subs":false,"_jetpack_newsletter_tier_id":0,"_jetpack_memberships_contains_paywalled_content":false,"_jetpack_memberships_contains_paid_content":false,"footnotes":"","jetpack_publicize_message":"","jetpack_publicize_feature_enabled":true,"jetpack_social_post_already_shared":true,"jetpack_social_options":{"image_generator_settings":{"template":"highway","enabled":false},"version":2}},"categories":[19],"tags":[774,838,23,764,788],"class_list":["post-5786","post","type-post","status-publish","format-standard","has-post-thumbnail","hentry","category-municipio","tag-destacadas","tag-feria-de-empleo","tag-lanus","tag-municipio-de-lanus","tag-sociedad"],"jetpack_publicize_connections":[],"jetpack_featured_media_url":"https:\/\/i0.wp.com\/infolanus.com\/wp-content\/uploads\/2023\/10\/lanus-sera-sede-de-una-nueva-edicion-de-la-feria-de-empleo.jpg?fit=1600%2C900&ssl=1","jetpack_sharing_enabled":true,"jetpack_shortlink":"https:\/\/wp.me\/p9QtMr-1vk","_links":{"self":[{"href":"https:\/\/infolanus.com\/index.php\/wp-json\/wp\/v2\/posts\/5786","targetHints":{"allow":["GET"]}}],"collection":[{"href":"https:\/\/infolanus.com\/index.php\/wp-json\/wp\/v2\/posts"}],"about":[{"href":"https:\/\/infolanus.com\/index.php\/wp-json\/wp\/v2\/types\/post"}],"author":[{"embeddable":true,"href":"https:\/\/infolanus.com\/index.php\/wp-json\/wp\/v2\/users\/2"}],"replies":[{"embeddable":true,"href":"https:\/\/infolanus.com\/index.php\/wp-json\/wp\/v2\/comments?post=5786"}],"version-history":[{"count":0,"href":"https:\/\/infolanus.com\/index.php\/wp-json\/wp\/v2\/posts\/5786\/revisions"}],"wp:featuredmedia":[{"embeddable":true,"href":"https:\/\/infolanus.com\/index.php\/wp-json\/wp\/v2\/media\/5787"}],"wp:attachment":[{"href":"https:\/\/infolanus.com\/index.php\/wp-json\/wp\/v2\/media?parent=5786"}],"wp:term":[{"taxonomy":"category","embeddable":true,"href":"https:\/\/infolanus.com\/index.php\/wp-json\/wp\/v2\/categories?post=5786"},{"taxonomy":"post_tag","embeddable":true,"href":"https:\/\/infolanus.com\/index.php\/wp-json\/wp\/v2\/tags?post=5786"}],"curies":[{"name":"wp","href":"https:\/\/api.w.org\/{rel}","templated":true}]}}