{"id":5792,"date":"2023-10-04T14:24:00","date_gmt":"2023-10-04T17:24:00","guid":{"rendered":"http:\/\/infolanus.com\/index.php\/2023\/10\/04\/un-duro-golpe-el-enojo-de-chile-por-quedar-afuera-del-mundial-2030\/"},"modified":"2023-10-04T14:24:00","modified_gmt":"2023-10-04T17:24:00","slug":"un-duro-golpe-el-enojo-de-chile-por-quedar-afuera-del-mundial-2030","status":"publish","type":"post","link":"https:\/\/infolanus.com\/index.php\/2023\/10\/04\/un-duro-golpe-el-enojo-de-chile-por-quedar-afuera-del-mundial-2030\/","title":{"rendered":"Un &#8220;duro golpe&#8221;: el enojo de Chile por quedar afuera del Mundial 2030"},"content":{"rendered":"<div class=\"media_block\"><\/div>\n<p>La decisi\u00f3n de<a target=\"_blank\" href=\"https:\/\/442.perfil.com\/noticias\/futbol\/bombazo-alejandro-dominguez-confirmo-que-el-primer-partido-del-mundial-2030-sera-en-argentina.phtml?_gl=1*1jpvzgp*_ga*MTQzOTk0MzI5MS4xNjkwNTQ0OTE5*_ga_ZVLDWW22SP*MTY5NjQzODQ3NC4yMjQuMS4xNjk2NDM4NTAwLjAuMC4w&amp;_ga=2.120947468.540814374.1696341037-1439943291.1690544919\"> descartar a Chile<\/a> como sede del mundial de f\u00fatbol de 2030 gener\u00f3 enojo en el pa\u00eds trasandino. Desde la Federaci\u00f3n de F\u00fatbol de Chile est\u00e1n esperando conocer los motivos por los cuales la <a target=\"_blank\" href=\"https:\/\/www.perfil.com\/noticias\/deportes\/la-fifa-confirmo-que-el-mundial-2030-se-juega-en-sudamerica-europa-y-africa.phtml\">Conmebol <\/a>los excluy\u00f3.<\/p>\n<p>\u201cDuro golpe\u201d o \u201cLa Conmebol excluye a Chile del Mundial 2030\u201d, como public\u00f3 el diario La Tercera de Chile dimensiona las repercusiones que tuvo la noticia en ese pa\u00eds. Desde el complejo de Quil\u00edn, donde se encuentra el complejo de entrenamiento, estaban esperanzados en formar parte del evento m\u00e1s importante del f\u00fatbol<\/p>\n<p class=\"destacadoNota\"><a target=\"_blank\" href=\"https:\/\/442.perfil.com\/noticias\/futbol\/bombazo-alejandro-dominguez-confirmo-que-el-primer-partido-del-mundial-2030-sera-en-argentina.phtml?_gl=1*1jpvzgp*_ga*MTQzOTk0MzI5MS4xNjkwNTQ0OTE5*_ga_ZVLDWW22SP*MTY5NjQzODQ3NC4yMjQuMS4xNjk2NDM4NTAwLjAuMC4w&amp;_ga=2.120947468.540814374.1696341037-1439943291.1690544919\">La FIFA confirm\u00f3 que el Mundial 2030 se jugar\u00e1 en Argentina, Uruguay, Paraguay, Espa\u00f1a, Portugal y Marruecos<\/a><\/p>\n<p>Alejandro Dom\u00ednguez, presidente de Conmebol que explic\u00f3 el por qu\u00e9: \u201cEn realidad originariamente se hablaba de dos pa\u00edses que eran Uruguay y Argentina. Luego se ampli\u00f3 el Mundial de 32 a 48 equipos y se agreg\u00f3 en ese contexto a Paraguay y luego se agreg\u00f3 a Chile. Es cierto que en esta oportunidad no est\u00e1 Chile lo que no significa que no vamos a trabajar para que Chile est\u00e9 o le encontremos algo de esta talla&#8221;.<\/p>\n<p>Desde la Federaci\u00f3n de F\u00fatbol de Chile confirmaron que ten\u00edan previsto una reuni\u00f3n entre los referentes de las federaciones de los cuatro pa\u00edses que inicialmente compart\u00edan la candidatura, aprovechando la realizaci\u00f3n de los Juegos Panamericanos.<\/p>\n<p class=\"destacadoNota\"><a target=\"_blank\" href=\"https:\/\/www.perfil.com\/noticias\/deportes\/la-fifa-confirmo-que-el-mundial-2030-se-juega-en-sudamerica-europa-y-africa.phtml\">La FIFA confirm\u00f3 que el Mundial 2030 se jugar\u00e1 en Argentina, Uruguay, Paraguay, Espa\u00f1a, Portugal y Marruecos<\/a><\/p>\n<p>Seg\u00fan public\u00f3 La Tercera, en esa cumbre que se realizar\u00eda en La Moneda, estaba comprometida la participaci\u00f3n del presidente Gabriel Boric. El medio trasandino inform\u00f3 que reci\u00e9n en los pr\u00f3ximos minutos intentar\u00e1n conseguir una explicaci\u00f3n oficial respecto de la exclusi\u00f3n, \u201cque no figuraba en los planes de nadie\u201d.<\/p>\n<p>Gabriel Boric y la senadora Fabiola Campillai prefirieron postear sobre los juegos panamericanos y no manifestarse respecto a la exclusi\u00f3n del mundial de f\u00fatbol.<\/p>\n<p><img data-recalc-dims=\"1\" decoding=\"async\" alt=\"chile 2030\" src=\"https:\/\/i0.wp.com\/fotos.perfil.com\/\/2023\/10\/04\/900\/0\/chile-2030-1668013.jpg?w=640&#038;ssl=1\" loading=\"lazy\"><\/p>\n<h2><strong>Mundial itinerante<\/strong><\/h2>\n<p>Por primera vez en su historia, el mundial comenzar\u00e1 en un continente y continuar\u00e1 en otros dos. El partido inaugural tendr\u00e1 su sede en el m\u00edtico estadio Centenario de Uruguay. A continuaci\u00f3n, Argentina y Paraguay disputar\u00e1n como \u201clocal\u201d sus respectivos partidos.<\/p>\n<p>Una vez realizada esas jornadas, el mundial de f\u00fatbol se trasladar\u00e1 a Europa y \u00c1frica, donde Espa\u00f1a, Portugal y Marruecos. Si bien todav\u00eda no est\u00e1 confirmada la sede de la final, desde Espa\u00f1a se ilusionan con que el Camp Nou o el Santiago Bernabeu sean las elegidas.<\/p>\n<p>NT \/ ds<\/p>\n<div class=\"article__tags\">\n<p>En esta Nota<\/p>\n<\/p><\/div>\n","protected":false},"excerpt":{"rendered":"<p>La decisi\u00f3n de descartar a Chile como sede del mundial de f\u00fatbol de 2030 gener\u00f3 enojo en el pa\u00eds trasandino. Desde la Federaci\u00f3n de F\u00fatbol de Chile est\u00e1n esperando conocer los motivos por los cuales la Conmebol los excluy\u00f3. \u201cDuro golpe\u201d o \u201cLa Conmebol excluye a Chile del Mundial 2030\u201d, como public\u00f3 el diario La [&hellip;]<\/p>\n","protected":false},"author":2,"featured_media":5793,"comment_status":"closed","ping_status":"closed","sticky":false,"template":"","format":"standard","meta":{"jetpack_post_was_ever_published":false,"_jetpack_newsletter_access":"","_jetpack_dont_email_post_to_subs":false,"_jetpack_newsletter_tier_id":0,"_jetpack_memberships_contains_paywalled_content":false,"_jetpack_memberships_contains_paid_content":false,"footnotes":"","jetpack_publicize_message":"","jetpack_publicize_feature_enabled":true,"jetpack_social_post_already_shared":true,"jetpack_social_options":{"image_generator_settings":{"template":"highway","enabled":false},"version":2}},"categories":[17],"tags":[],"class_list":["post-5792","post","type-post","status-publish","format-standard","has-post-thumbnail","hentry","category-deportes"],"jetpack_publicize_connections":[],"jetpack_featured_media_url":"https:\/\/i0.wp.com\/infolanus.com\/wp-content\/uploads\/2023\/10\/un-duro-golpe-el-enojo-de-chile-por-quedar-afuera-del-mundial-2030.jpg?fit=900%2C579&ssl=1","jetpack_sharing_enabled":true,"jetpack_shortlink":"https:\/\/wp.me\/p9QtMr-1vq","_links":{"self":[{"href":"https:\/\/infolanus.com\/index.php\/wp-json\/wp\/v2\/posts\/5792","targetHints":{"allow":["GET"]}}],"collection":[{"href":"https:\/\/infolanus.com\/index.php\/wp-json\/wp\/v2\/posts"}],"about":[{"href":"https:\/\/infolanus.com\/index.php\/wp-json\/wp\/v2\/types\/post"}],"author":[{"embeddable":true,"href":"https:\/\/infolanus.com\/index.php\/wp-json\/wp\/v2\/users\/2"}],"replies":[{"embeddable":true,"href":"https:\/\/infolanus.com\/index.php\/wp-json\/wp\/v2\/comments?post=5792"}],"version-history":[{"count":0,"href":"https:\/\/infolanus.com\/index.php\/wp-json\/wp\/v2\/posts\/5792\/revisions"}],"wp:featuredmedia":[{"embeddable":true,"href":"https:\/\/infolanus.com\/index.php\/wp-json\/wp\/v2\/media\/5793"}],"wp:attachment":[{"href":"https:\/\/infolanus.com\/index.php\/wp-json\/wp\/v2\/media?parent=5792"}],"wp:term":[{"taxonomy":"category","embeddable":true,"href":"https:\/\/infolanus.com\/index.php\/wp-json\/wp\/v2\/categories?post=5792"},{"taxonomy":"post_tag","embeddable":true,"href":"https:\/\/infolanus.com\/index.php\/wp-json\/wp\/v2\/tags?post=5792"}],"curies":[{"name":"wp","href":"https:\/\/api.w.org\/{rel}","templated":true}]}}