{"id":5858,"date":"2023-10-13T19:06:31","date_gmt":"2023-10-13T22:06:31","guid":{"rendered":"https:\/\/www.inforegion.com.ar\/?p=282944"},"modified":"2023-10-13T19:06:31","modified_gmt":"2023-10-13T22:06:31","slug":"llega-la-fiesta-patronal-de-lanus-santa-teresa","status":"publish","type":"post","link":"https:\/\/infolanus.com\/index.php\/2023\/10\/13\/llega-la-fiesta-patronal-de-lanus-santa-teresa\/","title":{"rendered":"Llega la fiesta patronal de Lan\u00fas: Santa Teresa"},"content":{"rendered":"<p>La di\u00f3cesis de Avellaneda-Lan\u00fas se prepara para vivir su <strong>segunda fiesta patronal <\/strong>en la que rinde homensaje a Santa Teresa de Jes\u00fas.<\/p>\n<p><strong>\u201cCon Santa Teresa, Comunidades en Camino\u201d<\/strong> ser\u00e1 el lema de esta celebraci\u00f3n que tendr\u00e1 su fiesta central el lunes <strong>16 de octubre en Lan\u00fas Oeste.<\/strong><\/p>\n<h2 class=\"wp-block-heading\">Las actividades de la fiesta de Santa Teresa<\/h2>\n<ul>\n<li>17: Encuentro y alabanza en la capilla Santa Teresa de Jes\u00fas, Dr. Melo y Lavallol, Lan\u00fas Oeste<\/li>\n<li>18: Procesi\u00f3n y testimonio por las calles de Lan\u00fas donde ir\u00e1n desde Santa Teresa hasta San Judas Tadeo.<\/li>\n<li>Al terminar la procesi\u00f3n: celebraci\u00f3n de la Misa con el Padre Obispo Marcelo Maxi Margni en la Parroquia San Judas Tadeo, 2 de mayo 2938, Lan\u00fas Oeste.<\/li>\n<\/ul>\n<figure class=\"wp-block-image size-large is-style-default\"><img data-recalc-dims=\"1\" loading=\"lazy\" decoding=\"async\" width=\"640\" height=\"358\" src=\"https:\/\/i0.wp.com\/www.inforegion.com.ar\/wp-content\/uploads\/2023\/10\/Santa-Teresa-1024x573.jpg?resize=640%2C358&#038;ssl=1\" alt class=\"wp-image-282946 lazyload\" data-sizes=\"auto\" data-eio-rwidth=\"1024\" data-eio-rheight=\"573\" srcset=\"https:\/\/www.inforegion.com.ar\/wp-content\/uploads\/2023\/10\/Santa-Teresa-1024x573.jpg 1024w, https:\/\/www.inforegion.com.ar\/wp-content\/uploads\/2023\/10\/Santa-Teresa-300x168.jpg 300w, https:\/\/www.inforegion.com.ar\/wp-content\/uploads\/2023\/10\/Santa-Teresa-768x430.jpg 768w, https:\/\/www.inforegion.com.ar\/wp-content\/uploads\/2023\/10\/Santa-Teresa-320x179.jpg 320w, https:\/\/www.inforegion.com.ar\/wp-content\/uploads\/2023\/10\/Santa-Teresa-480x269.jpg 480w, https:\/\/www.inforegion.com.ar\/wp-content\/uploads\/2023\/10\/Santa-Teresa-800x448.jpg 800w, https:\/\/www.inforegion.com.ar\/wp-content\/uploads\/2023\/10\/Santa-Teresa-150x83.jpg 150w, https:\/\/www.inforegion.com.ar\/wp-content\/uploads\/2023\/10\/Santa-Teresa-335x188.jpg 335w, https:\/\/www.inforegion.com.ar\/wp-content\/uploads\/2023\/10\/Santa-Teresa-225x125.jpg 225w, https:\/\/www.inforegion.com.ar\/wp-content\/uploads\/2023\/10\/Santa-Teresa.jpg 1200w\"><noscript><img data-recalc-dims=\"1\" loading=\"lazy\" decoding=\"async\" width=\"640\" height=\"358\" src=\"https:\/\/i0.wp.com\/www.inforegion.com.ar\/wp-content\/uploads\/2023\/10\/Santa-Teresa-1024x573.jpg?resize=640%2C358&#038;ssl=1\" alt class=\"wp-image-282946\" srcset=\"https:\/\/www.inforegion.com.ar\/wp-content\/uploads\/2023\/10\/Santa-Teresa-1024x573.jpg 1024w, https:\/\/www.inforegion.com.ar\/wp-content\/uploads\/2023\/10\/Santa-Teresa-300x168.jpg 300w, https:\/\/www.inforegion.com.ar\/wp-content\/uploads\/2023\/10\/Santa-Teresa-768x430.jpg 768w, https:\/\/www.inforegion.com.ar\/wp-content\/uploads\/2023\/10\/Santa-Teresa-320x179.jpg 320w, https:\/\/www.inforegion.com.ar\/wp-content\/uploads\/2023\/10\/Santa-Teresa-480x269.jpg 480w, https:\/\/www.inforegion.com.ar\/wp-content\/uploads\/2023\/10\/Santa-Teresa-800x448.jpg 800w, https:\/\/www.inforegion.com.ar\/wp-content\/uploads\/2023\/10\/Santa-Teresa-150x83.jpg 150w, https:\/\/www.inforegion.com.ar\/wp-content\/uploads\/2023\/10\/Santa-Teresa-335x188.jpg 335w, https:\/\/www.inforegion.com.ar\/wp-content\/uploads\/2023\/10\/Santa-Teresa-225x125.jpg 225w, https:\/\/www.inforegion.com.ar\/wp-content\/uploads\/2023\/10\/Santa-Teresa.jpg 1200w\" sizes=\"auto, (max-width: 1024px) 100vw, 1024px\" data-eio=\"l\"><\/noscript><\/figure>\n<h2 class=\"wp-block-heading\">Qui\u00e9n fue Santa Teresa de Jes\u00fas<\/h2>\n<p>Santa Teresa de Jes\u00fas fue <strong>una religiosa espa\u00f1ola nacida en Gotarrendura, antiguo nombre de \u00c1vila el \u200b 28 de marzo de 1515<\/strong> y que falleci\u00f3 en Alba de Tormes, en una fecha que se disputa entre el 4 y el 15 de octubre de 1582.<\/p>\n<p>Fundadora de la orden de Carmelitas Descalzos, integr\u00f3 la corriente m\u00edstica y <strong>fue una prol\u00edfica escritora e intelectual.<\/strong><\/p>\n<p>Tambi\u00e9n conocida como santa Teresa de \u00c1vila, su nombre secular fue Teresa S\u00e1nchez de Cepeda D\u00e1vila y Ahumada. Fue beatificada en 1614, canonizada en 1622 y <strong>proclamada doctora de la Iglesia cat\u00f3lica en 1970 durante el pontificado de Pablo VI.<\/strong><\/p>\n<p>Junto con san Juan de la Cruz, se la considera la <strong>cumbre de la m\u00edstica experimental cristiana<\/strong>\u200b y una de las grandes maestras de la vida espiritual de la Iglesia.<\/p>\n<h2 class=\"wp-block-heading\">Santa Teresa y Lan\u00fas<\/h2>\n<p>El culto a Santa Teresa en Lan\u00fas, <strong>tiene su origen en torno a un oratorio familiar, <\/strong>que seg\u00fan los antiguos vecinos afirman, fue bendecido el 15 de octubre de 1860. <\/p>\n<div class=\"wp-block-image is-style-default\">\n<figure class=\"alignleft size-full\"><img data-recalc-dims=\"1\" loading=\"lazy\" decoding=\"async\" width=\"314\" height=\"320\" src=\"https:\/\/i0.wp.com\/www.inforegion.com.ar\/wp-content\/uploads\/2023\/10\/image.png?resize=314%2C320&#038;ssl=1\" alt class=\"wp-image-282947 lazyload\" data-sizes=\"auto\" data-eio-rwidth=\"314\" data-eio-rheight=\"320\" srcset=\"https:\/\/www.inforegion.com.ar\/wp-content\/uploads\/2023\/10\/image.png 314w, https:\/\/www.inforegion.com.ar\/wp-content\/uploads\/2023\/10\/image-294x300.png 294w, https:\/\/www.inforegion.com.ar\/wp-content\/uploads\/2023\/10\/image-70x70.png 70w\"><noscript><img data-recalc-dims=\"1\" loading=\"lazy\" decoding=\"async\" width=\"314\" height=\"320\" src=\"https:\/\/i0.wp.com\/www.inforegion.com.ar\/wp-content\/uploads\/2023\/10\/image.png?resize=314%2C320&#038;ssl=1\" alt class=\"wp-image-282947\" srcset=\"https:\/\/www.inforegion.com.ar\/wp-content\/uploads\/2023\/10\/image.png 314w, https:\/\/www.inforegion.com.ar\/wp-content\/uploads\/2023\/10\/image-294x300.png 294w, https:\/\/www.inforegion.com.ar\/wp-content\/uploads\/2023\/10\/image-70x70.png 70w\" sizes=\"auto, (max-width: 314px) 100vw, 314px\" data-eio=\"l\"><\/noscript><\/figure>\n<\/div>\n<p><strong>Anacarsis Lan\u00fas se estableci\u00f3 en la zona del actual partido que lleva su nombre hacia 1854,<\/strong> y adquiri\u00f3 tierras en el actual coraz\u00f3n del distrito. <\/p>\n<p>La familia <strong>Lan\u00fas construyo en su propiedad hacia 1870 y en coincidencia con el matrimonio de su hijo mayor, una capilla en honor a Santa Teresa de Jes\u00fas<\/strong>, en memoria de la madre del fundador, Teresa Fern\u00e1ndez de Castro de Lan\u00fas. Constu\u00edda en estilo neorom\u00e1nico ma\u00f1ana partir\u00e1 desde all\u00ed la procesi\u00f3n.<\/p>\n<p>Al constituirse la di\u00f3cesis de Avellaneda-Lan\u00fas, y por pedido del obispo diocesano Rub\u00e9n Oscar Frassia, <strong>Juan Pablo II, a trav\u00e9s de la Congregaci\u00f3n de Culto Divino y Disciplina de los Sacramentos, concedi\u00f3 a Santa Teresa de Jes\u00fas, Virgen y Doctora de la Iglesia, el t\u00edtulo de Patrona Secundaria diocesana <\/strong>lo que fue decretado el 9 de marzo de 2002, a causa de que \u201crecibe desde antiguo por los fieles de Lan\u00fas, de de toda la di\u00f3cesis hoy, un <strong>devoto y asiduo culto que mantiene <\/strong>hasta el presente\u201d\u00bb<\/p>\n","protected":false},"excerpt":{"rendered":"<p>La di\u00f3cesis de Avellaneda-Lan\u00fas se prepara para vivir su segunda fiesta patronal en la que rinde homensaje a Santa Teresa de Jes\u00fas. \u201cCon Santa Teresa, Comunidades en Camino\u201d ser\u00e1 el lema de esta celebraci\u00f3n que tendr\u00e1 su fiesta central el lunes 16 de octubre en Lan\u00fas Oeste. Las actividades de la fiesta de Santa Teresa [&hellip;]<\/p>\n","protected":false},"author":2,"featured_media":5859,"comment_status":"closed","ping_status":"closed","sticky":false,"template":"","format":"standard","meta":{"jetpack_post_was_ever_published":false,"_jetpack_newsletter_access":"","_jetpack_dont_email_post_to_subs":false,"_jetpack_newsletter_tier_id":0,"_jetpack_memberships_contains_paywalled_content":false,"_jetpack_memberships_contains_paid_content":false,"footnotes":"","jetpack_publicize_message":"","jetpack_publicize_feature_enabled":true,"jetpack_social_post_already_shared":true,"jetpack_social_options":{"image_generator_settings":{"template":"highway","enabled":false},"version":2}},"categories":[19],"tags":[801,773,774,1537,1127,23,1538,788],"class_list":["post-5858","post","type-post","status-publish","format-standard","has-post-thumbnail","hentry","category-municipio","tag-avellaneda","tag-centrales","tag-destacadas","tag-diocesis-avellaneda-lanus","tag-fiestas-patronales","tag-lanus","tag-santa-teresa-de-jesus","tag-sociedad"],"jetpack_publicize_connections":[],"jetpack_featured_media_url":"https:\/\/i0.wp.com\/infolanus.com\/wp-content\/uploads\/2023\/10\/llega-la-fiesta-patronal-de-lanus-santa-teresa.jpg?fit=1024%2C573&ssl=1","jetpack_sharing_enabled":true,"jetpack_shortlink":"https:\/\/wp.me\/p9QtMr-1wu","_links":{"self":[{"href":"https:\/\/infolanus.com\/index.php\/wp-json\/wp\/v2\/posts\/5858","targetHints":{"allow":["GET"]}}],"collection":[{"href":"https:\/\/infolanus.com\/index.php\/wp-json\/wp\/v2\/posts"}],"about":[{"href":"https:\/\/infolanus.com\/index.php\/wp-json\/wp\/v2\/types\/post"}],"author":[{"embeddable":true,"href":"https:\/\/infolanus.com\/index.php\/wp-json\/wp\/v2\/users\/2"}],"replies":[{"embeddable":true,"href":"https:\/\/infolanus.com\/index.php\/wp-json\/wp\/v2\/comments?post=5858"}],"version-history":[{"count":0,"href":"https:\/\/infolanus.com\/index.php\/wp-json\/wp\/v2\/posts\/5858\/revisions"}],"wp:featuredmedia":[{"embeddable":true,"href":"https:\/\/infolanus.com\/index.php\/wp-json\/wp\/v2\/media\/5859"}],"wp:attachment":[{"href":"https:\/\/infolanus.com\/index.php\/wp-json\/wp\/v2\/media?parent=5858"}],"wp:term":[{"taxonomy":"category","embeddable":true,"href":"https:\/\/infolanus.com\/index.php\/wp-json\/wp\/v2\/categories?post=5858"},{"taxonomy":"post_tag","embeddable":true,"href":"https:\/\/infolanus.com\/index.php\/wp-json\/wp\/v2\/tags?post=5858"}],"curies":[{"name":"wp","href":"https:\/\/api.w.org\/{rel}","templated":true}]}}