{"id":5867,"date":"2023-10-14T20:19:00","date_gmt":"2023-10-14T23:19:00","guid":{"rendered":"https:\/\/www.ambito.com\/uruguay\/llegaron-madrid-los-primeros-os-repatriados-israel-n5846288"},"modified":"2023-10-14T20:19:00","modified_gmt":"2023-10-14T23:19:00","slug":"llegaron-a-madrid-los-primeros-uruguayos-repatriados-desde-israel","status":"publish","type":"post","link":"https:\/\/infolanus.com\/index.php\/2023\/10\/14\/llegaron-a-madrid-los-primeros-uruguayos-repatriados-desde-israel\/","title":{"rendered":"Llegaron a Madrid los primeros uruguayos repatriados desde Israel"},"content":{"rendered":"<div><img data-recalc-dims=\"1\" decoding=\"async\" src=\"https:\/\/i0.wp.com\/media.ambito.com\/p\/f29fba44ef5ced9f71b8bb042198b40a\/adjuntos\/351\/imagenes\/041\/044\/0041044673\/1200x675\/smart\/avion-hercules-uruguay-israel-hamasjpg.jpg?w=640&#038;ssl=1\" class=\"ff-og-image-inserted\"><\/div>\n<div id>\n<p>Lleg\u00f3 a <strong>Madrid <\/strong>el avi\u00f3n <strong>H\u00e9rcules <\/strong>que <a href=\"https:\/\/www.ambito.com\/uruguay\/los-primeros-os-repatriados-ya-estan-regresando-el-hercules-n5846096\" target=\"_blank\" rel=\"follow noopener\">transport\u00f3 a 80 <strong>uruguayos <\/strong><\/a> que pidieron ser repatriados desde <strong>Tel Aviv, Israel, <\/strong>en el marco de la <strong>guerra <\/strong>que atraviesa ese pa\u00eds con <strong>Hamas,<\/strong> que ya lleva una semana y amenaza con extenderse ne el tiempo.<\/p>\n<\/div>\n<div id>\n<p>El ministro de <strong>Defensa Nacional, Javier Garc\u00eda, <\/strong>confirm\u00f3 la llegada y resalt\u00f3: \u201cMisi\u00f3n cumplida. acaba de aterrizar el <strong>FAU <\/strong>594 H\u00e9rcules en la base a\u00e9rea de Torrej\u00f3n en <strong>Madrid\u201d. <\/strong>El jerarca felicit\u00f3 desde sus redes sociales a la tripulaci\u00f3n y expres\u00f3 su \u201cenorme alegr\u00eda de que <a href=\"https:\/\/www.ambito.com\/uruguay\/todo-el-mundo-corria-desesperado-y-corrimos-ellos-relato-uno-los-dos-os-evacuados-israel-n5842768\" target=\"_blank\" rel=\"follow noopener\"> nuestros compatriotas est\u00e9n retornando <\/a>a casa\u201d.<\/p>\n<\/div>\n<div id>\n<p> El viaje, que dur\u00f3 unas 7 horas, se dio gracias a un operativo coordinado en conjunto del <strong>Ministerio de Defensa <\/strong>y del <strong>Ministerio de Relaciones Exteriores. <\/strong>El avi\u00f3n traslad\u00f3 a 80 personas de alrededor de 250 que solicitaron ser evacuadas, en medio del conflicto b\u00e9lico en <strong>Medio Oriente.<\/strong><\/p>\n<\/p><\/div>\n<div id>\n<p> Los uruguayos tuvieron tiempo hasta ayer para inscribirse por medio de un formulario que dispuso <strong>Canciller\u00eda, <\/strong>en medio de la guerra que se desat\u00f3 tras el ataque de Hamas y la respuesta de Israel sobre la <strong>Franja de Gaza.<\/strong><\/p>\n<\/p><\/div>\n<div id>\n<div contenteditable=\"false\" class=\"embed_cont type_freetext\" rel=\"freetext\" id=\"embed3487_wrap\" data-provider=\"twitter\" readability=\"26.627586206897\">\n<p>https:\/\/publish.twitter.com\/oembed?url=https%3A%2F%2Ftwitter.com%2FMDN_Uruguay%2Fstatus%2F1713325449915293984&amp;partner=&amp;hide_thread=false<span onclick=\"parent.parent.TinyMCETdcuerpo.preview_embed('embed3487')\" class=\"embed_colapse less\" id=\"embed3487_colapse\"><\/span><span onclick=\"parent.parent.TinyMCETdcuerpo.delete_embed('embed3487')\" class=\"embed_delete less\" id=\"embed3487_delete\"><\/span><\/p>\n<\/p><\/div>\n<h2>Se espera un segundo vuelo para este lunes<\/h2>\n<p>En conferencia de prensa, el ministro <strong>Garc\u00eda <\/strong>anticip\u00f3 que est\u00e1 previsto \u201cun segundo puente a\u00e9reo para el lunes\u201d para <a href=\"https:\/\/www.ambito.com\/uruguay\/confirman-que-hay-os-evacuados-raiz-la-guerra-israel-y-gaza-n5840865\" target=\"_blank\" rel=\"follow noopener\">repatriar a m\u00e1s ciudadanos<\/a> y admiti\u00f3 que eso depender\u00e1 de las autorizaciones, aunque aclar\u00f3 que \u201cla mayor\u00eda ya est\u00e1n otorgadas\u201d. Seg\u00fan trascendi\u00f3, por la cantidad de inscriptos, podr\u00eda haber un tercer viaje.<\/p>\n<p>\u201cEstamos muy felices porque acaba de aterrizar el primer vuelo de repatriaci\u00f3n de 80 compatriotas, la mayor\u00eda muy j\u00f3venes\u201d, valor\u00f3 el jerarca y destac\u00f3 que las familias \u201ccomienzan su retorno a casa en perfectas condiciones, sanos y salvos\u201d, en referencia a la traves\u00eda que sigue para los <strong>uruguayos, <\/strong>ahora en vuelos comerciales.<\/p>\n<p>Adem\u00e1s, el ministro felicit\u00f3 a la <strong>Fuerza A\u00e9rea Uruguaya <\/strong>(FAA). \u201cEn 12 horas planific\u00f3, coordin\u00f3 y ejecut\u00f3 la misi\u00f3n que fue un \u00e9xito, acortando incluso los plazos previstos\u201d, destac\u00f3, mientras agradeci\u00f3 a los miembros de la tripulaci\u00f3n y expres\u00f3: \u201cEs un gran orgullo nacional tener profesionales como los que tenemos, para cumplir esta misi\u00f3n en una situaci\u00f3n extremadamente dif\u00edcil\u201d.<\/p>\n<h2>El primer vuelo le dio prioridad a los no residentes<\/h2>\n<p>Finalmente, el canciller <strong>Francisco Bustillo, <\/strong>precis\u00f3 que en el primer viaje se prioriz\u00f3 a los uruguayos no residentes en <strong>Israel, <\/strong>que \u201cestaban de paseo o de visita\u201d y quedaron atrapados en el conflicto b\u00e9lico.<\/p>\n<p>\u201cLuego vamos a seguir con residentes que quieren partir de regreso a <strong>Uruguay\u201d, <\/strong>indic\u00f3 <strong>Bustillo, <\/strong>quien habl\u00f3 de \u201cuna peque\u00f1a gran alegr\u00eda entre tanta desaz\u00f3n y dolor que estamos viviendo en estos d\u00edas\u201d.<\/p>\n<\/div>\n","protected":false},"excerpt":{"rendered":"<p>Lleg\u00f3 a Madrid el avi\u00f3n H\u00e9rcules que transport\u00f3 a 80 uruguayos que pidieron ser repatriados desde Tel Aviv, Israel, en el marco de la guerra que atraviesa ese pa\u00eds con Hamas, que ya lleva una semana y amenaza con extenderse ne el tiempo. El ministro de Defensa Nacional, Javier Garc\u00eda, confirm\u00f3 la llegada y resalt\u00f3: [&hellip;]<\/p>\n","protected":false},"author":2,"featured_media":5868,"comment_status":"closed","ping_status":"closed","sticky":false,"template":"","format":"standard","meta":{"jetpack_post_was_ever_published":false,"_jetpack_newsletter_access":"","_jetpack_dont_email_post_to_subs":false,"_jetpack_newsletter_tier_id":0,"_jetpack_memberships_contains_paywalled_content":false,"_jetpack_memberships_contains_paid_content":false,"footnotes":"","jetpack_publicize_message":"","jetpack_publicize_feature_enabled":true,"jetpack_social_post_already_shared":true,"jetpack_social_options":{"image_generator_settings":{"template":"highway","enabled":false},"version":2}},"categories":[20],"tags":[1286],"class_list":["post-5867","post","type-post","status-publish","format-standard","has-post-thumbnail","hentry","category-mundo","tag-mundo"],"jetpack_publicize_connections":[],"jetpack_featured_media_url":"https:\/\/i0.wp.com\/infolanus.com\/wp-content\/uploads\/2023\/10\/llegaron-a-madrid-los-primeros-uruguayos-repatriados-desde-israel.jpg?fit=1200%2C675&ssl=1","jetpack_sharing_enabled":true,"jetpack_shortlink":"https:\/\/wp.me\/p9QtMr-1wD","_links":{"self":[{"href":"https:\/\/infolanus.com\/index.php\/wp-json\/wp\/v2\/posts\/5867","targetHints":{"allow":["GET"]}}],"collection":[{"href":"https:\/\/infolanus.com\/index.php\/wp-json\/wp\/v2\/posts"}],"about":[{"href":"https:\/\/infolanus.com\/index.php\/wp-json\/wp\/v2\/types\/post"}],"author":[{"embeddable":true,"href":"https:\/\/infolanus.com\/index.php\/wp-json\/wp\/v2\/users\/2"}],"replies":[{"embeddable":true,"href":"https:\/\/infolanus.com\/index.php\/wp-json\/wp\/v2\/comments?post=5867"}],"version-history":[{"count":0,"href":"https:\/\/infolanus.com\/index.php\/wp-json\/wp\/v2\/posts\/5867\/revisions"}],"wp:featuredmedia":[{"embeddable":true,"href":"https:\/\/infolanus.com\/index.php\/wp-json\/wp\/v2\/media\/5868"}],"wp:attachment":[{"href":"https:\/\/infolanus.com\/index.php\/wp-json\/wp\/v2\/media?parent=5867"}],"wp:term":[{"taxonomy":"category","embeddable":true,"href":"https:\/\/infolanus.com\/index.php\/wp-json\/wp\/v2\/categories?post=5867"},{"taxonomy":"post_tag","embeddable":true,"href":"https:\/\/infolanus.com\/index.php\/wp-json\/wp\/v2\/tags?post=5867"}],"curies":[{"name":"wp","href":"https:\/\/api.w.org\/{rel}","templated":true}]}}