{"id":5893,"date":"2023-10-18T22:40:44","date_gmt":"2023-10-19T01:40:44","guid":{"rendered":"http:\/\/infolanus.com\/index.php\/2023\/10\/18\/el-sentido-posteo-de-messi-para-neymar-tras-haberse-lesionado\/"},"modified":"2023-10-18T22:40:44","modified_gmt":"2023-10-19T01:40:44","slug":"el-sentido-posteo-de-messi-para-neymar-tras-haberse-lesionado","status":"publish","type":"post","link":"https:\/\/infolanus.com\/index.php\/2023\/10\/18\/el-sentido-posteo-de-messi-para-neymar-tras-haberse-lesionado\/","title":{"rendered":"El sentido posteo de Messi para Neymar tras haberse lesionado"},"content":{"rendered":"<div class=\"media_block\"><\/div>\n<div><img data-recalc-dims=\"1\" decoding=\"async\" src=\"https:\/\/i0.wp.com\/fotos.perfil.com\/2023\/10\/18\/trim\/1140\/641\/messi-1678089.jpg?w=640&#038;ssl=1\" class=\"ff-og-image-inserted\"><\/div>\n<p>Durante la jornada de este mi\u00e9rcoles 18 de octubre, <a href=\"https:\/\/442.perfil.com\/noticias\/futbol\/la-insolita-respuesta-de-hinchas-peruanos-sobre-el-partido-contra-argentina-somos-de-messi.phtml\">Lionel Messi <\/a>capit\u00e1n de la <strong>Selecci\u00f3n Argentina,<\/strong> comparti\u00f3 una historia de Instagram en la que apareci\u00f3 junto a <a href=\"https:\/\/442.perfil.com\/noticias\/futbol\/la-contundente-revelacion-de-neymar-con-messi-vivimos-un-infierno-en-paris.phtml\">Neymar<\/a><strong>.<\/strong> Este posteo lo realiz\u00f3 en muestra de apoyo tras la lesi\u00f3n que sufri\u00f3 el futbolista brasilero durante el encuentro ante <strong>Uruguay.<\/strong><\/p>\n<p>La inesperada lesi\u00f3n se produjo luego de un choque entre el jugador del<strong> Al-Hilal<\/strong> y <strong>Nicolas De La Cruz<\/strong>, quien lo desestabiliz\u00f3.&nbsp; Este hecho gener\u00f3 un aterrizaje forzado con la punta del pie hacia afuera, acompa\u00f1ado por una rotaci\u00f3n en la tibia que concluy\u00f3 con la rotura del ligamento.<\/p>\n<p><strong>&#8220;Mucha fuerza @neymarjr!&#8221;<\/strong>, fue el mensaje del campe\u00f3n del mundo luego de haberse confirmado el grado de la lesi\u00f3n de su ex compa\u00f1ero en el<strong> Barcelona.<\/strong><\/p>\n<p>M\u00e1s temprano, la&nbsp;<strong>Confederaci\u00f3n Brasile\u00f1a de F\u00fatbol <\/strong>por medio de un comunicado, entreg\u00f3 el resultado de la lesi\u00f3n que sufrio que&nbsp;Neymar Jr. durante el cruce por las <strong>Eliminatorias al Mundial del 2026.<\/strong><\/p>\n<p>Por el momento, el volante ofensivo tendr\u00e1 que someterse a una intervenci\u00f3n con fecha a definir. D\u00edas m\u00e1s tarde realizar\u00e1 un proceso de rehabilitaci\u00f3n de al menos seis meses. Por lo que se estima que se retorno ser\u00eda en los pr\u00f3ximos ocho meses.<\/p>\n<p>GM<\/p>\n","protected":false},"excerpt":{"rendered":"<p>Durante la jornada de este mi\u00e9rcoles 18 de octubre, Lionel Messi capit\u00e1n de la Selecci\u00f3n Argentina, comparti\u00f3 una historia de Instagram en la que apareci\u00f3 junto a Neymar. Este posteo lo realiz\u00f3 en muestra de apoyo tras la lesi\u00f3n que sufri\u00f3 el futbolista brasilero durante el encuentro ante Uruguay. La inesperada lesi\u00f3n se produjo luego [&hellip;]<\/p>\n","protected":false},"author":2,"featured_media":5894,"comment_status":"closed","ping_status":"closed","sticky":false,"template":"","format":"standard","meta":{"jetpack_post_was_ever_published":false,"_jetpack_newsletter_access":"","_jetpack_dont_email_post_to_subs":false,"_jetpack_newsletter_tier_id":0,"_jetpack_memberships_contains_paywalled_content":false,"_jetpack_memberships_contains_paid_content":false,"footnotes":"","jetpack_publicize_message":"","jetpack_publicize_feature_enabled":true,"jetpack_social_post_already_shared":true,"jetpack_social_options":{"image_generator_settings":{"template":"highway","enabled":false},"version":2}},"categories":[17],"tags":[],"class_list":["post-5893","post","type-post","status-publish","format-standard","has-post-thumbnail","hentry","category-deportes"],"jetpack_publicize_connections":[],"jetpack_featured_media_url":"https:\/\/i0.wp.com\/infolanus.com\/wp-content\/uploads\/2023\/10\/el-sentido-posteo-de-messi-para-neymar-tras-haberse-lesionado.jpg?fit=1140%2C641&ssl=1","jetpack_sharing_enabled":true,"jetpack_shortlink":"https:\/\/wp.me\/p9QtMr-1x3","_links":{"self":[{"href":"https:\/\/infolanus.com\/index.php\/wp-json\/wp\/v2\/posts\/5893","targetHints":{"allow":["GET"]}}],"collection":[{"href":"https:\/\/infolanus.com\/index.php\/wp-json\/wp\/v2\/posts"}],"about":[{"href":"https:\/\/infolanus.com\/index.php\/wp-json\/wp\/v2\/types\/post"}],"author":[{"embeddable":true,"href":"https:\/\/infolanus.com\/index.php\/wp-json\/wp\/v2\/users\/2"}],"replies":[{"embeddable":true,"href":"https:\/\/infolanus.com\/index.php\/wp-json\/wp\/v2\/comments?post=5893"}],"version-history":[{"count":0,"href":"https:\/\/infolanus.com\/index.php\/wp-json\/wp\/v2\/posts\/5893\/revisions"}],"wp:featuredmedia":[{"embeddable":true,"href":"https:\/\/infolanus.com\/index.php\/wp-json\/wp\/v2\/media\/5894"}],"wp:attachment":[{"href":"https:\/\/infolanus.com\/index.php\/wp-json\/wp\/v2\/media?parent=5893"}],"wp:term":[{"taxonomy":"category","embeddable":true,"href":"https:\/\/infolanus.com\/index.php\/wp-json\/wp\/v2\/categories?post=5893"},{"taxonomy":"post_tag","embeddable":true,"href":"https:\/\/infolanus.com\/index.php\/wp-json\/wp\/v2\/tags?post=5893"}],"curies":[{"name":"wp","href":"https:\/\/api.w.org\/{rel}","templated":true}]}}