{"id":5895,"date":"2023-10-13T12:22:26","date_gmt":"2023-10-13T15:22:26","guid":{"rendered":"https:\/\/www.inforegion.com.ar\/?p=282911"},"modified":"2023-10-13T12:22:26","modified_gmt":"2023-10-13T15:22:26","slug":"una-nueva-edicion-de-la-noche-de-los-libros-llega-a-lanus-este-fin-de-semana","status":"publish","type":"post","link":"https:\/\/infolanus.com\/index.php\/2023\/10\/13\/una-nueva-edicion-de-la-noche-de-los-libros-llega-a-lanus-este-fin-de-semana\/","title":{"rendered":"Una nueva edici\u00f3n de La Noche de Los Libros llega a Lan\u00fas este fin de semana"},"content":{"rendered":"<p><strong>Una nueva edici\u00f3n de La Noche de Los Libros llega este fin de semana al distrito de Lan\u00fas.<\/strong> El Municipio en conjunto con la Secretar\u00eda de la Cultura <strong>organizar\u00e1n la iniciativa que tendr\u00e1 charlas sobre las diferentes corrientes de la literatura, lecturas de libros, shows musicales y distintas propuestas infantiles.<\/strong><\/p>\n<p><strong>La Noche de Los Libros se desarrollar\u00e1 los d\u00edas s\u00e1bado y domingo desde las 17<\/strong> con entrada libre y gratuita <strong>en el espacio cultural MACU, ubicado en la Avenida 25 de Mayo en Lan\u00fas Oeste.<\/strong><\/p>\n<figure class=\"wp-block-image size-large\"><img data-recalc-dims=\"1\" loading=\"lazy\" decoding=\"async\" width=\"640\" height=\"360\" src=\"https:\/\/i0.wp.com\/www.inforegion.com.ar\/wp-content\/uploads\/2023\/10\/Diseno-sin-titulo-2023-10-13T114643.188-1024x576.jpg?resize=640%2C360&#038;ssl=1\" alt class=\"wp-image-282914 lazyload\" data-sizes=\"auto\" data-eio-rwidth=\"1024\" data-eio-rheight=\"576\" srcset=\"https:\/\/www.inforegion.com.ar\/wp-content\/uploads\/2023\/10\/Diseno-sin-titulo-2023-10-13T114643.188-1024x576.jpg 1024w, https:\/\/www.inforegion.com.ar\/wp-content\/uploads\/2023\/10\/Diseno-sin-titulo-2023-10-13T114643.188-300x169.jpg 300w, https:\/\/www.inforegion.com.ar\/wp-content\/uploads\/2023\/10\/Diseno-sin-titulo-2023-10-13T114643.188-768x432.jpg 768w, https:\/\/www.inforegion.com.ar\/wp-content\/uploads\/2023\/10\/Diseno-sin-titulo-2023-10-13T114643.188-320x180.jpg 320w, https:\/\/www.inforegion.com.ar\/wp-content\/uploads\/2023\/10\/Diseno-sin-titulo-2023-10-13T114643.188-480x270.jpg 480w, https:\/\/www.inforegion.com.ar\/wp-content\/uploads\/2023\/10\/Diseno-sin-titulo-2023-10-13T114643.188-800x450.jpg 800w, https:\/\/www.inforegion.com.ar\/wp-content\/uploads\/2023\/10\/Diseno-sin-titulo-2023-10-13T114643.188-150x83.jpg 150w, https:\/\/www.inforegion.com.ar\/wp-content\/uploads\/2023\/10\/Diseno-sin-titulo-2023-10-13T114643.188-335x188.jpg 335w, https:\/\/www.inforegion.com.ar\/wp-content\/uploads\/2023\/10\/Diseno-sin-titulo-2023-10-13T114643.188-700x394.jpg 700w, https:\/\/www.inforegion.com.ar\/wp-content\/uploads\/2023\/10\/Diseno-sin-titulo-2023-10-13T114643.188-1080x608.jpg 1080w, https:\/\/www.inforegion.com.ar\/wp-content\/uploads\/2023\/10\/Diseno-sin-titulo-2023-10-13T114643.188.jpg 1200w\"><noscript><img data-recalc-dims=\"1\" loading=\"lazy\" decoding=\"async\" width=\"640\" height=\"360\" src=\"https:\/\/i0.wp.com\/www.inforegion.com.ar\/wp-content\/uploads\/2023\/10\/Diseno-sin-titulo-2023-10-13T114643.188-1024x576.jpg?resize=640%2C360&#038;ssl=1\" alt class=\"wp-image-282914\" srcset=\"https:\/\/www.inforegion.com.ar\/wp-content\/uploads\/2023\/10\/Diseno-sin-titulo-2023-10-13T114643.188-1024x576.jpg 1024w, https:\/\/www.inforegion.com.ar\/wp-content\/uploads\/2023\/10\/Diseno-sin-titulo-2023-10-13T114643.188-300x169.jpg 300w, https:\/\/www.inforegion.com.ar\/wp-content\/uploads\/2023\/10\/Diseno-sin-titulo-2023-10-13T114643.188-768x432.jpg 768w, https:\/\/www.inforegion.com.ar\/wp-content\/uploads\/2023\/10\/Diseno-sin-titulo-2023-10-13T114643.188-320x180.jpg 320w, https:\/\/www.inforegion.com.ar\/wp-content\/uploads\/2023\/10\/Diseno-sin-titulo-2023-10-13T114643.188-480x270.jpg 480w, https:\/\/www.inforegion.com.ar\/wp-content\/uploads\/2023\/10\/Diseno-sin-titulo-2023-10-13T114643.188-800x450.jpg 800w, https:\/\/www.inforegion.com.ar\/wp-content\/uploads\/2023\/10\/Diseno-sin-titulo-2023-10-13T114643.188-150x83.jpg 150w, https:\/\/www.inforegion.com.ar\/wp-content\/uploads\/2023\/10\/Diseno-sin-titulo-2023-10-13T114643.188-335x188.jpg 335w, https:\/\/www.inforegion.com.ar\/wp-content\/uploads\/2023\/10\/Diseno-sin-titulo-2023-10-13T114643.188-700x394.jpg 700w, https:\/\/www.inforegion.com.ar\/wp-content\/uploads\/2023\/10\/Diseno-sin-titulo-2023-10-13T114643.188-1080x608.jpg 1080w, https:\/\/www.inforegion.com.ar\/wp-content\/uploads\/2023\/10\/Diseno-sin-titulo-2023-10-13T114643.188.jpg 1200w\" sizes=\"auto, (max-width: 1024px) 100vw, 1024px\" data-eio=\"l\"><\/noscript><\/figure>\n<h2 class=\"wp-block-heading\">El cronograma de actividades ser\u00e1 el siguiente:<\/h2>\n<h3 class=\"wp-block-heading\">S\u00e1bado 14<\/h3>\n<ul>\n<li>\u2022 A las 17 horas: lectura con las autoras Norma Irigoyen y Mirta Rodr\u00edguez.<\/li>\n<li>\u2022 A las 17.30 horas: actividad literaria So\u00f1ar Despierto.<\/li>\n<li>\u2022 A las 18 horas: Mesa de Novela Rom\u00e1ntica Contempor\u00e1nea: Amor en los tiempos modernos, con Andre Lago, Claudia Morales y Luc\u00eda San Mart\u00edn.<\/li>\n<li>\u2022 A las 18.30 horas: Novela Juvenil Rom\u00e1ntica: C\u00f3mo enamorar al lector con Mila Katerynicz, Chiara F. Citterio, Lisandro Urquiza y Mar\u00eda Macarena Rodr\u00edguez Comesa\u00f1a.<\/li>\n<li>\u2022 A las 19.30 horas: charla con Celina Cocimano. Descubriendo tu pasi\u00f3n: El poder de seguir tus sue\u00f1os.<\/li>\n<li>\u2022 A las 20.30 horas: Mesa de Novela Hist\u00f3rica: La vigencia de la Novela Hist\u00f3rica \u2013 El encanto de otros tiempos con Gabriela Romero, Mirta Antelo y Demetrio L\u00f3pez.<\/li>\n<li>\u2022 A las 21 horas: cierre a cargo del grupo musical Reggadores.<\/li>\n<\/ul>\n<h3 class=\"wp-block-heading\">Domingo 15<\/h3>\n<ul>\n<li>\u2022 A las 17 horas: lectura con Gloria Su\u00e1rez: Vivir Esperando.<\/li>\n<li>\u2022 A las 17.30 horas: lectura con Edgardo Sosa Palet: Cuentos de vidas, muertes y despu\u00e9s de la muerte.<\/li>\n<li>\u2022 A las 18 horas: Actividad infantil en Patio: De todo un poco, de coraz\u00f3n a coraz\u00f3n con Alicia Fabiana G\u00f3mez. Tambi\u00e9n habr\u00e1 una charla sobre Literatura Juvenil: \u00bfQu\u00e9 se lee y qu\u00e9 se escribe? con Paulina Maggi y Paula Toro.<\/li>\n<li>\u2022 A las 18.30 horas: charla de la Sociedad Argentina de Escritores Lan\u00fas (SADE).<\/li>\n<li>\u2022 A las 19 horas: Diego Remussi presenta sus libros de leyendas.<\/li>\n<li>\u2022 A las 19.30 horas: Charla con Celina Cocimano. El poder de la mente: C\u00f3mo cambiar tu realidad.<\/li>\n<li>\u2022 A las 20.30 horas: Charla con Lisandro Urquiza y Mariano Rodr\u00edguez sobre Historias de amor escritas por hombres.<\/li>\n<li>\u2022 A las 21 horas: Cierre a cargo de la banda Betelgeuse.<\/li>\n<\/ul>\n","protected":false},"excerpt":{"rendered":"<p>Una nueva edici\u00f3n de La Noche de Los Libros llega este fin de semana al distrito de Lan\u00fas. El Municipio en conjunto con la Secretar\u00eda de la Cultura organizar\u00e1n la iniciativa que tendr\u00e1 charlas sobre las diferentes corrientes de la literatura, lecturas de libros, shows musicales y distintas propuestas infantiles. La Noche de Los Libros [&hellip;]<\/p>\n","protected":false},"author":2,"featured_media":5896,"comment_status":"closed","ping_status":"closed","sticky":false,"template":"","format":"standard","meta":{"jetpack_post_was_ever_published":false,"_jetpack_newsletter_access":"","_jetpack_dont_email_post_to_subs":false,"_jetpack_newsletter_tier_id":0,"_jetpack_memberships_contains_paywalled_content":false,"_jetpack_memberships_contains_paid_content":false,"footnotes":"","jetpack_publicize_message":"","jetpack_publicize_feature_enabled":true,"jetpack_social_post_already_shared":true,"jetpack_social_options":{"image_generator_settings":{"template":"highway","enabled":false},"version":2}},"categories":[19],"tags":[774,23,1543,788],"class_list":["post-5895","post","type-post","status-publish","format-standard","has-post-thumbnail","hentry","category-municipio","tag-destacadas","tag-lanus","tag-noche-de-los-libros","tag-sociedad"],"jetpack_publicize_connections":[],"jetpack_featured_media_url":"https:\/\/i0.wp.com\/infolanus.com\/wp-content\/uploads\/2023\/10\/una-nueva-edicion-de-la-noche-de-los-libros-llega-a-lanus-este-fin-de-semana.jpg?fit=1024%2C576&ssl=1","jetpack_sharing_enabled":true,"jetpack_shortlink":"https:\/\/wp.me\/p9QtMr-1x5","_links":{"self":[{"href":"https:\/\/infolanus.com\/index.php\/wp-json\/wp\/v2\/posts\/5895","targetHints":{"allow":["GET"]}}],"collection":[{"href":"https:\/\/infolanus.com\/index.php\/wp-json\/wp\/v2\/posts"}],"about":[{"href":"https:\/\/infolanus.com\/index.php\/wp-json\/wp\/v2\/types\/post"}],"author":[{"embeddable":true,"href":"https:\/\/infolanus.com\/index.php\/wp-json\/wp\/v2\/users\/2"}],"replies":[{"embeddable":true,"href":"https:\/\/infolanus.com\/index.php\/wp-json\/wp\/v2\/comments?post=5895"}],"version-history":[{"count":0,"href":"https:\/\/infolanus.com\/index.php\/wp-json\/wp\/v2\/posts\/5895\/revisions"}],"wp:featuredmedia":[{"embeddable":true,"href":"https:\/\/infolanus.com\/index.php\/wp-json\/wp\/v2\/media\/5896"}],"wp:attachment":[{"href":"https:\/\/infolanus.com\/index.php\/wp-json\/wp\/v2\/media?parent=5895"}],"wp:term":[{"taxonomy":"category","embeddable":true,"href":"https:\/\/infolanus.com\/index.php\/wp-json\/wp\/v2\/categories?post=5895"},{"taxonomy":"post_tag","embeddable":true,"href":"https:\/\/infolanus.com\/index.php\/wp-json\/wp\/v2\/tags?post=5895"}],"curies":[{"name":"wp","href":"https:\/\/api.w.org\/{rel}","templated":true}]}}