{"id":5901,"date":"2023-10-19T16:41:27","date_gmt":"2023-10-19T19:41:27","guid":{"rendered":"https:\/\/www.inforegion.com.ar\/?p=283558"},"modified":"2023-10-19T16:41:27","modified_gmt":"2023-10-19T19:41:27","slug":"nestor-grindetti-y-diego-kravetz-hicieron-su-cierre-de-campana-en-lanus","status":"publish","type":"post","link":"https:\/\/infolanus.com\/index.php\/2023\/10\/19\/nestor-grindetti-y-diego-kravetz-hicieron-su-cierre-de-campana-en-lanus\/","title":{"rendered":"N\u00e9stor Grindetti y Diego Kravetz hicieron su cierre de campa\u00f1a en Lan\u00fas"},"content":{"rendered":"<p>Sea por c\u00e1bala, por tradici\u00f3n o por agenda, los candidatos a gobernador de la provincia de Buenos Aires y a intendente de Lan\u00fas por Juntos por el Cambio, N\u00e9stor Grindetti y Diego Kravetz <a href=\"https:\/\/www.inforegion.com.ar\/2023\/03\/02\/en-lanus-y-con-patricia-bullrich-grindetti-lanzo-su-precandidatura-a-gobernador\/\">volvieron a donde empez\u00f3 todo:<\/a> el Club Social y Deportivo Presidente Quintana de Lan\u00fas Oeste donde <strong>se reunieron con fiscales y voluntarios que trabajar\u00e1n este domingo en las elecciones generales.<\/strong><\/p>\n<p>\u201cEl domingo vayamos a <strong>defender con mucha convicci\u00f3n y fuerza la boleta del cambio, tenemos que reventar de votos las urnas para ganar la provincia de Buenos Aires<\/strong>, ratificar el cambio en Lan\u00fas y que nuestra l\u00edder Patricia Bullrich tenga un lugar en el ballotage \u201d, asegur\u00f3 Grindetti, al comenzar el encuentro del que participaron seg\u00fan los organizadores alrededor de 2000 personas.<\/p>\n<figure class=\"wp-block-image size-full is-resized is-style-default\"><img data-recalc-dims=\"1\" loading=\"lazy\" decoding=\"async\" src=\"https:\/\/i0.wp.com\/www.inforegion.com.ar\/wp-content\/uploads\/2023\/10\/Grindetti-Quintana.jpg?resize=640%2C357&#038;ssl=1\" alt class=\"wp-image-283562 lazyload\" width=\"640\" height=\"357\" data-sizes=\"auto\" data-eio-rwidth=\"774\" data-eio-rheight=\"432\" srcset=\"https:\/\/www.inforegion.com.ar\/wp-content\/uploads\/2023\/10\/Grindetti-Quintana.jpg 774w, https:\/\/www.inforegion.com.ar\/wp-content\/uploads\/2023\/10\/Grindetti-Quintana-300x167.jpg 300w, https:\/\/www.inforegion.com.ar\/wp-content\/uploads\/2023\/10\/Grindetti-Quintana-768x429.jpg 768w, https:\/\/www.inforegion.com.ar\/wp-content\/uploads\/2023\/10\/Grindetti-Quintana-320x179.jpg 320w, https:\/\/www.inforegion.com.ar\/wp-content\/uploads\/2023\/10\/Grindetti-Quintana-480x268.jpg 480w, https:\/\/www.inforegion.com.ar\/wp-content\/uploads\/2023\/10\/Grindetti-Quintana-150x83.jpg 150w, https:\/\/www.inforegion.com.ar\/wp-content\/uploads\/2023\/10\/Grindetti-Quintana-335x187.jpg 335w, https:\/\/www.inforegion.com.ar\/wp-content\/uploads\/2023\/10\/Grindetti-Quintana-225x125.jpg 225w\"><noscript><img data-recalc-dims=\"1\" loading=\"lazy\" decoding=\"async\" src=\"https:\/\/i0.wp.com\/www.inforegion.com.ar\/wp-content\/uploads\/2023\/10\/Grindetti-Quintana.jpg?resize=640%2C357&#038;ssl=1\" alt class=\"wp-image-283562\" width=\"640\" height=\"357\" srcset=\"https:\/\/www.inforegion.com.ar\/wp-content\/uploads\/2023\/10\/Grindetti-Quintana.jpg 774w, https:\/\/www.inforegion.com.ar\/wp-content\/uploads\/2023\/10\/Grindetti-Quintana-300x167.jpg 300w, https:\/\/www.inforegion.com.ar\/wp-content\/uploads\/2023\/10\/Grindetti-Quintana-768x429.jpg 768w, https:\/\/www.inforegion.com.ar\/wp-content\/uploads\/2023\/10\/Grindetti-Quintana-320x179.jpg 320w, https:\/\/www.inforegion.com.ar\/wp-content\/uploads\/2023\/10\/Grindetti-Quintana-480x268.jpg 480w, https:\/\/www.inforegion.com.ar\/wp-content\/uploads\/2023\/10\/Grindetti-Quintana-150x83.jpg 150w, https:\/\/www.inforegion.com.ar\/wp-content\/uploads\/2023\/10\/Grindetti-Quintana-335x187.jpg 335w, https:\/\/www.inforegion.com.ar\/wp-content\/uploads\/2023\/10\/Grindetti-Quintana-225x125.jpg 225w\" sizes=\"auto, (max-width: 840px) 100vw, 840px\" data-eio=\"l\"><\/noscript><\/figure>\n<p> En ese sentido, Grindetti agreg\u00f3: \u201c Somos <strong>la \u00fanica fuerza pol\u00edtica que asegura el cambio profundo y verdadero en el pa\u00eds y la provincia, con ideas concretas, liderazgo, equipo y experiencia de gesti\u00f3n <\/strong>frente a un gobierno que est\u00e1 a la deriva y sin rumbo y a un espacio liderado por Milei que es un verdadero salto al vac\u00edo\u201d.<\/p>\n<p>En esa l\u00ednea, Diego Kravetz puso de relieve que <strong>para poder resolver los problemas que hay en Lan\u00fas, \u201chay que conocerlos\u201d <\/strong>y explic\u00f3 que esa es la raz\u00f3n por la que la gesti\u00f3n amarilla debe \u201cseguir por cuatro a\u00f1os m\u00e1s\u201d.<\/p>\n<p>\u201cHace ocho a\u00f1os, Lan\u00fas era uno de los municipios m\u00e1s inseguros del conurbano y no hab\u00eda herramientas para cuidar a los vecinos. <strong>Hoy, a pesar de la discriminaci\u00f3n del gobierno provincial que anula el env\u00edo de los recursos necesarios, seguimos trabajando para brindar m\u00e1s y mejores servicios a las familias <\/strong>de Lan\u00fas\u201d, recalc\u00f3 Kravetz.<\/p>\n<p>Durante el encuentro, los funcionarios repasaron los ejes de su gesti\u00f3n y Kravetz destac\u00f3 que buscar\u00e1 profundizar la transformaci\u00f3n iniciada por N\u00e9stor Grindetti en 2015 <strong>con la mira puesta en temas relacionados a la seguridad, la salud y la educaci\u00f3n.<\/strong><\/p>\n","protected":false},"excerpt":{"rendered":"<p>Sea por c\u00e1bala, por tradici\u00f3n o por agenda, los candidatos a gobernador de la provincia de Buenos Aires y a intendente de Lan\u00fas por Juntos por el Cambio, N\u00e9stor Grindetti y Diego Kravetz volvieron a donde empez\u00f3 todo: el Club Social y Deportivo Presidente Quintana de Lan\u00fas Oeste donde se reunieron con fiscales y voluntarios [&hellip;]<\/p>\n","protected":false},"author":2,"featured_media":5902,"comment_status":"closed","ping_status":"closed","sticky":false,"template":"","format":"standard","meta":{"jetpack_post_was_ever_published":false,"_jetpack_newsletter_access":"","_jetpack_dont_email_post_to_subs":false,"_jetpack_newsletter_tier_id":0,"_jetpack_memberships_contains_paywalled_content":false,"_jetpack_memberships_contains_paid_content":false,"footnotes":"","jetpack_publicize_message":"","jetpack_publicize_feature_enabled":true,"jetpack_social_post_already_shared":true,"jetpack_social_options":{"image_generator_settings":{"template":"highway","enabled":false},"version":2}},"categories":[19],"tags":[773,774,213,792,794,23,99],"class_list":["post-5901","post","type-post","status-publish","format-standard","has-post-thumbnail","hentry","category-municipio","tag-centrales","tag-destacadas","tag-diego-kravetz","tag-elecciones-2023","tag-juntos-por-el-cambio","tag-lanus","tag-nestor-grindetti"],"jetpack_publicize_connections":[],"jetpack_featured_media_url":"https:\/\/i0.wp.com\/infolanus.com\/wp-content\/uploads\/2023\/10\/nestor-grindetti-y-diego-kravetz-hicieron-su-cierre-de-campana-en-lanus.jpg?fit=774%2C432&ssl=1","jetpack_sharing_enabled":true,"jetpack_shortlink":"https:\/\/wp.me\/p9QtMr-1xb","_links":{"self":[{"href":"https:\/\/infolanus.com\/index.php\/wp-json\/wp\/v2\/posts\/5901","targetHints":{"allow":["GET"]}}],"collection":[{"href":"https:\/\/infolanus.com\/index.php\/wp-json\/wp\/v2\/posts"}],"about":[{"href":"https:\/\/infolanus.com\/index.php\/wp-json\/wp\/v2\/types\/post"}],"author":[{"embeddable":true,"href":"https:\/\/infolanus.com\/index.php\/wp-json\/wp\/v2\/users\/2"}],"replies":[{"embeddable":true,"href":"https:\/\/infolanus.com\/index.php\/wp-json\/wp\/v2\/comments?post=5901"}],"version-history":[{"count":0,"href":"https:\/\/infolanus.com\/index.php\/wp-json\/wp\/v2\/posts\/5901\/revisions"}],"wp:featuredmedia":[{"embeddable":true,"href":"https:\/\/infolanus.com\/index.php\/wp-json\/wp\/v2\/media\/5902"}],"wp:attachment":[{"href":"https:\/\/infolanus.com\/index.php\/wp-json\/wp\/v2\/media?parent=5901"}],"wp:term":[{"taxonomy":"category","embeddable":true,"href":"https:\/\/infolanus.com\/index.php\/wp-json\/wp\/v2\/categories?post=5901"},{"taxonomy":"post_tag","embeddable":true,"href":"https:\/\/infolanus.com\/index.php\/wp-json\/wp\/v2\/tags?post=5901"}],"curies":[{"name":"wp","href":"https:\/\/api.w.org\/{rel}","templated":true}]}}