{"id":5907,"date":"2023-10-20T19:51:00","date_gmt":"2023-10-20T22:51:00","guid":{"rendered":"https:\/\/www.ambito.com\/mundo\/zona-guerra-ultimas-noticias-israel-el-conflicto-gaza-y-el-minuto-minuto-n5850997"},"modified":"2023-10-20T19:51:00","modified_gmt":"2023-10-20T22:51:00","slug":"zona-de-guerra-ultimas-noticias-de-israel-el-conflicto-en-gaza-y-el-minuto-a-minuto","status":"publish","type":"post","link":"https:\/\/infolanus.com\/index.php\/2023\/10\/20\/zona-de-guerra-ultimas-noticias-de-israel-el-conflicto-en-gaza-y-el-minuto-a-minuto\/","title":{"rendered":"Zona de guerra: \u00faltimas noticias de Israel, el conflicto en Gaza y el minuto a minuto"},"content":{"rendered":"<div><img data-recalc-dims=\"1\" decoding=\"async\" src=\"https:\/\/i0.wp.com\/media.ambito.com\/p\/b7d98b18680a4e6831ca9f15c3de1aa6\/adjuntos\/239\/imagenes\/041\/053\/0041053706\/israel-gaza-hamas-guerrajpg.jpg?w=640&#038;ssl=1\" class=\"ff-og-image-inserted\"><\/div>\n<h2>Guerra Israel-Hamas: Alemania y Francia proh\u00edben manifestaciones propalestina<\/h2>\n<p>En <strong>Alemania<\/strong>, las autoridades definieron la <strong>prohibici\u00f3n <\/strong>de las <strong>manifestaciones propalestinas <\/strong>luego de que se sucedieran las movilizaciones en distintos distritos del pa\u00eds. En ese contexto, las autoridades ya han<strong> detenido 190 personas<\/strong>. &#8220;Nuestra responsabilidad por el<strong> Holocausto<\/strong> hace que sea nuestro deber en todo momento defender la existencia y la seguridad de <strong>Israel<\/strong>&#8220;, ratific\u00f3 el canciller alem\u00e1n, <strong>Olaf Scholz<\/strong>.<\/p>\n<p><strong>Berl\u00edn <\/strong>ha sido un escenario de particular conflictividad por la <strong>guerra<\/strong>, dado que<strong><\/strong> en la ciudad habitan unos <strong>30.000 palestinos<\/strong>, lo que representa una de las comunidades m\u00e1s grandes de ese pueblo fuera de<strong> Medio Oriente<\/strong>. Una comitiva de familiares de personas secuestradas por <strong>Hamas<\/strong>, muchas de ellas de nacionalidad alemana, han pedido una convocatoria al gobierno de ese pa\u00eds para que intensifiquen las presiones sobre el <strong>grupo terrorista<\/strong>, con el objetivo de lograr liberaciones.<\/p>\n<p>Por su parte, la<strong> polic\u00eda de Francia<\/strong> ya ha respondido a intentos de convocatorias con<strong> gas lacrim\u00f3geno, camiones hidrantes y detenciones <\/strong>a 43 manifestantes, en el marco de la condena a expresiones de &#8220;<strong>antisemitismo, apolog\u00eda del terrorismo y apoyo a Hamas<\/strong>&#8220;, seg\u00fan precis\u00f3 el ministro del Interior, <strong>G\u00e9rald Darmanin<\/strong>. El mismo funcionario se\u00f1al\u00f3 que est\u00e1 prohibida la &#8220;presencia y circulaci\u00f3n de personas que se presenten como <strong>propalestinas<\/strong>&#8221; y detall\u00f3 que desde el 12 de octubre se han impuesto<strong> 827 multas.<\/strong><\/p>\n<p><a href=\"https:\/\/www.ambito.com\/mundo\/guerra-israel-hamas-alemania-y-francia-prohiben-manifestaciones-propalestina-n5851647\" target=\"_blank\" rel=\"follow noopener\">Le\u00e9 la nota completa<\/a><\/p>\n","protected":false},"excerpt":{"rendered":"<p>Guerra Israel-Hamas: Alemania y Francia proh\u00edben manifestaciones propalestina En Alemania, las autoridades definieron la prohibici\u00f3n de las manifestaciones propalestinas luego de que se sucedieran las movilizaciones en distintos distritos del pa\u00eds. En ese contexto, las autoridades ya han detenido 190 personas. &#8220;Nuestra responsabilidad por el Holocausto hace que sea nuestro deber en todo momento defender [&hellip;]<\/p>\n","protected":false},"author":2,"featured_media":5908,"comment_status":"closed","ping_status":"closed","sticky":false,"template":"","format":"standard","meta":{"jetpack_post_was_ever_published":false,"_jetpack_newsletter_access":"","_jetpack_dont_email_post_to_subs":false,"_jetpack_newsletter_tier_id":0,"_jetpack_memberships_contains_paywalled_content":false,"_jetpack_memberships_contains_paid_content":false,"footnotes":"","jetpack_publicize_message":"","jetpack_publicize_feature_enabled":true,"jetpack_social_post_already_shared":true,"jetpack_social_options":{"image_generator_settings":{"template":"highway","enabled":false},"version":2}},"categories":[20],"tags":[1286],"class_list":["post-5907","post","type-post","status-publish","format-standard","has-post-thumbnail","hentry","category-mundo","tag-mundo"],"jetpack_publicize_connections":[],"jetpack_featured_media_url":"https:\/\/i0.wp.com\/infolanus.com\/wp-content\/uploads\/2023\/10\/zona-de-guerra-ultimas-noticias-de-israel-el-conflicto-en-gaza-y-el-minuto-a-minuto.jpg?fit=1200%2C675&ssl=1","jetpack_sharing_enabled":true,"jetpack_shortlink":"https:\/\/wp.me\/p9QtMr-1xh","_links":{"self":[{"href":"https:\/\/infolanus.com\/index.php\/wp-json\/wp\/v2\/posts\/5907","targetHints":{"allow":["GET"]}}],"collection":[{"href":"https:\/\/infolanus.com\/index.php\/wp-json\/wp\/v2\/posts"}],"about":[{"href":"https:\/\/infolanus.com\/index.php\/wp-json\/wp\/v2\/types\/post"}],"author":[{"embeddable":true,"href":"https:\/\/infolanus.com\/index.php\/wp-json\/wp\/v2\/users\/2"}],"replies":[{"embeddable":true,"href":"https:\/\/infolanus.com\/index.php\/wp-json\/wp\/v2\/comments?post=5907"}],"version-history":[{"count":0,"href":"https:\/\/infolanus.com\/index.php\/wp-json\/wp\/v2\/posts\/5907\/revisions"}],"wp:featuredmedia":[{"embeddable":true,"href":"https:\/\/infolanus.com\/index.php\/wp-json\/wp\/v2\/media\/5908"}],"wp:attachment":[{"href":"https:\/\/infolanus.com\/index.php\/wp-json\/wp\/v2\/media?parent=5907"}],"wp:term":[{"taxonomy":"category","embeddable":true,"href":"https:\/\/infolanus.com\/index.php\/wp-json\/wp\/v2\/categories?post=5907"},{"taxonomy":"post_tag","embeddable":true,"href":"https:\/\/infolanus.com\/index.php\/wp-json\/wp\/v2\/tags?post=5907"}],"curies":[{"name":"wp","href":"https:\/\/api.w.org\/{rel}","templated":true}]}}