{"id":5945,"date":"2023-10-26T14:43:20","date_gmt":"2023-10-26T17:43:20","guid":{"rendered":"https:\/\/www.ambito.com\/uruguay\/el-bcu-volvera-ser-miembro-pleno-la-red-educacion-financiera-la-ocde-n5856696"},"modified":"2023-10-26T14:43:20","modified_gmt":"2023-10-26T17:43:20","slug":"el-bcu-volvera-a-ser-miembro-pleno-de-la-red-de-educacion-financiera-de-la-ocde","status":"publish","type":"post","link":"https:\/\/infolanus.com\/index.php\/2023\/10\/26\/el-bcu-volvera-a-ser-miembro-pleno-de-la-red-de-educacion-financiera-de-la-ocde\/","title":{"rendered":"El BCU volver\u00e1 a ser miembro pleno de la red de educaci\u00f3n financiera de la OCDE"},"content":{"rendered":"<div><img data-recalc-dims=\"1\" decoding=\"async\" src=\"https:\/\/i0.wp.com\/media.ambito.com\/p\/1fb7bd740bcb015811ea1f3643a978de\/adjuntos\/351\/imagenes\/040\/818\/0040818924\/1200x675\/smart\/bcu-banco-central-del-uruguay.jpg?w=640&#038;ssl=1\" class=\"ff-og-image-inserted\"><\/div>\n<div id>\n<p>El <strong><a href=\"https:\/\/www.ambito.com\/uruguay\/diego-labat-fue-reconocido-los-11-mejores-del-mundo-su-gestion-el-bcu-n5845755\" target=\"_blank\" rel=\"follow noopener\">Banco Central del Uruguay (BCU)<\/a><\/strong> regres\u00f3 a ser un miembro pleno de la red de educaci\u00f3n financiera de la <strong>Organizaci\u00f3n para la Cooperaci\u00f3n y el Desarrollo Econ\u00f3micos (OCDE)<\/strong> tras siete a\u00f1os de haber perdido esa categor\u00eda.<\/p>\n<\/div>\n<div id>\n<p>La historia del <strong>BCU<\/strong> y su participaci\u00f3n en la <strong>Red Internacional de Educaci\u00f3n Financiera (INFE)<\/strong> de la <strong>OCDE<\/strong> no es lineal pero tampoco tiene demasiadas actualizaciones: en el 2012, la autoridad monetaria uruguaya se integr\u00f3 a esta red como miembro \u201cregular\u201d, y al a\u00f1o siguiente pas\u00f3 a la categor\u00eda de \u201cpleno\u201d. Sin embargo, una resoluci\u00f3n de 2106 dio marcha atr\u00e1s a esta situaci\u00f3n.<\/p>\n<\/div>\n<div id>\n<p> Ahora, el directorio del Banco Central aprob\u00f3 volver a<strong> participar como miembro<\/strong> pleno tras siete a\u00f1os, seg\u00fan inform\u00f3 el semanario B\u00fasqueda. <\/p>\n<\/div>\n<div id>\n<p>Este cambio de estatus permitir\u00e1 tener un <strong>rol activo<\/strong> y derechos como \u201ctener un acceso m\u00e1s amplio a la <strong>informaci\u00f3n,<\/strong> el <strong>conocimiento<\/strong> y al <strong>intercambio<\/strong> y <strong>discusi\u00f3n<\/strong> con otros pares para la identificaci\u00f3n de las mejores pr\u00e1cticas y definici\u00f3n de pol\u00edticas en materia de <strong>educaci\u00f3n financiera<\/strong> y <strong>protecci\u00f3n al consumidor<\/strong>\u201d, se\u00f1ala la resoluci\u00f3n del organismo.<\/p>\n<\/div>\n<div id>\n<p>La INFE tiene como prop\u00f3sito recopilar datos y pruebas comparables, desarrollar metodolog\u00eda para medir el impacto, compartir experiencias y buenas pr\u00e1cticas, desarrollar investigaciones y an\u00e1lisis comparativos, dise\u00f1ar instrumentos de pol\u00edtica y promover la implementaci\u00f3n y el seguimiento efectivos en materia de cuestiones de educaci\u00f3n financiera.<\/p>\n<p>La red tiene una estructura de membres\u00eda que consiste en dos tipos de participaci\u00f3n: <strong>\u201cregular\u201d,<\/strong> que son aquellas instituciones que tienen el inter\u00e9s de estar informadas de las actividades y los documentos p\u00fablicos sin desempe\u00f1ar ning\u00fan rol activo \u2014postura que el BCU mantuvo durante ocho a\u00f1os desde su incorporaci\u00f3n\u2014; y <strong>\u201cpleno\u201d,<\/strong> para el cual las organizaciones deben contribuir con dinero y adquieren acceso a ciertos derechos, as\u00ed como a una participaci\u00f3n activa. <\/p>\n<p>En esta \u00faltima categor\u00eda ingres\u00f3 nuevamente el Banco Central, donde estar\u00e1 junto a 280 organizaciones de 130 pa\u00edses, y para la cual deber\u00e1 contribuir con <strong>6.720 euros anuales<\/strong> desde el a\u00f1o pr\u00f3ximo.<\/p>\n<h2>Diego Labat, reconocido entre los 11 mejores del mundo<\/h2>\n<p>El presidente del <strong>Banco Central del Uruguay <\/strong>(BCU), <strong>Diego Labat, <\/strong>mejor\u00f3 su calificaci\u00f3n internacional y su actuaci\u00f3n al frente de la entidad que lo ubic\u00f3 entre los 11 mejores del mundo, con una nota <strong>A,<\/strong> de acuerdo al ranking anual de la revista estadounidense Global Finance, que valor\u00f3 su manejo de <a href=\"https:\/\/www.ambito.com\/uruguay\/se-acerca-el-fin-del-ciclo-bajas-las-tasas-interes-n5839149\" target=\"_blank\" rel=\"follow noopener\">la pol\u00edtica monetaria.<\/a><\/p>\n<p>Entre los m\u00e9ritos que le asign\u00f3 la prestigiosa publicaci\u00f3n, se destacaron<a href=\"https:\/\/www.ambito.com\/uruguay\/la-inflacion-aumento-setiembre-pero-retrocedio-387-interanual-n5837823\" target=\"_blank\" rel=\"follow noopener\"> el combate de la <strong>inflaci\u00f3n, <\/strong><\/a> que hoy est\u00e1 en su nivel m\u00e1s bajo en 18 a\u00f1os, as\u00ed como las decisiones acerca de las <strong>tasas de inter\u00e9s, <\/strong>en un contexto donde la <strong>sequ\u00eda <\/strong>golpe\u00f3 fuertemente a la actividad econ\u00f3mica.<\/p>\n<p><strong>Labat <\/strong>obtuvo as\u00ed una constante mejora en su accionar, ya que en 2022 obtuvo una A- y en 2021 una B, mientras en 2020 no fue calificado, quedando as\u00ed mejor ubicado que sus antecesores, <strong>Alberto Gra\u00f1a<\/strong> y <strong>Mario Bergara<\/strong>. El jerarca fue superado \u00fanicamente por los tres titulares de bancos centrales que lograron la nota m\u00e1xima, una A+. Se trata de Shaktinta Das, de la <strong>India; <\/strong>Thomas Jordan, de <strong>Suiza; <\/strong>y Nguyen Thi Hong, de <strong>Vietnam.<\/strong><\/p>\n<p>En su sitial, comparti\u00f3 escalaf\u00f3n con tres pares de la regi\u00f3n: Roberto Campos Neto <strong>(Brasil), <\/strong>Jos\u00e9 Cantero Sienra <strong>(Paraguay) <\/strong>y Julio Velarde Flores <strong>(Per\u00fa). <\/strong>Adem\u00e1s, estuvieron a la misma altura Amir Yaron <strong>(Israel), <\/strong>Harvesh Kumar Seegolam <strong>(Mauricio), <\/strong>Adri\u00e1n Orr <strong>(Nueva Zelanda) <\/strong>y Yang Chin-long <strong>(Taiw\u00e1n).<\/strong><\/p>\n<p>A nivel regional completaron el panorama, entre otros, Leonardo Villar G\u00f3mez <strong>(Colombia), <\/strong>con una A-; Rosanna Costa <strong>(Chile) <\/strong>y Jerome Powell <strong>(Estados Unidos), <\/strong>con una B+; Guillermo Avell\u00e1n Solines <strong>(Ecuador), <\/strong>con una C+; Roger Edwin Rojas Ulo <strong>(Bolivia), <\/strong>con una C-. En tanto, completaron el ranking con la peor nota Miguel \u00c1ngel Pesce <strong>(Argentina) <\/strong>y Calixto Ortega S\u00e1nchez <strong>(Venezuela), <\/strong>con una F.<\/p>\n<\/div>\n","protected":false},"excerpt":{"rendered":"<p>El Banco Central del Uruguay (BCU) regres\u00f3 a ser un miembro pleno de la red de educaci\u00f3n financiera de la Organizaci\u00f3n para la Cooperaci\u00f3n y el Desarrollo Econ\u00f3micos (OCDE) tras siete a\u00f1os de haber perdido esa categor\u00eda. La historia del BCU y su participaci\u00f3n en la Red Internacional de Educaci\u00f3n Financiera (INFE) de la OCDE [&hellip;]<\/p>\n","protected":false},"author":2,"featured_media":5946,"comment_status":"closed","ping_status":"closed","sticky":false,"template":"","format":"standard","meta":{"jetpack_post_was_ever_published":false,"_jetpack_newsletter_access":"","_jetpack_dont_email_post_to_subs":false,"_jetpack_newsletter_tier_id":0,"_jetpack_memberships_contains_paywalled_content":false,"_jetpack_memberships_contains_paid_content":false,"footnotes":"","jetpack_publicize_message":"","jetpack_publicize_feature_enabled":true,"jetpack_social_post_already_shared":true,"jetpack_social_options":{"image_generator_settings":{"template":"highway","enabled":false},"version":2}},"categories":[20],"tags":[1286],"class_list":["post-5945","post","type-post","status-publish","format-standard","has-post-thumbnail","hentry","category-mundo","tag-mundo"],"jetpack_publicize_connections":[],"jetpack_featured_media_url":"https:\/\/i0.wp.com\/infolanus.com\/wp-content\/uploads\/2023\/10\/el-bcu-volvera-a-ser-miembro-pleno-de-la-red-de-educacion-financiera-de-la-ocde.jpg?fit=1200%2C675&ssl=1","jetpack_sharing_enabled":true,"jetpack_shortlink":"https:\/\/wp.me\/p9QtMr-1xT","_links":{"self":[{"href":"https:\/\/infolanus.com\/index.php\/wp-json\/wp\/v2\/posts\/5945","targetHints":{"allow":["GET"]}}],"collection":[{"href":"https:\/\/infolanus.com\/index.php\/wp-json\/wp\/v2\/posts"}],"about":[{"href":"https:\/\/infolanus.com\/index.php\/wp-json\/wp\/v2\/types\/post"}],"author":[{"embeddable":true,"href":"https:\/\/infolanus.com\/index.php\/wp-json\/wp\/v2\/users\/2"}],"replies":[{"embeddable":true,"href":"https:\/\/infolanus.com\/index.php\/wp-json\/wp\/v2\/comments?post=5945"}],"version-history":[{"count":0,"href":"https:\/\/infolanus.com\/index.php\/wp-json\/wp\/v2\/posts\/5945\/revisions"}],"wp:featuredmedia":[{"embeddable":true,"href":"https:\/\/infolanus.com\/index.php\/wp-json\/wp\/v2\/media\/5946"}],"wp:attachment":[{"href":"https:\/\/infolanus.com\/index.php\/wp-json\/wp\/v2\/media?parent=5945"}],"wp:term":[{"taxonomy":"category","embeddable":true,"href":"https:\/\/infolanus.com\/index.php\/wp-json\/wp\/v2\/categories?post=5945"},{"taxonomy":"post_tag","embeddable":true,"href":"https:\/\/infolanus.com\/index.php\/wp-json\/wp\/v2\/tags?post=5945"}],"curies":[{"name":"wp","href":"https:\/\/api.w.org\/{rel}","templated":true}]}}