{"id":6010,"date":"2023-11-04T22:08:00","date_gmt":"2023-11-05T01:08:00","guid":{"rendered":"https:\/\/www.ambito.com\/uruguay\/desde-el-sector-yamandu-orsi-lamentaron-que-no-haya-una-investigacion-administrativa-n5864642"},"modified":"2023-11-04T22:08:00","modified_gmt":"2023-11-05T01:08:00","slug":"desde-el-sector-de-yamandu-orsi-lamentaron-que-no-haya-una-investigacion-administrativa","status":"publish","type":"post","link":"https:\/\/infolanus.com\/index.php\/2023\/11\/04\/desde-el-sector-de-yamandu-orsi-lamentaron-que-no-haya-una-investigacion-administrativa\/","title":{"rendered":"Desde el sector de Yamand\u00fa Orsi lamentaron que no haya una investigaci\u00f3n administrativa"},"content":{"rendered":"<div><img data-recalc-dims=\"1\" decoding=\"async\" src=\"https:\/\/i0.wp.com\/media.ambito.com\/p\/0aaadf83bf78c3cc0fda8bd0a58017d2\/adjuntos\/351\/imagenes\/040\/829\/0040829516\/1200x675\/smart\/yamandu-orsi-intendencia-canelones.jpg?w=640&#038;ssl=1\" class=\"ff-og-image-inserted\"><\/div>\n<div id>\n<p>El sector que encabeza el intendente de <strong>Canelones, Yamand\u00fa Orsi, <\/strong>sali\u00f3 a cuestionar el mensaje del presidente <strong>Luis Lacalle Pou <\/strong>en el que <a href=\"https:\/\/www.ambito.com\/uruguay\/lacalle-pou-confirmo-las-renuncias-heber-maciel-y-lafluf-el-escandalo-marset-n5864578\" target=\"_blank\" rel=\"follow noopener\"> anunci\u00f3 las renuncias <\/a>del ministro del Interior, <strong>Luis Alberto Heber; <\/strong>el subsecretario <strong>Guillermo Maciel; <\/strong>y el asesor de comunicaci\u00f3n presidencial <strong>Roberto Lafluf, <\/strong>que se sumaron a la del excanciller <strong>Francisco Bustillo.<\/strong><\/p>\n<\/p><\/div>\n<div id>\n<p>En un audio que transmiti\u00f3 r\u00e1pidamente el senador <strong>Alejandro \u201cPacha\u201d S\u00e1nchez, <\/strong>al que accedi\u00f3 <strong>\u00c1mbito <\/strong>y que se viraliz\u00f3 en las redes sociales, el espacio que integra <a href=\"https:\/\/www.ambito.com\/uruguay\/fernando-pereira-reunirse-lacalle-pou-hay-una-crisis-politica-y-hay-que-actuar-mesura-n5864563\" target=\"_blank\" rel=\"follow noopener\">el <strong>Frente Amplio <\/strong><\/a> habl\u00f3 de \u201cuna conferencia muy particular\u201d y sostuvo que <strong>Lacalle Pou <\/strong>\u201cse perdi\u00f3 la oportunidad de ser honesto una vez m\u00e1s con el <strong>pueblo uruguayo\u201d.<\/strong><\/p>\n<\/p><\/div>\n<div id>\n<p> \u201cFue una conferencia donde se nos comunica que se aceptan cuatro renuncias: la de <strong>Bustillo, <\/strong>la de <strong>Heber, <\/strong>la de <strong>Maciel <\/strong>y la de <strong>Lafluf, <\/strong>pero el presidente dice que no cometieron nada malo, irregular o il\u00edcito. No cometieron ninguna falta de gesti\u00f3n. Hay una enorme incongruencia entre aceptar esas renuncias y decir que aqu\u00ed no pas\u00f3 nada\u201d, cuestion\u00f3 <strong>S\u00e1nchez.<\/strong><\/p>\n<\/p><\/div>\n<div id>\n<p> El legislador frenteamplista lament\u00f3 que el presidente \u201cno encomend\u00f3 una investigaci\u00f3n a fondo para llegar al hueso\u201d y blanque\u00f3: \u201cEsto es lo que esper\u00e1bamos, no solo que acepte renuncias de los jerarcas que han estado involucrados en reuniones y en organizaciones para destruir pruebas para ocultar informaci\u00f3n al <strong>Parlamento <\/strong>y para evitar que se conozcan las comunicaciones entre ellos, donde se demuestra claramente que hab\u00eda conocimiento, mientras se tramitaba el pasaporte de <strong>Marset, <\/strong>de las altas autoridades del Uruguay de que era un narcotraficante pesado y peligroso\u201d.<\/p>\n<\/div>\n<div id>\n<p>\u201cPues no. De eso no dijo nada. Recurri\u00f3, fiel a su estilo campechano, hablar de un mont\u00f3n de hechos secundarios, de situaciones que son perif\u00e9ricas, pero no se refiri\u00f3 a los temas de fondo\u201d, se lament\u00f3.<\/p>\n<h2>S\u00e1nchez pos\u00f3 la mirada en el asesor Roberto Lafluf<\/h2>\n<p>En tal sentido, <strong>S\u00e1nchez <\/strong>plante\u00f3: \u201cPor ejemplo, dijo que \u00e9l encomend\u00f3 hacer una reuni\u00f3n a <a href=\"https:\/\/www.ambito.com\/uruguay\/en-medio-la-crisis-politica-el-asesor-comunicacion-lacalle-pou-volo-rio-janeiro-n5862986\" target=\"_blank\" rel=\"follow noopener\">su asesor, <strong>Lafluf, <\/strong><\/a> y nos dice que no tiene poderes, pero s\u00ed tiene el poder para convocar a dos subsecretarios a una reuni\u00f3n en la <strong>Torre Ejecutiva, <\/strong>a la cual \u00e9l pas\u00f3 a saludar nada m\u00e1s\u201d.<\/p>\n<p>\u201cY no dio una sola opini\u00f3n sobre si est\u00e1 de acuerdo o no. Tampoco de las graves denuncias que ha hecho <strong>Ache <\/strong>de que en esa reuni\u00f3n se estaba solicitando borrar los chats, eliminar la prueba\u201d, indic\u00f3 el legislador.<\/p>\n<p>Y agreg\u00f3: \u201cDe eso nada dice el presidente y menos de la segunda denuncia grave de <strong>Ache <\/strong>acerca de que el se\u00f1or <strong>Lafluf, <\/strong>que no tiene poderes de gesti\u00f3n seg\u00fan el presidente, pero que consigui\u00f3 el expediente de la <strong>Canciller\u00eda <\/strong>y elimin\u00f3 la entrega de esos chats que ya hab\u00eda realizado <strong>Carolina Ache. <\/strong>De eso no emiti\u00f3 una sola opini\u00f3n\u201d.<\/p>\n<p>\u201cTampoco emiti\u00f3 ninguna opini\u00f3n sobre el proceder de todos estos funcionarios que se reunieron en la <strong>Casona del Prado <\/strong>para planificar mentirle al <strong>Parlamento, <\/strong>mentirle al pueblo uruguayo, que se organizaron. Para hacer que desapareciera un celular\u201d, cuestion\u00f3 <strong>S\u00e1nchez.<\/strong><\/p>\n<p>Para el senador, \u201cen un gobierno honrado deber\u00edan ser repudiadas ese tipo de acciones y el presidente de eso tampoco dijo nada\u201d. \u201cDice s\u00ed que cualquier uruguayo en el mundo puede pedir un pasaporte aun siendo narcotraficante. No dijo por qu\u00e9 fue expr\u00e9s\u201d, insisti\u00f3.<\/p>\n<h2>La falta de honestidad y la reuni\u00f3n de este domingo del Frente Amplio<\/h2>\n<p>\u201cYo creo que se perdi\u00f3 una gran oportunidad la oportunidad de ser honesto, de asumir la conducci\u00f3n, de decidir hacer una investigaci\u00f3n administrativa a fondo para ver si hay m\u00e1s funcionarios de su gobierno comprometidos en estas maniobras y de establecer que estas maniobras son inadmisibles en una rep\u00fablica y en un gobierno democr\u00e1tico y transparente\u201d, afirm\u00f3 <strong>S\u00e1nchez.<\/strong><\/p>\n<p>En la misma l\u00ednea, indic\u00f3 que \u201cse nota que hoy la honestidad no campea en la <strong>Torre Ejecutiva, <\/strong>tristemente para tristeza del pueblo uruguayo. Debemos de transformar esa tristeza en la esperanza de que es necesario que la honradez vuelva al gobierno\u201d.<\/p>\n<p>\u201cPara este cap\u00edtulo habr\u00e1 m\u00e1s acciones. Ma\u00f1ana se re\u00fane el <strong>Frente Amplio <\/strong>y daremos una oposici\u00f3n institucional sobre lo que ha sucedido y sobre todo, sobre lo que no ha dicho el presidente\u201d, concluy\u00f3 su mensaje el legislador.<\/p>\n<\/div>\n","protected":false},"excerpt":{"rendered":"<p>El sector que encabeza el intendente de Canelones, Yamand\u00fa Orsi, sali\u00f3 a cuestionar el mensaje del presidente Luis Lacalle Pou en el que anunci\u00f3 las renuncias del ministro del Interior, Luis Alberto Heber; el subsecretario Guillermo Maciel; y el asesor de comunicaci\u00f3n presidencial Roberto Lafluf, que se sumaron a la del excanciller Francisco Bustillo. En [&hellip;]<\/p>\n","protected":false},"author":2,"featured_media":6011,"comment_status":"closed","ping_status":"closed","sticky":false,"template":"","format":"standard","meta":{"jetpack_post_was_ever_published":false,"_jetpack_newsletter_access":"","_jetpack_dont_email_post_to_subs":false,"_jetpack_newsletter_tier_id":0,"_jetpack_memberships_contains_paywalled_content":false,"_jetpack_memberships_contains_paid_content":false,"footnotes":"","jetpack_publicize_message":"","jetpack_publicize_feature_enabled":true,"jetpack_social_post_already_shared":true,"jetpack_social_options":{"image_generator_settings":{"template":"highway","enabled":false},"version":2}},"categories":[20],"tags":[1286],"class_list":["post-6010","post","type-post","status-publish","format-standard","has-post-thumbnail","hentry","category-mundo","tag-mundo"],"jetpack_publicize_connections":[],"jetpack_featured_media_url":"https:\/\/i0.wp.com\/infolanus.com\/wp-content\/uploads\/2023\/11\/desde-el-sector-de-yamandu-orsi-lamentaron-que-no-haya-una-investigacion-administrativa.jpg?fit=1200%2C675&ssl=1","jetpack_sharing_enabled":true,"jetpack_shortlink":"https:\/\/wp.me\/p9QtMr-1yW","_links":{"self":[{"href":"https:\/\/infolanus.com\/index.php\/wp-json\/wp\/v2\/posts\/6010","targetHints":{"allow":["GET"]}}],"collection":[{"href":"https:\/\/infolanus.com\/index.php\/wp-json\/wp\/v2\/posts"}],"about":[{"href":"https:\/\/infolanus.com\/index.php\/wp-json\/wp\/v2\/types\/post"}],"author":[{"embeddable":true,"href":"https:\/\/infolanus.com\/index.php\/wp-json\/wp\/v2\/users\/2"}],"replies":[{"embeddable":true,"href":"https:\/\/infolanus.com\/index.php\/wp-json\/wp\/v2\/comments?post=6010"}],"version-history":[{"count":0,"href":"https:\/\/infolanus.com\/index.php\/wp-json\/wp\/v2\/posts\/6010\/revisions"}],"wp:featuredmedia":[{"embeddable":true,"href":"https:\/\/infolanus.com\/index.php\/wp-json\/wp\/v2\/media\/6011"}],"wp:attachment":[{"href":"https:\/\/infolanus.com\/index.php\/wp-json\/wp\/v2\/media?parent=6010"}],"wp:term":[{"taxonomy":"category","embeddable":true,"href":"https:\/\/infolanus.com\/index.php\/wp-json\/wp\/v2\/categories?post=6010"},{"taxonomy":"post_tag","embeddable":true,"href":"https:\/\/infolanus.com\/index.php\/wp-json\/wp\/v2\/tags?post=6010"}],"curies":[{"name":"wp","href":"https:\/\/api.w.org\/{rel}","templated":true}]}}