{"id":6018,"date":"2023-11-05T20:00:00","date_gmt":"2023-11-05T23:00:00","guid":{"rendered":"https:\/\/www.ambito.com\/uruguay\/el-frente-amplio-mostro-su-disconformidad-la-respuesta-del-gobierno-caso-marset-n5864984"},"modified":"2023-11-05T20:00:00","modified_gmt":"2023-11-05T23:00:00","slug":"el-frente-amplio-mostro-su-disconformidad-por-la-respuesta-del-gobierno-ante-caso-marset","status":"publish","type":"post","link":"https:\/\/infolanus.com\/index.php\/2023\/11\/05\/el-frente-amplio-mostro-su-disconformidad-por-la-respuesta-del-gobierno-ante-caso-marset\/","title":{"rendered":"El Frente Amplio mostr\u00f3 su disconformidad por la respuesta del gobierno ante caso Marset"},"content":{"rendered":"<div><img data-recalc-dims=\"1\" decoding=\"async\" src=\"https:\/\/i0.wp.com\/media.ambito.com\/p\/351f94a2ce18ddc142002b6412e2152e\/adjuntos\/351\/imagenes\/041\/098\/0041098789\/1200x675\/smart\/fernando-pereira-frente-amplio.jpeg?w=640&#038;ssl=1\" class=\"ff-og-image-inserted\"><\/div>\n<div id>\n<p>El <strong>Frente Amplio (FA)<\/strong> mostr\u00f3 su disconformidad con la respuesta del gobierno tras el <a href=\"https:\/\/www.ambito.com\/uruguay\/el-frente-amplio-se-reunira-este-domingo-analizar-los-cambios-el-gobierno-n5864797\" target=\"_blank\" rel=\"follow noopener\">esc\u00e1ndalo por las repercusiones del caso Marset<\/a>, que derivara en la renuncia de tres jerarcas del Poder Ejecutivo y un asesor del presidente <strong>Luis Lacalle Pou<\/strong>.<\/p>\n<\/div>\n<div id>\n<p>El presidente de la fuerza opositora, <strong>Fernando Pereira<\/strong>, acompa\u00f1ado dirigentes y legisladores frenteamplistas, cuestion\u00f3 hoy en conferencia de prensa al jefe de Estado por su accionar y el de sus ministros alrededor de la <a href=\"https:\/\/www.ambito.com\/uruguay\/lacalle-pou-confirmo-las-renuncias-heber-maciel-y-lafluf-el-escandalo-marset-n5864578\" target=\"_blank\" rel=\"follow noopener\">entrega del pasaporte al narcotraficante <strong>Sebasti\u00e1n Marset<\/strong><\/a> en 2021.<\/p>\n<\/div>\n<div id>\n<p> Desde el FA entienden que las renuncias del excanciller <strong>Francisco Bustillo<\/strong>, el exministro del Interior, <strong>Luis Alberto Heber<\/strong>, el exsubsecretario del Interior, <strong>Guillermo Maciel<\/strong>, y el exasesor de Comunicaci\u00f3n de Presidencia, <strong>Roberto Lafluf<\/strong>, no son suficientes, y reclamaron al gobierno ser m\u00e1s claridad sobre el tema.<\/p>\n<\/div>\n<div id>\n<p>&#8220;Para el FA primero est\u00e1 el pa\u00eds, el fortalecimiento democr\u00e1tico y el cuidado de las instituciones&#8221;, resalt\u00f3 <strong>Pereira<\/strong> al comenzar la conferencia de prensa, y coment\u00f3 que a pesar de las explicaciones del presidente en el d\u00eda de ayer, la renuncia de los ministros no era lo que ellos hab\u00edan pedido, sino sus destituciones.<\/p>\n<\/div>\n<div id>\n<p>&#8220;A todos nos duele que alguien le pida a otro que pierda el celular&#8221;, en referencia la llamada entre <strong>Bustillo<\/strong> y la exvicecanciller, <strong>Carolina Ache<\/strong>, donde el primero que aconseja que &#8220;extrav\u00ede&#8221; su celular, el cual conten\u00eda conversaciones privadas que alertaban sobre la peligrosidad de entregarle un pasaporte a <strong>Sebasti\u00e1n Marset<\/strong> cuando este estaba preso en <strong>Dub\u00e1i (Emiratos \u00c1rabes Unidos)<\/strong>, debido a sus antecedentes como narcotraficante.<\/p>\n<p>Por otro lado, se\u00f1al\u00f3 que tambi\u00e9n les &#8220;duele&#8221; y &#8220;conmueve&#8221; el hecho de que un asesor del presidente &#8220;pueda romper un documento p\u00fablico&#8221;, en referencia a la destrucci\u00f3n directa de un documento del Estado acerca del tema por parte de <strong>Roberto Lafluf<\/strong>.<\/p>\n<p>&#8220;El presidente le dio la orden a <strong>Lafluf <\/strong>de que pusiera de acuerdo a <strong>Ache<\/strong> y <strong>Maciel<\/strong> sobre qu\u00e9 hacer con los chats, cunado ya hab\u00eda un pedido de entregar esos chats en la Justicia&#8221;, afirm\u00f3 <strong>Pereira<\/strong>.<\/p>\n<p>&#8220;Eso claramente violenta una decisi\u00f3n judicial&#8221;, subray\u00f3 el jerarca partidario. Desde el FA mostraron su desconfianza por el hecho de que <strong>Lacalle Pou<\/strong> afirmara que ninguno de los funcionarios implicados cometi\u00f3 delitos, pero sin embargo, les acept\u00f3 la renuncia a todos. &#8220;Una de las dos cosas est\u00e1 mal&#8221;, se\u00f1al\u00f3 <strong>Pereira<\/strong> al respecto. <\/p>\n<p>El l\u00edder del FA fue m\u00e1s all\u00e1 y sostuvo que est\u00e1n &#8220;muy preocupados&#8221; porque &#8220;se afirma con contundencia que el pasaporte, aunque sea a un narco, hab\u00eda que d\u00e1rselo&#8221;, cuando &#8220;los gobiernos tienen discrecionalidad de dar o no dar un pasaporte&#8221;.<\/p>\n<h2>&#8220;El 60% de los cargos de ministros y subsecretarios se han cesado por distintos esc\u00e1ndalos&#8221;<\/h2>\n<p>&#8220;En el gobierno actual, pr\u00e1cticamente el 60% de los cargos de ministros y subsecretarios se han cesado por <a href=\"https:\/\/www.ambito.com\/uruguay\/un-escandalo-proporciones-un-momento-alta-exposicion-internacional-n5862648\" target=\"_blank\" rel=\"follow noopener\">distintos esc\u00e1ndalos<\/a>, algunos todav\u00eda se est\u00e1n investigando&#8221;, record\u00f3 el dirigente.<\/p>\n<p>&#8220;Uno sabe que los ministros son fusibles de un gobierno, pero cuando son tantos los fusibles hay un cortocircuito que hay que poder parar&#8221;, dijo <strong>Pereira<\/strong>, antes de manifestar que &#8220;el presidente est\u00e1 convencido de que dio vuelta la p\u00e1gina, y la p\u00e1gina reci\u00e9n empieza, nosotros no podemos permitir que el narcotr\u00e1fico se meta en la pol\u00edtica&#8221;, critic\u00f3.<\/p>\n<p>Pereira expres\u00f3 que ya no hay dudas de que &#8220;hay que legislar en materia de transparencia, de lo contrario nos vamos a quejar cuando nuestras instituciones est\u00e9n invadidas por un poder econ\u00f3mico de esta magnitud&#8221;, en referencia al narcotr\u00e1fico.<\/p>\n<\/div>\n","protected":false},"excerpt":{"rendered":"<p>El Frente Amplio (FA) mostr\u00f3 su disconformidad con la respuesta del gobierno tras el esc\u00e1ndalo por las repercusiones del caso Marset, que derivara en la renuncia de tres jerarcas del Poder Ejecutivo y un asesor del presidente Luis Lacalle Pou. El presidente de la fuerza opositora, Fernando Pereira, acompa\u00f1ado dirigentes y legisladores frenteamplistas, cuestion\u00f3 hoy [&hellip;]<\/p>\n","protected":false},"author":2,"featured_media":6019,"comment_status":"closed","ping_status":"closed","sticky":false,"template":"","format":"standard","meta":{"jetpack_post_was_ever_published":false,"_jetpack_newsletter_access":"","_jetpack_dont_email_post_to_subs":false,"_jetpack_newsletter_tier_id":0,"_jetpack_memberships_contains_paywalled_content":false,"_jetpack_memberships_contains_paid_content":false,"footnotes":"","jetpack_publicize_message":"","jetpack_publicize_feature_enabled":true,"jetpack_social_post_already_shared":true,"jetpack_social_options":{"image_generator_settings":{"template":"highway","enabled":false},"version":2}},"categories":[20],"tags":[1286],"class_list":["post-6018","post","type-post","status-publish","format-standard","has-post-thumbnail","hentry","category-mundo","tag-mundo"],"jetpack_publicize_connections":[],"jetpack_featured_media_url":"https:\/\/i0.wp.com\/infolanus.com\/wp-content\/uploads\/2023\/11\/el-frente-amplio-mostro-su-disconformidad-por-la-respuesta-del-gobierno-ante-caso-marset.jpg?fit=1200%2C675&ssl=1","jetpack_sharing_enabled":true,"jetpack_shortlink":"https:\/\/wp.me\/p9QtMr-1z4","_links":{"self":[{"href":"https:\/\/infolanus.com\/index.php\/wp-json\/wp\/v2\/posts\/6018","targetHints":{"allow":["GET"]}}],"collection":[{"href":"https:\/\/infolanus.com\/index.php\/wp-json\/wp\/v2\/posts"}],"about":[{"href":"https:\/\/infolanus.com\/index.php\/wp-json\/wp\/v2\/types\/post"}],"author":[{"embeddable":true,"href":"https:\/\/infolanus.com\/index.php\/wp-json\/wp\/v2\/users\/2"}],"replies":[{"embeddable":true,"href":"https:\/\/infolanus.com\/index.php\/wp-json\/wp\/v2\/comments?post=6018"}],"version-history":[{"count":0,"href":"https:\/\/infolanus.com\/index.php\/wp-json\/wp\/v2\/posts\/6018\/revisions"}],"wp:featuredmedia":[{"embeddable":true,"href":"https:\/\/infolanus.com\/index.php\/wp-json\/wp\/v2\/media\/6019"}],"wp:attachment":[{"href":"https:\/\/infolanus.com\/index.php\/wp-json\/wp\/v2\/media?parent=6018"}],"wp:term":[{"taxonomy":"category","embeddable":true,"href":"https:\/\/infolanus.com\/index.php\/wp-json\/wp\/v2\/categories?post=6018"},{"taxonomy":"post_tag","embeddable":true,"href":"https:\/\/infolanus.com\/index.php\/wp-json\/wp\/v2\/tags?post=6018"}],"curies":[{"name":"wp","href":"https:\/\/api.w.org\/{rel}","templated":true}]}}