{"id":6022,"date":"2023-11-05T17:15:03","date_gmt":"2023-11-05T20:15:03","guid":{"rendered":"https:\/\/www.inforegion.com.ar\/?p=285734"},"modified":"2023-11-05T17:15:03","modified_gmt":"2023-11-05T20:15:03","slug":"llego-a-lanus-el-inclukiosco-un-espacio-para-el-desarrollo-de-personas-con-discapacidad","status":"publish","type":"post","link":"https:\/\/infolanus.com\/index.php\/2023\/11\/05\/llego-a-lanus-el-inclukiosco-un-espacio-para-el-desarrollo-de-personas-con-discapacidad\/","title":{"rendered":"Lleg\u00f3 a Lan\u00fas el Inclukiosco, un espacio para el desarrollo de personas con discapacidad"},"content":{"rendered":"<p>Quienes visiten el palacio municipal de Lan\u00fas podr\u00e1n encontrar una nueva edificaci\u00f3n entre los jardines y dependencia comunales: el <strong>Inclukiosco, un kiosco atendido por personas con discapacidad<\/strong>, dise\u00f1ado como un espacio profesionalizante para los alumnos y graduados de escuelas especiales y del Centro de Formaci\u00f3n Integral (CFI) del distrito.<\/p>\n<p>El impulsor de esta iniciativa es Silvio Catania, fundador y presidente de la <a href=\"https:\/\/fappcodi.org.ar\/\"><strong>Fundaci\u00f3n Argentina para Personas con Discapacidad (FAPPCODI<\/strong>)<\/a>, y que logr\u00f3 poner en marcha este local tras mucho trabajo.<\/p>\n<p>\u201cYo tuve la oportunidad y quiero que los dem\u00e1s tambi\u00e9n la tengan. Creo que desde el lugar que estoy hoy en d\u00eda trato de hacer lo m\u00e1s que puedo sobre ese tema\u201d, asegura S<strong>ilvio quien qued\u00f3 ciego a los 21 a\u00f1os por una atrofia bilateral del nervio \u00f3ptico sin etiolog\u00eda. <\/strong><\/p>\n<p>Silvio sabe que si bien <strong>la Ley 22.431 establece un cupo laboral en los organismos p\u00fablicos del cuatro por ciento para la poblaci\u00f3n con discapacidad,<\/strong> el texto de la ley suele ser letra muerta como asegura un <a href=\"https:\/\/www4.hcdn.gob.ar\/dependencias\/dsecretaria\/Periodo2023\/PDF2023\/TP2023\/0997-D-2023.pdf\">pedido de informes<\/a> de la C\u00e1mara de Diputados firmado por la radical <a href=\"https:\/\/www.instagram.com\/carlacarrizoar\/\">Carla Carrizo<\/a>.<\/p>\n<p>El trabajo alerta que seg\u00fan los \u00faltimos datos disponibles el \u201c79 por ciento de las 191 jurisdicciones\u201d obligadas \u201ctienen<strong> 3011 personas con discapacidad contratadas\u201d, una cifra que apenas representa un 0,90 por ciento de quienes trabajan en cualquiera de las modalidades de empl<\/strong>eo o contrataci\u00f3n\u201d. Apenas una cuarta parte de lo que exige la ley.<\/p>\n<figure class=\"wp-block-embed is-type-video is-provider-youtube wp-block-embed-youtube wp-embed-aspect-16-9 wp-has-aspect-ratio\"><\/figure>\n<p>La puesta en marcha del Inclukiosco fue aprobada por el Deliberante y \u00e9l mismo lo levant\u00f3 con l<strong>adrillos reciclados de polipropileno y que cuentan con un sistema de encastres<\/strong> que permite que personas con discapacidad puedan sumarse a la construcci\u00f3n.<\/p>\n<p>La idea es<strong> replicar este proyecto<\/strong> que si bien est\u00e1 registrado, desde la fundaci\u00f3n est\u00e1n dispuestos a abrir los los derechos para ayudar a que se expanda..<\/p>\n<p>El kiosco brinda una <strong>pasant\u00eda profesionalizante de 120 horas totale<\/strong>s para atender el kiosco en dos turnos con tres personas cada uno, de 8 a 12 y de 13 a 15, y que cuentan con la supervisi\u00f3n de un Maestro de Inclusi\u00f3n Laboral (MIL). <\/p>\n<p>Finalizada la pasant\u00eda, los alumnos reciben el certificado para <strong>acreditar todo lo aprendido por parte del Consejo Provincial de Educaci\u00f3n y Trabajo (COPRET).<\/strong><\/p>\n<figure class=\"wp-block-image size-full is-style-default\"><img data-recalc-dims=\"1\" loading=\"lazy\" decoding=\"async\" width=\"640\" height=\"360\" src=\"https:\/\/i0.wp.com\/www.inforegion.com.ar\/wp-content\/uploads\/2023\/11\/silvio-inclukiosco.jpg?resize=640%2C360&#038;ssl=1\" alt class=\"wp-image-285735 lazyload\" data-sizes=\"auto\" data-eio-rwidth=\"992\" data-eio-rheight=\"558\" srcset=\"https:\/\/www.inforegion.com.ar\/wp-content\/uploads\/2023\/11\/silvio-inclukiosco.jpg 992w, https:\/\/www.inforegion.com.ar\/wp-content\/uploads\/2023\/11\/silvio-inclukiosco-300x169.jpg 300w, https:\/\/www.inforegion.com.ar\/wp-content\/uploads\/2023\/11\/silvio-inclukiosco-768x432.jpg 768w, https:\/\/www.inforegion.com.ar\/wp-content\/uploads\/2023\/11\/silvio-inclukiosco-320x180.jpg 320w, https:\/\/www.inforegion.com.ar\/wp-content\/uploads\/2023\/11\/silvio-inclukiosco-480x270.jpg 480w, https:\/\/www.inforegion.com.ar\/wp-content\/uploads\/2023\/11\/silvio-inclukiosco-800x450.jpg 800w, https:\/\/www.inforegion.com.ar\/wp-content\/uploads\/2023\/11\/silvio-inclukiosco-150x83.jpg 150w, https:\/\/www.inforegion.com.ar\/wp-content\/uploads\/2023\/11\/silvio-inclukiosco-335x188.jpg 335w, https:\/\/www.inforegion.com.ar\/wp-content\/uploads\/2023\/11\/silvio-inclukiosco-700x394.jpg 700w\"><noscript><img data-recalc-dims=\"1\" loading=\"lazy\" decoding=\"async\" width=\"640\" height=\"360\" src=\"https:\/\/i0.wp.com\/www.inforegion.com.ar\/wp-content\/uploads\/2023\/11\/silvio-inclukiosco.jpg?resize=640%2C360&#038;ssl=1\" alt class=\"wp-image-285735\" srcset=\"https:\/\/www.inforegion.com.ar\/wp-content\/uploads\/2023\/11\/silvio-inclukiosco.jpg 992w, https:\/\/www.inforegion.com.ar\/wp-content\/uploads\/2023\/11\/silvio-inclukiosco-300x169.jpg 300w, https:\/\/www.inforegion.com.ar\/wp-content\/uploads\/2023\/11\/silvio-inclukiosco-768x432.jpg 768w, https:\/\/www.inforegion.com.ar\/wp-content\/uploads\/2023\/11\/silvio-inclukiosco-320x180.jpg 320w, https:\/\/www.inforegion.com.ar\/wp-content\/uploads\/2023\/11\/silvio-inclukiosco-480x270.jpg 480w, https:\/\/www.inforegion.com.ar\/wp-content\/uploads\/2023\/11\/silvio-inclukiosco-800x450.jpg 800w, https:\/\/www.inforegion.com.ar\/wp-content\/uploads\/2023\/11\/silvio-inclukiosco-150x83.jpg 150w, https:\/\/www.inforegion.com.ar\/wp-content\/uploads\/2023\/11\/silvio-inclukiosco-335x188.jpg 335w, https:\/\/www.inforegion.com.ar\/wp-content\/uploads\/2023\/11\/silvio-inclukiosco-700x394.jpg 700w\" sizes=\"auto, (max-width: 992px) 100vw, 992px\" data-eio=\"l\"><\/noscript><\/figure>\n<p>Atender al cliente, manejar m\u00e1quinas registradoras, usar calculadoras para el vuelto, limpiar su lugar de trabajo, aprender a usar la cafetera son algunas de las tareas que deben desarrollar muchas veces con <strong>procedimientos adaptados a trav\u00e9s de estrategias pedag\u00f3gicas para garantizar que puedan cumplir los objetivos.<\/strong><\/p>\n<p>Tambi\u00e9n <strong>resuelven problemas como, por ejemplo, aprender a ir y venir solos<\/strong> de sus casas o encarar un imprevisto.<\/p>\n<p>Si bien no tienen un sueldo, <strong>reciben un incentivo econ\u00f3mico por las tareas realizadas<\/strong>.<\/p>\n<figure class=\"wp-block-image size-large is-style-default\"><img data-recalc-dims=\"1\" loading=\"lazy\" decoding=\"async\" width=\"640\" height=\"360\" src=\"https:\/\/i0.wp.com\/www.inforegion.com.ar\/wp-content\/uploads\/2023\/11\/Inclukiosco-1024x576.jpg?resize=640%2C360&#038;ssl=1\" alt class=\"wp-image-285736 lazyload\" data-sizes=\"auto\" data-eio-rwidth=\"1024\" data-eio-rheight=\"576\" srcset=\"https:\/\/www.inforegion.com.ar\/wp-content\/uploads\/2023\/11\/Inclukiosco-1024x576.jpg 1024w, https:\/\/www.inforegion.com.ar\/wp-content\/uploads\/2023\/11\/Inclukiosco-300x169.jpg 300w, https:\/\/www.inforegion.com.ar\/wp-content\/uploads\/2023\/11\/Inclukiosco-768x432.jpg 768w, https:\/\/www.inforegion.com.ar\/wp-content\/uploads\/2023\/11\/Inclukiosco-320x180.jpg 320w, https:\/\/www.inforegion.com.ar\/wp-content\/uploads\/2023\/11\/Inclukiosco-480x270.jpg 480w, https:\/\/www.inforegion.com.ar\/wp-content\/uploads\/2023\/11\/Inclukiosco-800x450.jpg 800w, https:\/\/www.inforegion.com.ar\/wp-content\/uploads\/2023\/11\/Inclukiosco-150x83.jpg 150w, https:\/\/www.inforegion.com.ar\/wp-content\/uploads\/2023\/11\/Inclukiosco-335x188.jpg 335w, https:\/\/www.inforegion.com.ar\/wp-content\/uploads\/2023\/11\/Inclukiosco-700x394.jpg 700w, https:\/\/www.inforegion.com.ar\/wp-content\/uploads\/2023\/11\/Inclukiosco-1080x608.jpg 1080w, https:\/\/www.inforegion.com.ar\/wp-content\/uploads\/2023\/11\/Inclukiosco.jpg 1200w\"><noscript><img data-recalc-dims=\"1\" loading=\"lazy\" decoding=\"async\" width=\"640\" height=\"360\" src=\"https:\/\/i0.wp.com\/www.inforegion.com.ar\/wp-content\/uploads\/2023\/11\/Inclukiosco-1024x576.jpg?resize=640%2C360&#038;ssl=1\" alt class=\"wp-image-285736\" srcset=\"https:\/\/www.inforegion.com.ar\/wp-content\/uploads\/2023\/11\/Inclukiosco-1024x576.jpg 1024w, https:\/\/www.inforegion.com.ar\/wp-content\/uploads\/2023\/11\/Inclukiosco-300x169.jpg 300w, https:\/\/www.inforegion.com.ar\/wp-content\/uploads\/2023\/11\/Inclukiosco-768x432.jpg 768w, https:\/\/www.inforegion.com.ar\/wp-content\/uploads\/2023\/11\/Inclukiosco-320x180.jpg 320w, https:\/\/www.inforegion.com.ar\/wp-content\/uploads\/2023\/11\/Inclukiosco-480x270.jpg 480w, https:\/\/www.inforegion.com.ar\/wp-content\/uploads\/2023\/11\/Inclukiosco-800x450.jpg 800w, https:\/\/www.inforegion.com.ar\/wp-content\/uploads\/2023\/11\/Inclukiosco-150x83.jpg 150w, https:\/\/www.inforegion.com.ar\/wp-content\/uploads\/2023\/11\/Inclukiosco-335x188.jpg 335w, https:\/\/www.inforegion.com.ar\/wp-content\/uploads\/2023\/11\/Inclukiosco-700x394.jpg 700w, https:\/\/www.inforegion.com.ar\/wp-content\/uploads\/2023\/11\/Inclukiosco-1080x608.jpg 1080w, https:\/\/www.inforegion.com.ar\/wp-content\/uploads\/2023\/11\/Inclukiosco.jpg 1200w\" sizes=\"auto, (max-width: 1024px) 100vw, 1024px\" data-eio=\"l\"><\/noscript><\/figure>\n<p>Una de las ideas que ya es proyecto es presentar a la Direcci\u00f3n de Cultura y Educaci\u00f3n de la Provincia de Buenos Aires una propuesta para que <strong>quienes se hayan capacitado trabajen en los kioscos de las escuelas. <\/strong><\/p>\n<p>La idea es que cuando lleguen a <strong>la edad jubilatoria, establecida en 20 a\u00f1os de aporte o 45 de edad<\/strong>, dejen el lugar libre para que sea ocupado por otra persona con discapacidad, para crear un ciclo cont\u00ednuo de capacitaci\u00f3n y funcionamiento.<\/p>\n","protected":false},"excerpt":{"rendered":"<p>Quienes visiten el palacio municipal de Lan\u00fas podr\u00e1n encontrar una nueva edificaci\u00f3n entre los jardines y dependencia comunales: el Inclukiosco, un kiosco atendido por personas con discapacidad, dise\u00f1ado como un espacio profesionalizante para los alumnos y graduados de escuelas especiales y del Centro de Formaci\u00f3n Integral (CFI) del distrito. El impulsor de esta iniciativa es [&hellip;]<\/p>\n","protected":false},"author":2,"featured_media":6023,"comment_status":"closed","ping_status":"closed","sticky":false,"template":"","format":"standard","meta":{"jetpack_post_was_ever_published":false,"_jetpack_newsletter_access":"","_jetpack_dont_email_post_to_subs":false,"_jetpack_newsletter_tier_id":0,"_jetpack_memberships_contains_paywalled_content":false,"_jetpack_memberships_contains_paid_content":false,"footnotes":"","jetpack_publicize_message":"","jetpack_publicize_feature_enabled":true,"jetpack_social_post_already_shared":true,"jetpack_social_options":{"image_generator_settings":{"template":"highway","enabled":false},"version":2}},"categories":[19],"tags":[773,774,1560,1561,1562,23,788],"class_list":["post-6022","post","type-post","status-publish","format-standard","has-post-thumbnail","hentry","category-municipio","tag-centrales","tag-destacadas","tag-discapacidad","tag-fundacion-argentina-para-personas-con-discapacidad-fappcodi","tag-inclukiosco","tag-lanus","tag-sociedad"],"jetpack_publicize_connections":[],"jetpack_featured_media_url":"https:\/\/i0.wp.com\/infolanus.com\/wp-content\/uploads\/2023\/11\/llego-a-lanus-el-inclukiosco-un-espacio-para-el-desarrollo-de-personas-con-discapacidad.jpg?fit=992%2C558&ssl=1","jetpack_sharing_enabled":true,"jetpack_shortlink":"https:\/\/wp.me\/p9QtMr-1z8","_links":{"self":[{"href":"https:\/\/infolanus.com\/index.php\/wp-json\/wp\/v2\/posts\/6022","targetHints":{"allow":["GET"]}}],"collection":[{"href":"https:\/\/infolanus.com\/index.php\/wp-json\/wp\/v2\/posts"}],"about":[{"href":"https:\/\/infolanus.com\/index.php\/wp-json\/wp\/v2\/types\/post"}],"author":[{"embeddable":true,"href":"https:\/\/infolanus.com\/index.php\/wp-json\/wp\/v2\/users\/2"}],"replies":[{"embeddable":true,"href":"https:\/\/infolanus.com\/index.php\/wp-json\/wp\/v2\/comments?post=6022"}],"version-history":[{"count":0,"href":"https:\/\/infolanus.com\/index.php\/wp-json\/wp\/v2\/posts\/6022\/revisions"}],"wp:featuredmedia":[{"embeddable":true,"href":"https:\/\/infolanus.com\/index.php\/wp-json\/wp\/v2\/media\/6023"}],"wp:attachment":[{"href":"https:\/\/infolanus.com\/index.php\/wp-json\/wp\/v2\/media?parent=6022"}],"wp:term":[{"taxonomy":"category","embeddable":true,"href":"https:\/\/infolanus.com\/index.php\/wp-json\/wp\/v2\/categories?post=6022"},{"taxonomy":"post_tag","embeddable":true,"href":"https:\/\/infolanus.com\/index.php\/wp-json\/wp\/v2\/tags?post=6022"}],"curies":[{"name":"wp","href":"https:\/\/api.w.org\/{rel}","templated":true}]}}