{"id":6075,"date":"2023-12-21T21:32:25","date_gmt":"2023-12-22T00:32:25","guid":{"rendered":"https:\/\/www.inforegion.com.ar\/?p=291750"},"modified":"2023-12-21T21:32:25","modified_gmt":"2023-12-22T00:32:25","slug":"fallecio-un-sacerdote-de-la-diocesis-avellaneda-lanus","status":"publish","type":"post","link":"https:\/\/infolanus.com\/index.php\/2023\/12\/21\/fallecio-un-sacerdote-de-la-diocesis-avellaneda-lanus\/","title":{"rendered":"Falleci\u00f3 un sacerdote de la di\u00f3cesis Avellaneda-Lan\u00fas"},"content":{"rendered":"<p>El presb\u00edtero <strong>Omar Vila, p\u00e1rroco de Santa Teresita en Dock Sud, partido de Avellaneda, muri\u00f3 a los 65 a\u00f1os <\/strong>en la ciudad de Buenos Aires, donde estaba hospitalizado, aquejado de una grave enfermedad.<\/p>\n<p>Los restos mortales del sacerdote fallecido ayer, fueron velados hoy desde las 11 en la sede parroquial de Ricardo Guti\u00e9rrez 1170, y a las 19 se celebr\u00f3 una <strong>misa de exequias presidida por el obispo de Avellaneda-Lan\u00fas, Marcelo Maxi Margni.<\/strong><\/p>\n<p>\u201cRezamos por el eterno descanso del padre Omar, que <strong>entreg\u00f3 su vida al anuncio del Evangelio, y por que el Padre le abra las puertas <\/strong>de su casa\u201d, escribi\u00f3 el presb\u00edtero Rub\u00e9n Oscar L\u00f3pez, vicario general de la di\u00f3cesis, al comunicar la noticia.<\/p>\n<p>En esa l\u00ednea, L\u00f3pez agreg\u00f3: \u201cSer\u00e1 siempre recordado por <strong>su dedicaci\u00f3n pastoral en las comunidades <\/strong>y los movimientos que anim\u00f3, su buen humor y su entusiasmo\u201d.<\/p>\n<figure class=\"wp-block-image size-full is-style-default\"><img data-recalc-dims=\"1\" loading=\"lazy\" decoding=\"async\" width=\"640\" height=\"427\" src=\"https:\/\/i0.wp.com\/www.inforegion.com.ar\/wp-content\/uploads\/2023\/12\/image-14.jpg?resize=640%2C427&#038;ssl=1\" alt class=\"wp-image-291752 lazyload\" data-sizes=\"auto\" data-eio-rwidth=\"960\" data-eio-rheight=\"640\" srcset=\"https:\/\/www.inforegion.com.ar\/wp-content\/uploads\/2023\/12\/image-14.jpg 960w, https:\/\/www.inforegion.com.ar\/wp-content\/uploads\/2023\/12\/image-14-300x200.jpg 300w, https:\/\/www.inforegion.com.ar\/wp-content\/uploads\/2023\/12\/image-14-768x512.jpg 768w, https:\/\/www.inforegion.com.ar\/wp-content\/uploads\/2023\/12\/image-14-320x213.jpg 320w, https:\/\/www.inforegion.com.ar\/wp-content\/uploads\/2023\/12\/image-14-480x320.jpg 480w, https:\/\/www.inforegion.com.ar\/wp-content\/uploads\/2023\/12\/image-14-800x533.jpg 800w, https:\/\/www.inforegion.com.ar\/wp-content\/uploads\/2023\/12\/image-14-335x223.jpg 335w\"><noscript><img data-recalc-dims=\"1\" loading=\"lazy\" decoding=\"async\" width=\"640\" height=\"427\" src=\"https:\/\/i0.wp.com\/www.inforegion.com.ar\/wp-content\/uploads\/2023\/12\/image-14.jpg?resize=640%2C427&#038;ssl=1\" alt class=\"wp-image-291752\" srcset=\"https:\/\/www.inforegion.com.ar\/wp-content\/uploads\/2023\/12\/image-14.jpg 960w, https:\/\/www.inforegion.com.ar\/wp-content\/uploads\/2023\/12\/image-14-300x200.jpg 300w, https:\/\/www.inforegion.com.ar\/wp-content\/uploads\/2023\/12\/image-14-768x512.jpg 768w, https:\/\/www.inforegion.com.ar\/wp-content\/uploads\/2023\/12\/image-14-320x213.jpg 320w, https:\/\/www.inforegion.com.ar\/wp-content\/uploads\/2023\/12\/image-14-480x320.jpg 480w, https:\/\/www.inforegion.com.ar\/wp-content\/uploads\/2023\/12\/image-14-800x533.jpg 800w, https:\/\/www.inforegion.com.ar\/wp-content\/uploads\/2023\/12\/image-14-335x223.jpg 335w\" sizes=\"auto, (max-width: 960px) 100vw, 960px\" data-eio=\"l\"><\/noscript><\/figure>\n<p>Omar Vila hab\u00eda nacido el 19 de julio de 1958, en Avellaneda, curs\u00f3 su formaci\u00f3n sacerdotal en el Seminario San Jos\u00e9, de La Plata y <strong>fue ordenado sacerdote en la di\u00f3cesis de Avellaneda-Lan\u00fas, el 23 de diciembre de 1990<\/strong>, por monse\u00f1or Rub\u00e9n Di Monte en catedral Nuestra Se\u00f1ora de la Asunci\u00f3n.<\/p>\n<p>Desde entonces <strong>ejerci\u00f3 su ministerio en comunidades, particularmente como vicario parroquial <\/strong>en San Jos\u00e9 de Villa Dominico; y, como p\u00e1rroco, en Santa Catalina de Siena, Dock Sud; San Antonio de Padua, Gerli; Nuestra Se\u00f1ora de las Mercedes, Wilde; y Santa Teresita del Ni\u00f1o Jes\u00fas en Dock Sud donde tambi\u00e9n fue representante legal del colegio hom\u00f3nimo.<\/p>\n<p>Al servicio de la Iglesia diocesana, se desempe\u00f1\u00f3 adem\u00e1s como <strong>asesor de los movimientos <\/strong>de Partida, Encuentro Matrimonial, Jornadas de Vida Cristiana, Scouts y Gu\u00edas; y fue asesor del Servicio Sacerdotal de Urgencia. <\/p>\n<p>Asimismo, fue <strong>miembro de los organismos diocesanos <\/strong>como decano, y miembro del Consejo Presbiteral y del Colegio de Consultores+<\/p>\n","protected":false},"excerpt":{"rendered":"<p>El presb\u00edtero Omar Vila, p\u00e1rroco de Santa Teresita en Dock Sud, partido de Avellaneda, muri\u00f3 a los 65 a\u00f1os en la ciudad de Buenos Aires, donde estaba hospitalizado, aquejado de una grave enfermedad. Los restos mortales del sacerdote fallecido ayer, fueron velados hoy desde las 11 en la sede parroquial de Ricardo Guti\u00e9rrez 1170, y [&hellip;]<\/p>\n","protected":false},"author":2,"featured_media":6076,"comment_status":"closed","ping_status":"closed","sticky":false,"template":"","format":"standard","meta":{"jetpack_post_was_ever_published":false,"_jetpack_newsletter_access":"","_jetpack_dont_email_post_to_subs":false,"_jetpack_newsletter_tier_id":0,"_jetpack_memberships_contains_paywalled_content":false,"_jetpack_memberships_contains_paid_content":false,"footnotes":"","jetpack_publicize_message":"","jetpack_publicize_feature_enabled":true,"jetpack_social_post_already_shared":true,"jetpack_social_options":{"image_generator_settings":{"template":"highway","enabled":false},"version":2}},"categories":[19],"tags":[801,773,774,1537,23,1568,1569,788],"class_list":["post-6075","post","type-post","status-publish","format-standard","has-post-thumbnail","hentry","category-municipio","tag-avellaneda","tag-centrales","tag-destacadas","tag-diocesis-avellaneda-lanus","tag-lanus","tag-omar-villa","tag-parroquia-santa-teresita","tag-sociedad"],"jetpack_publicize_connections":[],"jetpack_featured_media_url":"https:\/\/i0.wp.com\/infolanus.com\/wp-content\/uploads\/2023\/12\/fallecio-un-sacerdote-de-la-diocesis-avellaneda-lanus.jpg?fit=960%2C640&ssl=1","jetpack_sharing_enabled":true,"jetpack_shortlink":"https:\/\/wp.me\/p9QtMr-1zZ","_links":{"self":[{"href":"https:\/\/infolanus.com\/index.php\/wp-json\/wp\/v2\/posts\/6075","targetHints":{"allow":["GET"]}}],"collection":[{"href":"https:\/\/infolanus.com\/index.php\/wp-json\/wp\/v2\/posts"}],"about":[{"href":"https:\/\/infolanus.com\/index.php\/wp-json\/wp\/v2\/types\/post"}],"author":[{"embeddable":true,"href":"https:\/\/infolanus.com\/index.php\/wp-json\/wp\/v2\/users\/2"}],"replies":[{"embeddable":true,"href":"https:\/\/infolanus.com\/index.php\/wp-json\/wp\/v2\/comments?post=6075"}],"version-history":[{"count":0,"href":"https:\/\/infolanus.com\/index.php\/wp-json\/wp\/v2\/posts\/6075\/revisions"}],"wp:featuredmedia":[{"embeddable":true,"href":"https:\/\/infolanus.com\/index.php\/wp-json\/wp\/v2\/media\/6076"}],"wp:attachment":[{"href":"https:\/\/infolanus.com\/index.php\/wp-json\/wp\/v2\/media?parent=6075"}],"wp:term":[{"taxonomy":"category","embeddable":true,"href":"https:\/\/infolanus.com\/index.php\/wp-json\/wp\/v2\/categories?post=6075"},{"taxonomy":"post_tag","embeddable":true,"href":"https:\/\/infolanus.com\/index.php\/wp-json\/wp\/v2\/tags?post=6075"}],"curies":[{"name":"wp","href":"https:\/\/api.w.org\/{rel}","templated":true}]}}