{"id":6080,"date":"2023-12-22T14:22:51","date_gmt":"2023-12-22T17:22:51","guid":{"rendered":"http:\/\/infolanus.com\/?p=6080"},"modified":"2023-12-22T14:22:51","modified_gmt":"2023-12-22T17:22:51","slug":"feria-lanus-emprende-en-remedios-de-escalada","status":"publish","type":"post","link":"https:\/\/infolanus.com\/index.php\/2023\/12\/22\/feria-lanus-emprende-en-remedios-de-escalada\/","title":{"rendered":"Feria Lan\u00fas Emprende en Remedios de Escalada"},"content":{"rendered":"<p>Este jueves 21, viernes 22 y s\u00e1bado 23 de diciembre se realizar\u00e1 la Feria Lan\u00fas Emprende, en la Plaza Moreno de Remedios de Escalada, ubicada en Av. Hip\u00f3lito Yrigoyen al 6200. Podr\u00e1 visitarse de 16 a 22 hs, y contar\u00e1 con puestos gastron\u00f3micos y m\u00fasica en vivo para disfrutar y apoyar la producci\u00f3n local y promover el consumo interno.<\/p>\n<p>La actividad de Lan\u00fas Gobierno ser\u00e1 en el marco de las fiestas de fin de a\u00f1o, y contar\u00e1 con la participaci\u00f3n de m\u00e1s de 120 emprendedores lanusenses y Pap\u00e1 Noel para los m\u00e1s chicos, entre otras sorpresas m\u00e1s.<\/p>\n<p>\u00a1Te esperamos!<\/p>\n","protected":false},"excerpt":{"rendered":"<p>Este jueves 21, viernes 22 y s\u00e1bado 23 de diciembre se realizar\u00e1 la Feria Lan\u00fas Emprende, en la Plaza Moreno de Remedios de Escalada, ubicada en Av. Hip\u00f3lito Yrigoyen al 6200. Podr\u00e1 visitarse de 16 a 22 hs, y contar\u00e1 con puestos gastron\u00f3micos y m\u00fasica en vivo para disfrutar y apoyar la producci\u00f3n local y [&hellip;]<\/p>\n","protected":false},"author":2,"featured_media":6081,"comment_status":"open","ping_status":"open","sticky":false,"template":"","format":"standard","meta":{"jetpack_post_was_ever_published":false,"_jetpack_newsletter_access":"","_jetpack_dont_email_post_to_subs":false,"_jetpack_newsletter_tier_id":0,"_jetpack_memberships_contains_paywalled_content":false,"_jetpack_memberships_contains_paid_content":false,"footnotes":"","jetpack_publicize_message":"","jetpack_publicize_feature_enabled":true,"jetpack_social_post_already_shared":true,"jetpack_social_options":{"image_generator_settings":{"template":"highway","enabled":false},"version":2}},"categories":[19],"tags":[246,42],"class_list":["post-6080","post","type-post","status-publish","format-standard","has-post-thumbnail","hentry","category-municipio","tag-lanus-emprende","tag-remedios-de-escalada"],"jetpack_publicize_connections":[],"jetpack_featured_media_url":"https:\/\/i0.wp.com\/infolanus.com\/wp-content\/uploads\/2023\/12\/feriaemprendedores.jpg?fit=700%2C467&ssl=1","jetpack_sharing_enabled":true,"jetpack_shortlink":"https:\/\/wp.me\/p9QtMr-1A4","_links":{"self":[{"href":"https:\/\/infolanus.com\/index.php\/wp-json\/wp\/v2\/posts\/6080","targetHints":{"allow":["GET"]}}],"collection":[{"href":"https:\/\/infolanus.com\/index.php\/wp-json\/wp\/v2\/posts"}],"about":[{"href":"https:\/\/infolanus.com\/index.php\/wp-json\/wp\/v2\/types\/post"}],"author":[{"embeddable":true,"href":"https:\/\/infolanus.com\/index.php\/wp-json\/wp\/v2\/users\/2"}],"replies":[{"embeddable":true,"href":"https:\/\/infolanus.com\/index.php\/wp-json\/wp\/v2\/comments?post=6080"}],"version-history":[{"count":1,"href":"https:\/\/infolanus.com\/index.php\/wp-json\/wp\/v2\/posts\/6080\/revisions"}],"predecessor-version":[{"id":6082,"href":"https:\/\/infolanus.com\/index.php\/wp-json\/wp\/v2\/posts\/6080\/revisions\/6082"}],"wp:featuredmedia":[{"embeddable":true,"href":"https:\/\/infolanus.com\/index.php\/wp-json\/wp\/v2\/media\/6081"}],"wp:attachment":[{"href":"https:\/\/infolanus.com\/index.php\/wp-json\/wp\/v2\/media?parent=6080"}],"wp:term":[{"taxonomy":"category","embeddable":true,"href":"https:\/\/infolanus.com\/index.php\/wp-json\/wp\/v2\/categories?post=6080"},{"taxonomy":"post_tag","embeddable":true,"href":"https:\/\/infolanus.com\/index.php\/wp-json\/wp\/v2\/tags?post=6080"}],"curies":[{"name":"wp","href":"https:\/\/api.w.org\/{rel}","templated":true}]}}