{"id":6103,"date":"2023-12-24T08:46:08","date_gmt":"2023-12-24T11:46:08","guid":{"rendered":"https:\/\/www.ambito.com\/mundo\/tragedia-aerea-brasil-cinco-muertos-al-caer-una-avioneta-piloteada-un-empresario-n5906576"},"modified":"2023-12-24T08:46:08","modified_gmt":"2023-12-24T11:46:08","slug":"tragedia-aerea-en-brasil-cinco-muertos-al-caer-una-avioneta-piloteada-por-un-empresario","status":"publish","type":"post","link":"https:\/\/infolanus.com\/index.php\/2023\/12\/24\/tragedia-aerea-en-brasil-cinco-muertos-al-caer-una-avioneta-piloteada-por-un-empresario\/","title":{"rendered":"Tragedia a\u00e9rea en Brasil: cinco muertos al caer una avioneta piloteada por un empresario"},"content":{"rendered":"<div><img data-recalc-dims=\"1\" decoding=\"async\" src=\"https:\/\/i0.wp.com\/media.ambito.com\/p\/a42549ccfcec5425a71c05ddc5087f47\/adjuntos\/239\/imagenes\/041\/216\/0041216182\/avioneta-brasiljpg.jpg?w=640&#038;ssl=1\" class=\"ff-og-image-inserted\"><\/div>\n<div id>\n<p>Una <strong><a href=\"https:\/\/www.ambito.com\/informacion-general\/cayo-una-avioneta-cutral-co-murieron-dos-personas-n5900877\" target=\"_blank\" rel=\"follow\">avioneta<\/a><\/strong><strong> se estrell\u00f3 contra una plaza del estado de San Pablo,<a href=\"https:\/\/www.ambito.com\/mundo\/locura-brasil-una-mujer-se-enojo-los-medicos-una-guardia-e-intento-atropellarlos-su-auto-n5906297\" target=\"_blank\" rel=\"follow\"> Brasil, <\/a><\/strong> y como consecuencia <strong>murieron<\/strong> en el acto sus <strong>cinco ocupantes.<\/strong><\/p>\n<\/p><\/div>\n<div id>\n<p>Seg\u00fan las primeras informaciones, la nave era piloteada por un <strong>empresario, <\/strong>y por motivos que todav\u00eda son analizados, cay\u00f3 de lleno sobre la arboleda de una plaza ubicada en la localidad de<strong> Jabotical.<\/strong><\/p>\n<\/p><\/div>\n<div id>\n<h2>La fuerte tormenta podr\u00eda haber sido uno de los causales principales<\/h2>\n<p>Los causales del accidente podr\u00edan estar relacionados con la <strong>tormenta<\/strong> que se registraba en ese momento, la <strong>avioneta <\/strong>se precipit\u00f3 y cay\u00f3 sobre la <strong>arboleda de una plaza de Jaboticabal<\/strong>, una localidad ubicada a m\u00e1s de <strong>340 kil\u00f3metros de la ciudad brasile\u00f1a de San Pablo.<\/strong><\/p>\n<\/p><\/div>\n<div id>\n<div contenteditable=\"false\" class=\"embed_cont type_video\" id=\"7884673-1561269409_wrap\" readability=\"7\">\n<p>avioneta brasil video.mp4 <span onclick=\"parent.parent.TinyMCETdcuerpo.preview_embed('7884673-1561269409')\" class=\"embed_colapse less\" id=\"7884673-1561269409_colapse\"><\/span> <span onclick=\"parent.parent.TinyMCETdcuerpo.delete_embed('7884673-1561269409')\" class=\"embed_delete less\" id=\"7884673-1561269409_delete\"><\/span><\/p>\n<\/p><\/div>\n<p>Desde el <strong>Departamento de Bomberos<\/strong> consignaron a la cadena O Globo que luego del impacto por la ca\u00edda, se produjo una <strong>explosi\u00f3n y posterior incendio<\/strong>.<\/p>\n<\/div>\n<div id>\n<p>En tanto, los especialistas agregaron que cuando se acudi\u00f3 ante la emergencia, <strong>los cinco ocupantes de la m\u00e1quina ya hab\u00edan fallecido.<\/strong><\/p>\n<h2>Qui\u00e9n era el piloto de la aeronave<\/h2>\n<p>El piloto de la aeronave fue identificado como <strong>Delcides Menezes Tiago<\/strong>, un <strong>empresario<\/strong>, conocido en la regi\u00f3n, quien <strong>viajaba junto a su hija menor de edad y tres amigos, <\/strong>a los que hab\u00eda ido a buscar a la ciudad de <strong>Florian\u00f3polis<\/strong> para hacer un paseo.<\/p>\n<p>La aeronave siniestrada era un <strong>monomotor RV-10<\/strong>, con capacidad para cuatro pasajeros, fabricada en 2012 y pertenec\u00eda al empresario fallecido.<\/p>\n<\/div>\n","protected":false},"excerpt":{"rendered":"<p>Una avioneta se estrell\u00f3 contra una plaza del estado de San Pablo, Brasil, y como consecuencia murieron en el acto sus cinco ocupantes. Seg\u00fan las primeras informaciones, la nave era piloteada por un empresario, y por motivos que todav\u00eda son analizados, cay\u00f3 de lleno sobre la arboleda de una plaza ubicada en la localidad de [&hellip;]<\/p>\n","protected":false},"author":2,"featured_media":6104,"comment_status":"closed","ping_status":"closed","sticky":false,"template":"","format":"standard","meta":{"jetpack_post_was_ever_published":false,"_jetpack_newsletter_access":"","_jetpack_dont_email_post_to_subs":false,"_jetpack_newsletter_tier_id":0,"_jetpack_memberships_contains_paywalled_content":false,"_jetpack_memberships_contains_paid_content":false,"footnotes":"","jetpack_publicize_message":"","jetpack_publicize_feature_enabled":true,"jetpack_social_post_already_shared":true,"jetpack_social_options":{"image_generator_settings":{"template":"highway","enabled":false},"version":2}},"categories":[20],"tags":[],"class_list":["post-6103","post","type-post","status-publish","format-standard","has-post-thumbnail","hentry","category-mundo"],"jetpack_publicize_connections":[],"jetpack_featured_media_url":"https:\/\/i0.wp.com\/infolanus.com\/wp-content\/uploads\/2023\/12\/tragedia-aerea-en-brasil-cinco-muertos-al-caer-una-avioneta-piloteada-por-un-empresario.jpg?fit=1200%2C675&ssl=1","jetpack_sharing_enabled":true,"jetpack_shortlink":"https:\/\/wp.me\/p9QtMr-1Ar","_links":{"self":[{"href":"https:\/\/infolanus.com\/index.php\/wp-json\/wp\/v2\/posts\/6103","targetHints":{"allow":["GET"]}}],"collection":[{"href":"https:\/\/infolanus.com\/index.php\/wp-json\/wp\/v2\/posts"}],"about":[{"href":"https:\/\/infolanus.com\/index.php\/wp-json\/wp\/v2\/types\/post"}],"author":[{"embeddable":true,"href":"https:\/\/infolanus.com\/index.php\/wp-json\/wp\/v2\/users\/2"}],"replies":[{"embeddable":true,"href":"https:\/\/infolanus.com\/index.php\/wp-json\/wp\/v2\/comments?post=6103"}],"version-history":[{"count":0,"href":"https:\/\/infolanus.com\/index.php\/wp-json\/wp\/v2\/posts\/6103\/revisions"}],"wp:featuredmedia":[{"embeddable":true,"href":"https:\/\/infolanus.com\/index.php\/wp-json\/wp\/v2\/media\/6104"}],"wp:attachment":[{"href":"https:\/\/infolanus.com\/index.php\/wp-json\/wp\/v2\/media?parent=6103"}],"wp:term":[{"taxonomy":"category","embeddable":true,"href":"https:\/\/infolanus.com\/index.php\/wp-json\/wp\/v2\/categories?post=6103"},{"taxonomy":"post_tag","embeddable":true,"href":"https:\/\/infolanus.com\/index.php\/wp-json\/wp\/v2\/tags?post=6103"}],"curies":[{"name":"wp","href":"https:\/\/api.w.org\/{rel}","templated":true}]}}