{"id":6129,"date":"2023-12-28T00:00:00","date_gmt":"2023-12-28T03:00:00","guid":{"rendered":"https:\/\/www.ambito.com\/turquia-comparo-netanyahu-hitler-n5908919"},"modified":"2023-12-28T00:00:00","modified_gmt":"2023-12-28T03:00:00","slug":"turquia-comparo-a-netanyahu-con-hitler","status":"publish","type":"post","link":"https:\/\/infolanus.com\/index.php\/2023\/12\/28\/turquia-comparo-a-netanyahu-con-hitler\/","title":{"rendered":"Turqu\u00eda compar\u00f3 a Netanyahu con Hitler"},"content":{"rendered":"<div><img data-recalc-dims=\"1\" decoding=\"async\" src=\"https:\/\/i0.wp.com\/www.ambito.com\/css-custom\/239\/images\/ogimage-239.png?w=640&#038;ssl=1\" class=\"ff-og-image-inserted\"><\/div>\n<p>Estambul- El presidente turco, Recep Tayyip Erdogan, afirm\u00f3 ayer que no ve \u201cninguna diferencia\u201d entre Adolf Hitler y el primer ministro israel\u00ed Benjamin Netanyahu, que no tard\u00f3 en replicar, en una escalada verbal por la guerra en Gaza. \u201cNo hay ninguna diferencia entre Netanyahu e Hitler\u201d, declar\u00f3 Erdogan en una ceremonia oficial en Ankara. Netanyahu \u201ces m\u00e1s rico que Hitler\u201d y \u201cobtiene todo tipo de apoyo de los pa\u00edses occidentales y de Estados Unidos\u201d, agreg\u00f3. Erdogan aument\u00f3 las cr\u00edticas contra Israel por la devastaci\u00f3n causada en Gaza con la ofensiva ordenada por Netanyahu contra Ham\u00e1s en respuesta a la letal incursi\u00f3n de milicianos islamistas del 7 de octubre en el sur del pa\u00eds. Lleg\u00f3 a definir a Israel como un \u201cEstado terrorista\u201d, a Netanyahu como \u201cel carnicero de Gaza\u201d y al movimiento islamista Ham\u00e1s, en el poder en ese territorio palestino, como un \u201cgrupo de liberaci\u00f3n\u201d. La respuesta de Netanyahu no se hizo esperar. \u201cErdogan, que comete un genocidio contra los kurdos y ostenta el r\u00e9cord mundial de encarcelamientos de periodistas que se oponen a su r\u00e9gimen, es la \u00faltima persona que puede darnos lecciones de moral\u201d, afirm\u00f3 en un comunicado. <\/p>\n","protected":false},"excerpt":{"rendered":"<p>Estambul- El presidente turco, Recep Tayyip Erdogan, afirm\u00f3 ayer que no ve \u201cninguna diferencia\u201d entre Adolf Hitler y el primer ministro israel\u00ed Benjamin Netanyahu, que no tard\u00f3 en replicar, en una escalada verbal por la guerra en Gaza. \u201cNo hay ninguna diferencia entre Netanyahu e Hitler\u201d, declar\u00f3 Erdogan en una ceremonia oficial en Ankara. Netanyahu [&hellip;]<\/p>\n","protected":false},"author":2,"featured_media":6130,"comment_status":"closed","ping_status":"closed","sticky":false,"template":"","format":"standard","meta":{"jetpack_post_was_ever_published":false,"_jetpack_newsletter_access":"","_jetpack_dont_email_post_to_subs":false,"_jetpack_newsletter_tier_id":0,"_jetpack_memberships_contains_paywalled_content":false,"_jetpack_memberships_contains_paid_content":false,"footnotes":"","jetpack_publicize_message":"","jetpack_publicize_feature_enabled":true,"jetpack_social_post_already_shared":true,"jetpack_social_options":{"image_generator_settings":{"template":"highway","enabled":false},"version":2}},"categories":[20],"tags":[],"class_list":["post-6129","post","type-post","status-publish","format-standard","has-post-thumbnail","hentry","category-mundo"],"jetpack_publicize_connections":[],"jetpack_featured_media_url":"https:\/\/i0.wp.com\/infolanus.com\/wp-content\/uploads\/2023\/12\/turquia-comparo-a-netanyahu-con-hitler.png?fit=1200%2C1200&ssl=1","jetpack_sharing_enabled":true,"jetpack_shortlink":"https:\/\/wp.me\/p9QtMr-1AR","_links":{"self":[{"href":"https:\/\/infolanus.com\/index.php\/wp-json\/wp\/v2\/posts\/6129","targetHints":{"allow":["GET"]}}],"collection":[{"href":"https:\/\/infolanus.com\/index.php\/wp-json\/wp\/v2\/posts"}],"about":[{"href":"https:\/\/infolanus.com\/index.php\/wp-json\/wp\/v2\/types\/post"}],"author":[{"embeddable":true,"href":"https:\/\/infolanus.com\/index.php\/wp-json\/wp\/v2\/users\/2"}],"replies":[{"embeddable":true,"href":"https:\/\/infolanus.com\/index.php\/wp-json\/wp\/v2\/comments?post=6129"}],"version-history":[{"count":0,"href":"https:\/\/infolanus.com\/index.php\/wp-json\/wp\/v2\/posts\/6129\/revisions"}],"wp:featuredmedia":[{"embeddable":true,"href":"https:\/\/infolanus.com\/index.php\/wp-json\/wp\/v2\/media\/6130"}],"wp:attachment":[{"href":"https:\/\/infolanus.com\/index.php\/wp-json\/wp\/v2\/media?parent=6129"}],"wp:term":[{"taxonomy":"category","embeddable":true,"href":"https:\/\/infolanus.com\/index.php\/wp-json\/wp\/v2\/categories?post=6129"},{"taxonomy":"post_tag","embeddable":true,"href":"https:\/\/infolanus.com\/index.php\/wp-json\/wp\/v2\/tags?post=6129"}],"curies":[{"name":"wp","href":"https:\/\/api.w.org\/{rel}","templated":true}]}}