{"id":6135,"date":"2023-12-29T00:00:00","date_gmt":"2023-12-29T03:00:00","guid":{"rendered":"https:\/\/www.ambito.com\/inmigracion-eeuu-y-mexicoacuerdan-abrir-cruces-fronterizos-n5909831"},"modified":"2023-12-29T00:00:00","modified_gmt":"2023-12-29T03:00:00","slug":"inmigracion-ee-uu-y-mexicoacuerdan-abrir-cruces-fronterizos","status":"publish","type":"post","link":"https:\/\/infolanus.com\/index.php\/2023\/12\/29\/inmigracion-ee-uu-y-mexicoacuerdan-abrir-cruces-fronterizos\/","title":{"rendered":"Inmigraci\u00f3n: EE.UU. y M\u00e9xicoacuerdan abrir cruces fronterizos"},"content":{"rendered":"<div><img data-recalc-dims=\"1\" decoding=\"async\" src=\"https:\/\/i0.wp.com\/media.ambito.com\/p\/e54c6b68a4577c8f4a9f624edc34cf64\/adjuntos\/239\/imagenes\/041\/226\/0041226164\/1200x675\/smart\/inter-migration-usa-_optjpeg.jpeg?w=640&#038;ssl=1\" class=\"ff-og-image-inserted\"><\/div>\n<div id>\n<p>Ciudad de M\u00e9xico-Estados Unidos y M\u00e9xico acordaron mantener abiertos los pasos fronterizos, dijo el presidente de M\u00e9xico, Andr\u00e9s Manuel L\u00f3pez Obrador, luego de la visita de una misi\u00f3n liderada por el secretario de Estado estadounidense, Antony Blinken, que se centr\u00f3 en asegurar la ayuda de M\u00e9xico para frenar una oleada de migrantes.<\/p>\n<\/div>\n<div id>\n<p>A principios de mes, Estados Unidos cerr\u00f3 temporalmente varios cruces, incluidos dos puentes ferroviarios clave, para redistribuir recursos policiales en otros lugares a lo largo de la frontera en medio de un creciente n\u00famero de migrantes llegando a diversos puntos, un tema fundamental en las elecciones estadounidenses del pr\u00f3ximo a\u00f1o.<\/p>\n<\/div>\n<div id>\n<p>\u201cCada vez hay mas movimiento en la frontera, en los puentes, y por eso tenemos que estar atentos para que no se cierren los pasos\u201d, dijo el presidente Andr\u00e9s Manuel L\u00f3pez Obrador en su conferencia de prensa matutina.<\/p>\n<\/div>\n<div id>\n<p>\u201cSe lleg\u00f3 a ese acuerdo. Ya se est\u00e1n abriendo los pasos para el ferrocarril y los puentes fronterizos y normalizar as\u00ed la situaci\u00f3n\u201d, se\u00f1al\u00f3 el mandatario mexicano sobre los convenios alcanzados en la v\u00edspera.<\/p>\n<\/div>\n<div id>\n<p>El gobernante dijo que las reuniones del mi\u00e9rcoles con la delegaci\u00f3n estadounidense, que inclu\u00eda a Blinken y al secretario de Seguridad Nacional, Alejandro Mayorkas, fueron \u201cdirectas\u201d y elogi\u00f3 la relaci\u00f3n de la administraci\u00f3n Biden con M\u00e9xico.<\/p>\n<p>M\u00e1s tarde, en un comunicado conjunto, ambas naciones dijeron que en la reuni\u00f3n \u201cambos pa\u00edses reafirmaron sus compromisos existentes para fomentar una migraci\u00f3n ordenada, humana y regular\u201d, lo que incluye \u201cfortalecer nuestra colaboraci\u00f3n para abordar las causas ra\u00edz de la migraci\u00f3n, como la pobreza, la desigualdad y la violencia, as\u00ed como la iniciativa conjunta para cubanos, haitianos, nicarag\u00fcenses y venezolanos\u201d. Agregaron que las delegaciones discutieron los beneficios de regularizar la situaci\u00f3n de los migrantes hispanos que llevan varios a\u00f1os indocumentados y los beneficiarios de DACA -un acuerdo que brinda protecci\u00f3n contra la deportaci\u00f3n a quienes llegaron a Estados Unidos cuando a\u00fan eran menores de edad- y son una parte vital de la econom\u00eda y sociedad estadounidenses.<\/p>\n<p>Adem\u00e1s acordaron reunirse nuevamente en Washington en enero del 2024 para seguir gestionando los temas de migraci\u00f3n.<\/p>\n<p>A inicios de mes, L\u00f3pez Obrador dijo que ayudar\u00eda a Estados Unidos impulsando medidas para frenar la migraci\u00f3n, sin dar detalles. Ayer, afirm\u00f3 que las autoridades migratorias de ese pa\u00eds se vieron sobrepasadas por la llegada de hasta 12,000 migrantes cada d\u00eda en las \u00faltimas jornadas.<\/p>\n<p>Las conversaciones bilaterales se producen mientras cientos de migrantes y solicitantes de asilo, muchos de ellos con ni\u00f1os peque\u00f1os, caminan lentamente por el sur de M\u00e9xico. Es poco probable que la caravana, que algunos medios y activistas cifran en alrededor de 7.000 personas y L\u00f3pez Obrador s\u00f3lo en unas 1.500, llegue a la frontera con Estados Unidos.<\/p>\n<p>Agencia Reuters <\/p><\/div>\n","protected":false},"excerpt":{"rendered":"<p>Ciudad de M\u00e9xico-Estados Unidos y M\u00e9xico acordaron mantener abiertos los pasos fronterizos, dijo el presidente de M\u00e9xico, Andr\u00e9s Manuel L\u00f3pez Obrador, luego de la visita de una misi\u00f3n liderada por el secretario de Estado estadounidense, Antony Blinken, que se centr\u00f3 en asegurar la ayuda de M\u00e9xico para frenar una oleada de migrantes. A principios de [&hellip;]<\/p>\n","protected":false},"author":2,"featured_media":6136,"comment_status":"closed","ping_status":"closed","sticky":false,"template":"","format":"standard","meta":{"jetpack_post_was_ever_published":false,"_jetpack_newsletter_access":"","_jetpack_dont_email_post_to_subs":false,"_jetpack_newsletter_tier_id":0,"_jetpack_memberships_contains_paywalled_content":false,"_jetpack_memberships_contains_paid_content":false,"footnotes":"","jetpack_publicize_message":"","jetpack_publicize_feature_enabled":true,"jetpack_social_post_already_shared":true,"jetpack_social_options":{"image_generator_settings":{"template":"highway","enabled":false},"version":2}},"categories":[20],"tags":[],"class_list":["post-6135","post","type-post","status-publish","format-standard","has-post-thumbnail","hentry","category-mundo"],"jetpack_publicize_connections":[],"jetpack_featured_media_url":"https:\/\/i0.wp.com\/infolanus.com\/wp-content\/uploads\/2023\/12\/inmigracion-ee-uu-y-mexicoacuerdan-abrir-cruces-fronterizos.jpg?fit=1200%2C675&ssl=1","jetpack_sharing_enabled":true,"jetpack_shortlink":"https:\/\/wp.me\/p9QtMr-1AX","_links":{"self":[{"href":"https:\/\/infolanus.com\/index.php\/wp-json\/wp\/v2\/posts\/6135","targetHints":{"allow":["GET"]}}],"collection":[{"href":"https:\/\/infolanus.com\/index.php\/wp-json\/wp\/v2\/posts"}],"about":[{"href":"https:\/\/infolanus.com\/index.php\/wp-json\/wp\/v2\/types\/post"}],"author":[{"embeddable":true,"href":"https:\/\/infolanus.com\/index.php\/wp-json\/wp\/v2\/users\/2"}],"replies":[{"embeddable":true,"href":"https:\/\/infolanus.com\/index.php\/wp-json\/wp\/v2\/comments?post=6135"}],"version-history":[{"count":0,"href":"https:\/\/infolanus.com\/index.php\/wp-json\/wp\/v2\/posts\/6135\/revisions"}],"wp:featuredmedia":[{"embeddable":true,"href":"https:\/\/infolanus.com\/index.php\/wp-json\/wp\/v2\/media\/6136"}],"wp:attachment":[{"href":"https:\/\/infolanus.com\/index.php\/wp-json\/wp\/v2\/media?parent=6135"}],"wp:term":[{"taxonomy":"category","embeddable":true,"href":"https:\/\/infolanus.com\/index.php\/wp-json\/wp\/v2\/categories?post=6135"},{"taxonomy":"post_tag","embeddable":true,"href":"https:\/\/infolanus.com\/index.php\/wp-json\/wp\/v2\/tags?post=6135"}],"curies":[{"name":"wp","href":"https:\/\/api.w.org\/{rel}","templated":true}]}}