{"id":6181,"date":"2024-01-04T15:53:16","date_gmt":"2024-01-04T18:53:16","guid":{"rendered":"https:\/\/www.inforegion.com.ar\/?p=293195"},"modified":"2024-01-04T15:53:16","modified_gmt":"2024-01-04T18:53:16","slug":"el-sindicalismo-kirchnerista-lanzo-una-multisectorial-en-lanus","status":"publish","type":"post","link":"https:\/\/infolanus.com\/index.php\/2024\/01\/04\/el-sindicalismo-kirchnerista-lanzo-una-multisectorial-en-lanus\/","title":{"rendered":"El sindicalismo kirchnerista lanz\u00f3 una multisectorial en Lan\u00fas"},"content":{"rendered":"<div><img data-recalc-dims=\"1\" decoding=\"async\" src=\"https:\/\/i0.wp.com\/www.inforegion.com.ar\/wp-content\/uploads\/2024\/01\/Multisectorial-LAnusc.jpg?w=640&#038;ssl=1\" class=\"ff-og-image-inserted\"><\/div>\n<p>En el marco de la estrategia del kirchnerismo de impulsar multisectoriales para hegemonizar y controlar la oposici\u00f3n a las medidas lanzadas por el gobierno de Javier Milei, <strong>presentaron la Multisectorial Lan\u00fas donde se nuclean sindicatos estatales, docentes y movimientos sociales.<\/strong><\/p>\n<p>La Multisectorial lanusense<strong> surgi\u00f3 tras el encuentro del 29 de diciembre en el parque de la Estaci\u00f3n de Avellaneda <\/strong>una iniciativa liderada por las dos fracciones de la Central de los Trabajadores Argentinos (CTA) y la Uni\u00f3n de Trabajadores de la Econom\u00eda Popular (UTEP) a los que se sumaron intendentes y legisladores referenciados en el Gobernador de la Provincia de Buenos Aires, Axel Kicilloff. <\/p>\n<figure class=\"wp-block-embed is-type-rich is-provider-twitter wp-block-embed-twitter\"><\/figure>\n<p>En el lanzamiento de Lan\u00fas hubo representantes de la CTA Aut\u00f3noma, la CTA de los Trabajadorxs, de la CGT, UTEP, entre otras organizaciones sociales y pol\u00edticas.<strong> Adem\u00e1s, estuvieron el titular de SUTEBA, Roberto Baradel; el de ATE bonaerense, Claudio Ar\u00e9valo; y el jefe de la CTA Aut\u00f3noma provincial, Oscar De Isasi.<\/strong><\/p>\n<p>Tras el encuentro, <strong>ratificaron \u201cconstruir\u201d el paro nacional del 24 de enero convocado por la CGT para rechazar el DNU y la Ley \u00d3mnibus,<\/strong> impulsados por Javier Milei; articular acciones con las centrales obreras y los movimientos sociales; y dar mandato a la mesa de la Multisectoria para adoptar medidas en el plan de lucha.<\/p>\n","protected":false},"excerpt":{"rendered":"<p>En el marco de la estrategia del kirchnerismo de impulsar multisectoriales para hegemonizar y controlar la oposici\u00f3n a las medidas lanzadas por el gobierno de Javier Milei, presentaron la Multisectorial Lan\u00fas donde se nuclean sindicatos estatales, docentes y movimientos sociales. La Multisectorial lanusense surgi\u00f3 tras el encuentro del 29 de diciembre en el parque de [&hellip;]<\/p>\n","protected":false},"author":2,"featured_media":6182,"comment_status":"closed","ping_status":"closed","sticky":false,"template":"","format":"standard","meta":{"jetpack_post_was_ever_published":false,"_jetpack_newsletter_access":"","_jetpack_dont_email_post_to_subs":false,"_jetpack_newsletter_tier_id":0,"_jetpack_memberships_contains_paywalled_content":false,"_jetpack_memberships_contains_paid_content":false,"footnotes":"","jetpack_publicize_message":"","jetpack_publicize_feature_enabled":true,"jetpack_social_post_already_shared":true,"jetpack_social_options":{"image_generator_settings":{"template":"highway","enabled":false},"version":2}},"categories":[19],"tags":[773,774,1576,881,23,1582,1583],"class_list":["post-6181","post","type-post","status-publish","format-standard","has-post-thumbnail","hentry","category-municipio","tag-centrales","tag-destacadas","tag-dnu","tag-gremiales","tag-lanus","tag-multisectorial","tag-plan-de-lucha"],"jetpack_publicize_connections":[],"jetpack_featured_media_url":"https:\/\/i0.wp.com\/infolanus.com\/wp-content\/uploads\/2024\/01\/el-sindicalismo-kirchnerista-lanzo-una-multisectorial-en-lanus.jpg?fit=880%2C495&ssl=1","jetpack_sharing_enabled":true,"jetpack_shortlink":"https:\/\/wp.me\/p9QtMr-1BH","_links":{"self":[{"href":"https:\/\/infolanus.com\/index.php\/wp-json\/wp\/v2\/posts\/6181","targetHints":{"allow":["GET"]}}],"collection":[{"href":"https:\/\/infolanus.com\/index.php\/wp-json\/wp\/v2\/posts"}],"about":[{"href":"https:\/\/infolanus.com\/index.php\/wp-json\/wp\/v2\/types\/post"}],"author":[{"embeddable":true,"href":"https:\/\/infolanus.com\/index.php\/wp-json\/wp\/v2\/users\/2"}],"replies":[{"embeddable":true,"href":"https:\/\/infolanus.com\/index.php\/wp-json\/wp\/v2\/comments?post=6181"}],"version-history":[{"count":0,"href":"https:\/\/infolanus.com\/index.php\/wp-json\/wp\/v2\/posts\/6181\/revisions"}],"wp:featuredmedia":[{"embeddable":true,"href":"https:\/\/infolanus.com\/index.php\/wp-json\/wp\/v2\/media\/6182"}],"wp:attachment":[{"href":"https:\/\/infolanus.com\/index.php\/wp-json\/wp\/v2\/media?parent=6181"}],"wp:term":[{"taxonomy":"category","embeddable":true,"href":"https:\/\/infolanus.com\/index.php\/wp-json\/wp\/v2\/categories?post=6181"},{"taxonomy":"post_tag","embeddable":true,"href":"https:\/\/infolanus.com\/index.php\/wp-json\/wp\/v2\/tags?post=6181"}],"curies":[{"name":"wp","href":"https:\/\/api.w.org\/{rel}","templated":true}]}}